{"id":211,"date":"2024-05-15T00:00:00","date_gmt":"2024-05-15T07:00:00","guid":{"rendered":"https:\/\/elreporterodelacomunidad.com\/index.php\/2024\/05\/15\/hallan-cuerpo-sin-vida-cerca-del-estadio-fernando-valenzuela-tenia-signos-de-violencia\/"},"modified":"2024-05-18T21:52:06","modified_gmt":"2024-05-19T04:52:06","slug":"hallan-cuerpo-sin-vida-cerca-del-estadio-fernando-valenzuela-tenia-signos-de-violencia","status":"publish","type":"post","link":"https:\/\/elreporterodelacomunidad.com\/index.php\/2024\/05\/15\/hallan-cuerpo-sin-vida-cerca-del-estadio-fernando-valenzuela-tenia-signos-de-violencia\/","title":{"rendered":"Hallan cuerpo sin vida cerca del estadio Fernando Valenzuela; ten\u00eda signos de violencia"},"content":{"rendered":"<p class=\"MsoNormal\">Una persona fue localizada sin vida en las inmediaciones del estadio Fernando Valenzuela, por la colonia Basalto, ubicada al poniente de Hermosillo, el cual presentaba evidentes signos de violencia, por lo que al sitio llegaron autoridades de Seguridad P\u00fablica.<\/p>\n<p class=\"MsoNormal\">\n<p class=\"MsoNormal\">Alrededor de las 10:00 horas del pasado martes 14 de mayo, elementos de la Polic\u00eda Municipal atendieron el reporte de una persona sin signos vitales en las cercan\u00edas del recinto deportivo, por lo que se trasladaron al lugar.<\/p>\n<p class=\"MsoNormal\">Ya en el sitio, los oficiales observaron que se encontraba un cuerpo en estado de descomposici\u00f3n, concordando con la vestimenta descrita en el reporte ciudadano realizado a trav\u00e9s del n\u00famero de emergencias (9-1-1).<\/p>\n<p class=\"MsoNormal\">De acuerdo con el reporte, a simple vista se apreciaba que el sujeto estaba atado de manos y con cinta adhesiva en los ojos, por lo que dieron a viso a Servicios Periciales y Medicina Legal, para que realizaran las respectivas diligencias.<\/p>\n<p class=\"MsoNormal\">Fue alrededor de las 10:44 horas cuando arrib\u00f3 personal de la Fiscal\u00eda General de Justicia del Estado (FGJE) de Sonora, en un predio bald\u00edo localizado al poniente del estadio Fernando Valenzuela, localizando a un masculino en estado de descomposici\u00f3n y con inficiones de violencia.<\/p>\n<p class=\"MsoNormal\">El hombre, de aproximadamente 40 a\u00f1os, vest\u00eda tenis de color blanco con negro, pantal\u00f3n de mezclilla, ropa interior color azul y camiseta blanca.<\/p>\n<p class=\"MsoNormal\">Hasta el momento, se desconoce la identidad del sujeto. Por tal motivo, tras realizar el levantamiento del cuerpo se procedi\u00f3 a trasladarlo a las instalaciones del Laboratorio de Inteligencia Cient\u00edfica Forense (CIF) para determinar causa de muerte y realizarle comparativas de gen\u00e9tica para obtener su identidad.<\/p>\n","protected":false},"excerpt":{"rendered":"<p>Alrededor de las 10:00 horas del pasado martes 14 de mayo, elementos de la Polic\u00eda Municipal atendieron el reporte de una persona sin signos vitales.<\/p>\n","protected":false},"author":1,"featured_media":545,"comment_status":"open","ping_status":"open","sticky":false,"template":"","format":"standard","meta":{"footnotes":""},"categories":[32],"tags":[],"class_list":["post-211","post","type-post","status-publish","format-standard","has-post-thumbnail","hentry","category-policiaca"],"_links":{"self":[{"href":"https:\/\/elreporterodelacomunidad.com\/index.php\/wp-json\/wp\/v2\/posts\/211","targetHints":{"allow":["GET"]}}],"collection":[{"href":"https:\/\/elreporterodelacomunidad.com\/index.php\/wp-json\/wp\/v2\/posts"}],"about":[{"href":"https:\/\/elreporterodelacomunidad.com\/index.php\/wp-json\/wp\/v2\/types\/post"}],"author":[{"embeddable":true,"href":"https:\/\/elreporterodelacomunidad.com\/index.php\/wp-json\/wp\/v2\/users\/1"}],"replies":[{"embeddable":true,"href":"https:\/\/elreporterodelacomunidad.com\/index.php\/wp-json\/wp\/v2\/comments?post=211"}],"version-history":[{"count":1,"href":"https:\/\/elreporterodelacomunidad.com\/index.php\/wp-json\/wp\/v2\/posts\/211\/revisions"}],"predecessor-version":[{"id":544,"href":"https:\/\/elreporterodelacomunidad.com\/index.php\/wp-json\/wp\/v2\/posts\/211\/revisions\/544"}],"wp:featuredmedia":[{"embeddable":true,"href":"https:\/\/elreporterodelacomunidad.com\/index.php\/wp-json\/wp\/v2\/media\/545"}],"wp:attachment":[{"href":"https:\/\/elreporterodelacomunidad.com\/index.php\/wp-json\/wp\/v2\/media?parent=211"}],"wp:term":[{"taxonomy":"category","embeddable":true,"href":"https:\/\/elreporterodelacomunidad.com\/index.php\/wp-json\/wp\/v2\/categories?post=211"},{"taxonomy":"post_tag","embeddable":true,"href":"https:\/\/elreporterodelacomunidad.com\/index.php\/wp-json\/wp\/v2\/tags?post=211"}],"curies":[{"name":"wp","href":"https:\/\/api.w.org\/{rel}","templated":true}]}}