{"id":21083,"date":"2025-07-22T11:03:44","date_gmt":"2025-07-22T18:03:44","guid":{"rendered":"https:\/\/elreporterodelacomunidad.com\/?p=21083"},"modified":"2025-07-22T13:17:01","modified_gmt":"2025-07-22T20:17:01","slug":"columna-nada-personal-promotores-creces-en-deporte-y-jugando-seguro-en-la-h-hermosillo-juega-trabaja-con-sentido-social","status":"publish","type":"post","link":"https:\/\/elreporterodelacomunidad.com\/index.php\/2025\/07\/22\/columna-nada-personal-promotores-creces-en-deporte-y-jugando-seguro-en-la-h-hermosillo-juega-trabaja-con-sentido-social\/","title":{"rendered":"Columna: Nada Personal. \u201cPromotores CRECES en Deporte\u201d y \u201cJugando Seguro en la H\u201d; Hermosillo juega trabaja con sentido social."},"content":{"rendered":"\n<p><strong>Columna: Nada Personal.<\/strong><\/p>\n\n\n\n<p><strong>Autor: Carlos Alberto Guti\u00e9rrez Celaya.<\/strong><\/p>\n\n\n\n<p>El deporte como herramienta de transformaci\u00f3n social ya no es solo un ideal. En Hermosillo, comienza a consolidarse como una pol\u00edtica p\u00fablica s\u00f3lida y con visi\u00f3n de futuro. As\u00ed lo demuestra el arranque de los programas \u201cPromotores CRECES en Deporte\u201d y \u201cJugando Seguro en la H\u201d, impulsados por el presidente municipal <strong>Antonio \u201cTo\u00f1o\u201d Astiazar\u00e1n,<\/strong> cuyo objetivo es claro: activar espacios deportivos, fortalecer la cultura f\u00edsica y, sobre todo, proteger a quienes hacen del deporte una forma de vida.<\/p>\n\n\n\n<p>Ambas iniciativas llegan en un momento crucial, donde el rescate del tejido social encuentra en el deporte un aliado natural. \u201cJugando Seguro en la H\u201d ofrecer\u00e1 un seguro contra accidentes sin costo a m\u00e1s de 2,500 ni\u00f1as, ni\u00f1os y j\u00f3venes, cubriendo desde entrenamientos informales, hasta competencias oficiales, incluso fuera de Hermosillo. Esta cobertura integral representa un paso adelante en la protecci\u00f3n de la infancia y juventud deportista, d\u00e1ndoles tranquilidad a las familias y fomentando la participaci\u00f3n sin temores.<\/p>\n\n\n\n<p>Complementando esta estrategia, el programa CRECES en Deporte desplegar\u00e1 a 60 promotores comunitarios en 138 sitios prioritarios y otras \u00e1reas del municipio. No se trata solo de tener canchas en buen estado, sino de contar con l\u00edderes comprometidos que activen esos espacios. Con una cobertura que impactar\u00e1 a m\u00e1s de 647 mil personas en 170 colonias, esta red de promotores estar\u00e1 organizada en cinco zonas \u2014cuatro urbanas y una rural\u2014 para asegurar que el impulso deportivo llegue a todos los rincones de Hermosillo.<\/p>\n\n\n\n<p>Entrenadores, ligas deportivas, servidores p\u00fablicos y comunidad en general, coincidien en la importancia de una ciudad m\u00e1s activa. Ah\u00ed, el alcalde \u201cTo\u00f1o\u201d Astiazar\u00e1n es claro: este esfuerzo es tambi\u00e9n un acto de justicia para quienes han apostado por el deporte como forma de vida, brind\u00e1ndoles apoyos econ\u00f3micos, becas, atenci\u00f3n m\u00e9dica y ahora tambi\u00e9n respaldo institucional.<\/p>\n\n\n\n<p>Detr\u00e1s de estas acciones est\u00e1 el reconocimiento de que el deporte no solo forma atletas, sino tambi\u00e9n ciudadanos. As\u00ed lo expres\u00f3 Juan Pedro Toledo, coordinador del programa, ex seleccionado nacional de atletismo para los Juegos Ol\u00edmpicos de Sidney, Australia (2000) y Atenas, Grecia (2004), as\u00ed como ex supervisi\u00f3n de entrenadores y atletas en M\u00e9xico y el extranjero y ex jefe de misi\u00f3n de la delegaci\u00f3n mexicana de la Comisi\u00f3n Nacional de Cultura F\u00edsica y Deporte (CONADE), al afirmar que cada cancha puede ser un semillero de valores, cohesi\u00f3n y oportunidades. En tiempos donde las pantallas y la violencia ocupan demasiados espacios en la vida de nuestros j\u00f3venes, abrirles la puerta a un bal\u00f3n, una bicicleta o una carrera es tambi\u00e9n abrirles la puerta al futuro.<\/p>\n\n\n\n<p>La reactivaci\u00f3n de 400 espacios deportivos, junto con esta estrategia de promoci\u00f3n activa y protecci\u00f3n, coloca a Hermosillo como ejemplo nacional de c\u00f3mo el deporte puede ser pol\u00edtica p\u00fablica eficaz. Porque jugar seguro no es solo evitar lesiones; es tambi\u00e9n construir comunidades m\u00e1s fuertes, solidarias y sanas.<\/p>\n\n\n\n<p class=\"has-text-align-center\"><img loading=\"lazy\" decoding=\"async\" width=\"500\" height=\"334\" class=\"wp-image-21085\" style=\"width: 500px;\" src=\"https:\/\/elreporterodelacomunidad.com\/wp-content\/uploads\/2025\/07\/thumbnail_Inicia-Tono-Astiazaran-los-programas-Promotores-CRECES-en-Deporte-y-Jugando-Seguro-en-la-H-2.jpg\" alt=\"\" srcset=\"https:\/\/elreporterodelacomunidad.com\/wp-content\/uploads\/2025\/07\/thumbnail_Inicia-Tono-Astiazaran-los-programas-Promotores-CRECES-en-Deporte-y-Jugando-Seguro-en-la-H-2.jpg 1920w, https:\/\/elreporterodelacomunidad.com\/wp-content\/uploads\/2025\/07\/thumbnail_Inicia-Tono-Astiazaran-los-programas-Promotores-CRECES-en-Deporte-y-Jugando-Seguro-en-la-H-2-300x200.jpg 300w, https:\/\/elreporterodelacomunidad.com\/wp-content\/uploads\/2025\/07\/thumbnail_Inicia-Tono-Astiazaran-los-programas-Promotores-CRECES-en-Deporte-y-Jugando-Seguro-en-la-H-2-1024x683.jpg 1024w, https:\/\/elreporterodelacomunidad.com\/wp-content\/uploads\/2025\/07\/thumbnail_Inicia-Tono-Astiazaran-los-programas-Promotores-CRECES-en-Deporte-y-Jugando-Seguro-en-la-H-2-768x512.jpg 768w, https:\/\/elreporterodelacomunidad.com\/wp-content\/uploads\/2025\/07\/thumbnail_Inicia-Tono-Astiazaran-los-programas-Promotores-CRECES-en-Deporte-y-Jugando-Seguro-en-la-H-2-1536x1025.jpg 1536w, https:\/\/elreporterodelacomunidad.com\/wp-content\/uploads\/2025\/07\/thumbnail_Inicia-Tono-Astiazaran-los-programas-Promotores-CRECES-en-Deporte-y-Jugando-Seguro-en-la-H-2-750x500.jpg 750w, https:\/\/elreporterodelacomunidad.com\/wp-content\/uploads\/2025\/07\/thumbnail_Inicia-Tono-Astiazaran-los-programas-Promotores-CRECES-en-Deporte-y-Jugando-Seguro-en-la-H-2-1140x761.jpg 1140w\" sizes=\"auto, (max-width: 500px) 100vw, 500px\" \/><\/p>\n\n\n\n<p class=\"has-text-align-center\"><strong>Cuando el deporte y la pol\u00edtica se funden en la historia; Caborca entroniza a sus inmortales.<\/strong><\/p>\n\n\n\n<p>En una noche cargada de simbolismo, nostalgia y orgullo comunitario, el municipio de Caborca escribi\u00f3 una p\u00e1gina in\u00e9dita en su historia: la inauguraci\u00f3n oficial del Sal\u00f3n de la Fama del Deportista Caborquense, con su primera generaci\u00f3n de inmortales clase 2025.<\/p>\n\n\n\n<p>El auditorio c\u00edvico municipal &#8220;Jos\u00e9 de Jes\u00fas Palacios Lare&#8221; dej\u00f3 de ser por unas horas un recinto de actos formales para transformarse en un templo del reconocimiento social. Las luces, la producci\u00f3n pulida y el detalle en cada intervenci\u00f3n anunciaban algo m\u00e1s que una ceremonia: se trataba de una consagraci\u00f3n c\u00edvica del deporte como parte de la identidad de un pueblo.<\/p>\n\n\n\n<p>Deporte, legado y gobierno<\/p>\n\n\n\n<p>Entre los nombres entronizados destacan figuras que han forjado historia en distintas disciplinas: Fidencio Hern\u00e1ndez Arredondo (\u2020) en f\u00fatbol; Enrique Garc\u00eda Sari\u00f1ana en atletismo; Ram\u00f3n Alberto Reynoso G\u00f3mez en b\u00e9isbol; Rom\u00e1n Eloy Zepeda Garc\u00eda en softbol y b\u00e9isbol; Jos\u00e9 de Jes\u00fas Mu\u00f1oz Espinoza como promotor deportivo; Antonio Ortega Orozco, cronista del deporte; y, en un hecho sin precedentes, el propio presidente municipal, Abraham David Mier Nogales, en la disciplina de b\u00e1squetbol.<\/p>\n\n\n\n<p>El hecho de que un alcalde en funciones sea entronizado en el sal\u00f3n de la fama del municipio que gobierna no es menor. No solo se reconoce su trayectoria deportiva, sino que tambi\u00e9n se manda un mensaje pol\u00edtico profundo: el deporte como eje de transformaci\u00f3n social y de identidad comunitaria, y un alcalde que, m\u00e1s all\u00e1 del cargo, ha sido parte activa de ese mismo entramado.<\/p>\n\n\n\n<p class=\"has-text-align-center\"><img loading=\"lazy\" decoding=\"async\" width=\"500\" height=\"250\" class=\"wp-image-21087\" style=\"width: 500px;\" src=\"https:\/\/elreporterodelacomunidad.com\/wp-content\/uploads\/2025\/07\/8912fd60-c78f-4e42-abbd-384381eecd25-750x375-1.jpg\" alt=\"\" srcset=\"https:\/\/elreporterodelacomunidad.com\/wp-content\/uploads\/2025\/07\/8912fd60-c78f-4e42-abbd-384381eecd25-750x375-1.jpg 750w, https:\/\/elreporterodelacomunidad.com\/wp-content\/uploads\/2025\/07\/8912fd60-c78f-4e42-abbd-384381eecd25-750x375-1-300x150.jpg 300w, https:\/\/elreporterodelacomunidad.com\/wp-content\/uploads\/2025\/07\/8912fd60-c78f-4e42-abbd-384381eecd25-750x375-1-360x180.jpg 360w\" sizes=\"auto, (max-width: 500px) 100vw, 500px\" \/><\/p>\n\n\n\n<p>&#8220;El deporte me ha dado todo&#8221;, expres\u00f3 Mier Nogales, con palabras que resonaron tanto en el \u00e1mbito deportivo como en el pol\u00edtico. &#8220;Los valores de una vida sana y el trabajo en equipo se traducen en el ejercicio profesional de nuestras labores&#8221;, dijo ante una audiencia que lo celebr\u00f3 no solo como autoridad, sino como parte del pueblo.<\/p>\n\n\n\n<p>El alma del deporte vive en el pueblo<\/p>\n\n\n\n<p>El cronista Antonio Ortega Orozco sintetiz\u00f3 con una frase sencilla y poderosa lo que muchos sent\u00edan esa noche: <em>\u201cSe siente muy bonito\u201d<\/em>. Y es que no hay artificio en la emoci\u00f3n genuina. Cada nuevo miembro del Sal\u00f3n fue celebrado por su gente: por amigos, vecinos, antiguos alumnos y colegas. Las porras, los aplausos y hasta las l\u00e1grimas daban cuenta de que el reconocimiento era aut\u00e9ntico y merecido.<\/p>\n\n\n\n<p>La pol\u00edtica del reconocimiento<\/p>\n\n\n\n<p>Rom\u00e1n Garibay, exseleccionado nacional en heptatl\u00f3n y actual director del Instituto del Deporte de Caborca, fungi\u00f3 como maestro de ceremonias y orador de fondo. Sus palabras no fueron \u00fanicamente de protocolo: subrayaron c\u00f3mo el deporte tambi\u00e9n construye ciudadan\u00eda, cohesiona sociedades y forja liderazgos que trascienden las canchas.<\/p>\n\n\n\n<p>El evento cerr\u00f3 con el corte de list\u00f3n del recinto donde vivir\u00e1 f\u00edsicamente el Sal\u00f3n de la Fama, ubicado en el gimnasio multifuncional junto al auditorio. Pero m\u00e1s all\u00e1 del inmueble, el verdadero recinto ya est\u00e1 vivo en la memoria colectiva de Caborca, donde pol\u00edtica, deporte y sociedad caminaron juntos por una noche hacia la posteridad.<\/p>\n\n\n\n<p class=\"has-text-align-center\"><img loading=\"lazy\" decoding=\"async\" width=\"500\" height=\"343\" class=\"wp-image-21086\" style=\"width: 500px;\" src=\"https:\/\/elreporterodelacomunidad.com\/wp-content\/uploads\/2025\/07\/a1ff524f-6e70-43f2-95ed-cf3670982877-750x514-1.jpg\" alt=\"\" srcset=\"https:\/\/elreporterodelacomunidad.com\/wp-content\/uploads\/2025\/07\/a1ff524f-6e70-43f2-95ed-cf3670982877-750x514-1.jpg 750w, https:\/\/elreporterodelacomunidad.com\/wp-content\/uploads\/2025\/07\/a1ff524f-6e70-43f2-95ed-cf3670982877-750x514-1-300x206.jpg 300w\" sizes=\"auto, (max-width: 500px) 100vw, 500px\" \/><\/p>\n\n\n\n<p><strong>Por hoy es todo, s\u00edgueme en:<\/strong><strong><\/strong><\/p>\n\n\n\n<p>www.elreporterodelacomunidad.com<\/p>\n\n\n\n<p>Twitter: @elreporteroson y @NPDeportes1<\/p>\n\n\n\n<p>Facebook: El Reportero de la Comunidad y Columna Nada Personal<\/p>\n\n\n\n<p>IG: elreporterodelcomunidad<\/p>\n\n\n\n<p>Tiktok: elreporterodelacomunidad<\/p>\n\n\n\n<p>Whatsapp: 6622217136<\/p>\n","protected":false},"excerpt":{"rendered":"<p>Columna: Nada Personal. Autor: Carlos Alberto Guti\u00e9rrez Celaya. El deporte como herramienta de transformaci\u00f3n social ya no es solo un ideal. En Hermosillo, comienza a consolidarse como una pol\u00edtica p\u00fablica s\u00f3lida y con visi\u00f3n de futuro. As\u00ed lo demuestra el arranque de los programas \u201cPromotores CRECES en Deporte\u201d y \u201cJugando Seguro en la H\u201d, impulsados [&hellip;]<\/p>\n","protected":false},"author":4,"featured_media":21084,"comment_status":"open","ping_status":"open","sticky":false,"template":"","format":"standard","meta":{"footnotes":""},"categories":[57,47,33,53,51,50,48,54,26,29,27,45],"tags":[],"class_list":["post-21083","post","type-post","status-publish","format-standard","has-post-thumbnail","hentry","category-carlos-alberto-gutierrez-celaya","category-columnas","category-deportes","category-editorial","category-elreporterodelacomunidad","category-nadapersonal","category-noticiasdestacadas","category-picandocresta","category-principal","category-principalsecundaria","category-ultimahora","category-ultimasnoticias"],"_links":{"self":[{"href":"https:\/\/elreporterodelacomunidad.com\/index.php\/wp-json\/wp\/v2\/posts\/21083","targetHints":{"allow":["GET"]}}],"collection":[{"href":"https:\/\/elreporterodelacomunidad.com\/index.php\/wp-json\/wp\/v2\/posts"}],"about":[{"href":"https:\/\/elreporterodelacomunidad.com\/index.php\/wp-json\/wp\/v2\/types\/post"}],"author":[{"embeddable":true,"href":"https:\/\/elreporterodelacomunidad.com\/index.php\/wp-json\/wp\/v2\/users\/4"}],"replies":[{"embeddable":true,"href":"https:\/\/elreporterodelacomunidad.com\/index.php\/wp-json\/wp\/v2\/comments?post=21083"}],"version-history":[{"count":1,"href":"https:\/\/elreporterodelacomunidad.com\/index.php\/wp-json\/wp\/v2\/posts\/21083\/revisions"}],"predecessor-version":[{"id":21088,"href":"https:\/\/elreporterodelacomunidad.com\/index.php\/wp-json\/wp\/v2\/posts\/21083\/revisions\/21088"}],"wp:featuredmedia":[{"embeddable":true,"href":"https:\/\/elreporterodelacomunidad.com\/index.php\/wp-json\/wp\/v2\/media\/21084"}],"wp:attachment":[{"href":"https:\/\/elreporterodelacomunidad.com\/index.php\/wp-json\/wp\/v2\/media?parent=21083"}],"wp:term":[{"taxonomy":"category","embeddable":true,"href":"https:\/\/elreporterodelacomunidad.com\/index.php\/wp-json\/wp\/v2\/categories?post=21083"},{"taxonomy":"post_tag","embeddable":true,"href":"https:\/\/elreporterodelacomunidad.com\/index.php\/wp-json\/wp\/v2\/tags?post=21083"}],"curies":[{"name":"wp","href":"https:\/\/api.w.org\/{rel}","templated":true}]}}