{"id":21053,"date":"2025-07-21T15:01:14","date_gmt":"2025-07-21T22:01:14","guid":{"rendered":"https:\/\/elreporterodelacomunidad.com\/?p=21053"},"modified":"2025-07-21T15:03:25","modified_gmt":"2025-07-21T22:03:25","slug":"beneficia-tono-astiazaran-a-2-mil-119-emprendedoras-con-el-programa-maxi-apoyo","status":"publish","type":"post","link":"https:\/\/elreporterodelacomunidad.com\/index.php\/2025\/07\/21\/beneficia-tono-astiazaran-a-2-mil-119-emprendedoras-con-el-programa-maxi-apoyo\/","title":{"rendered":"Beneficia To\u00f1o Astiazar\u00e1n a 2 mil 119 emprendedoras con el programa Maxi Apoyo."},"content":{"rendered":"\n<p>Se graduaron 209 m\u00e1s en la s\u00e9ptima edici\u00f3n correspondiente al \u00e1rea urbana del municipio, donde se distribuy\u00f3 un mill\u00f3n 144 mil pesos en financiamientos.<\/p>\n\n\n\n<p>Hermosillo, Sonora a 21 de julio de 2025.- El presidente municipal de Hermosillo, Antonio Astiazar\u00e1n Guti\u00e9rrez, encabez\u00f3 la graduaci\u00f3n de 209 emprendedoras y emprendedores que concluyeron la s\u00e9ptima edici\u00f3n del programa de incubaci\u00f3n de negocios Maxi Apoyo, que opera la Agencia Municipal de Desarrollo Econ\u00f3mico (AMDE).<\/p>\n\n\n\n<p>Acompa\u00f1ado por Oscar Gast\u00e9lum Donadieu, director general de la AMDE, To\u00f1o Astiazar\u00e1n atestigu\u00f3 el bazar en el que se exhibieron los productos y servicios en los que las y los participantes se capacitaron, a trav\u00e9s de clases de barber\u00eda, globoflexia, sublimaci\u00f3n, postres fr\u00edos, u\u00f1as y gelish, corte de cabello para damas, reposter\u00eda y panader\u00eda.<\/p>\n\n\n\n<p>\u201cYo no tengo ninguna duda de que este tipo de programas, que nace en nuestra administraci\u00f3n en el trienio pasado, es un programa tan exitoso que seguramente llegar\u00e1 para quedarse, por eso les agradezco a todas y todos por su confianza, por su apoyo, a sus familias que el d\u00eda de hoy los acompa\u00f1an para desarrollar este tipo de proyectos\u201d, destac\u00f3.<\/p>\n\n\n\n<p>To\u00f1o Astiazar\u00e1n entreg\u00f3 simb\u00f3licamente un cheque por un mill\u00f3n 144 mil pesos, representativo de los cr\u00e9ditos sin intereses entregados a quienes se graduaron en esta s\u00e9ptima generaci\u00f3n de Maxi Apoyo, a favor de sus nacientes negocios.<\/p>\n\n\n\n<p>\u201cCon estas 209 graduadas y graduados, ya van m\u00e1s de 2 mil 119 hermosillenses, mujeres casi todas, en las siete generaciones de Maxi Apoyo\u201d, destac\u00f3, e hizo notar que en total van m\u00e1s de 5 millones distribuidos a trav\u00e9s de financiamientos a emprendedoras y emprendedores participantes en esta estrategia municipal.<\/p>\n\n\n\n<p class=\"has-text-align-center\"><img loading=\"lazy\" decoding=\"async\" width=\"500\" height=\"347\" class=\"wp-image-21055\" style=\"width: 500px;\" src=\"https:\/\/elreporterodelacomunidad.com\/wp-content\/uploads\/2025\/07\/1a57d788-0045-4c21-b6c8-9d240e9f5df4.jpg\" alt=\"\" srcset=\"https:\/\/elreporterodelacomunidad.com\/wp-content\/uploads\/2025\/07\/1a57d788-0045-4c21-b6c8-9d240e9f5df4.jpg 2560w, https:\/\/elreporterodelacomunidad.com\/wp-content\/uploads\/2025\/07\/1a57d788-0045-4c21-b6c8-9d240e9f5df4-300x208.jpg 300w, https:\/\/elreporterodelacomunidad.com\/wp-content\/uploads\/2025\/07\/1a57d788-0045-4c21-b6c8-9d240e9f5df4-1024x710.jpg 1024w, https:\/\/elreporterodelacomunidad.com\/wp-content\/uploads\/2025\/07\/1a57d788-0045-4c21-b6c8-9d240e9f5df4-768x533.jpg 768w, https:\/\/elreporterodelacomunidad.com\/wp-content\/uploads\/2025\/07\/1a57d788-0045-4c21-b6c8-9d240e9f5df4-1536x1065.jpg 1536w, https:\/\/elreporterodelacomunidad.com\/wp-content\/uploads\/2025\/07\/1a57d788-0045-4c21-b6c8-9d240e9f5df4-2048x1420.jpg 2048w, https:\/\/elreporterodelacomunidad.com\/wp-content\/uploads\/2025\/07\/1a57d788-0045-4c21-b6c8-9d240e9f5df4-750x520.jpg 750w, https:\/\/elreporterodelacomunidad.com\/wp-content\/uploads\/2025\/07\/1a57d788-0045-4c21-b6c8-9d240e9f5df4-1140x790.jpg 1140w\" sizes=\"auto, (max-width: 500px) 100vw, 500px\" \/><\/p>\n\n\n\n<p>Agradeci\u00f3 la alianza con el Centro de Formaci\u00f3n para la Mujer (CEFORMA) desde el inicio de esta estrategia municipal, que demuestra que la colaboraci\u00f3n entre la sociedad civil organizada y el Gobierno hace posible grandes logros a favor de la comunidad.<\/p>\n\n\n\n<p>A nombre de quienes se graduaron, la se\u00f1ora Maribel Guzm\u00e1n ofreci\u00f3 un testimonio de agradecimiento al Gobierno Municipal, a las maestras y maestros, y a sus familiares, por acompa\u00f1arlos en el que fue un paso hacia su crecimiento personal y profesional.<\/p>\n\n\n\n<p>\u201cQuiero comenzar agradeciendo sinceramente al se\u00f1or alcalde y al equipo de Maxi Apoyo por hacer posible este proyecto que nos brind\u00f3 no solo herramientas t\u00e9cnicas, sino motivaci\u00f3n y confianza para creer en nuestras capacidades\u201d, expres\u00f3.<\/p>\n\n\n\n<p>Desde el puesto de pasteles que instal\u00f3 junto a varias de sus compa\u00f1eras, la se\u00f1ora Isela Apoderado comparti\u00f3 su experiencia de haber formado parte de la s\u00e9ptima generaci\u00f3n del programa.<\/p>\n\n\n\n<p>\u201cDan muchas herramientas, mucho conocimiento por parte de los maestros y las t\u00e9cnicas que nos ense\u00f1an es todo muy padre, muy completo\u201d, dijo.<\/p>\n\n\n\n<p>Invit\u00f3 a m\u00e1s mujeres de Hermosillo a informarse a trav\u00e9s de redes sociales y aprovechar esta oportunidad de prepararse para emprender un negocio propio y, a su vez, recibir apoyo emocional y en desarrollo personal, a precios completamente accesibles.<\/p>\n\n\n\n<figure class=\"wp-block-embed is-type-video is-provider-youtube wp-block-embed-youtube wp-embed-aspect-16-9 wp-has-aspect-ratio\"><div class=\"wp-block-embed__wrapper\">\n<div class=\"jeg_video_container jeg_video_content\"><iframe loading=\"lazy\" title=\"Beneficia To\u00f1o Astiazar\u00e1n a 2 mil 119 emprendedoras con el programa Maxi Apoyo en Hermosillo.\" width=\"500\" height=\"281\" src=\"https:\/\/www.youtube.com\/embed\/yFyttLar1Yg?feature=oembed\" frameborder=\"0\" allow=\"accelerometer; autoplay; clipboard-write; encrypted-media; gyroscope; picture-in-picture; web-share\" referrerpolicy=\"strict-origin-when-cross-origin\" allowfullscreen><\/iframe><\/div>\n<\/div><\/figure>\n","protected":false},"excerpt":{"rendered":"<p>Se graduaron 209 m\u00e1s en la s\u00e9ptima edici\u00f3n correspondiente al \u00e1rea urbana del municipio, donde se distribuy\u00f3 un mill\u00f3n 144 mil pesos en financiamientos. Hermosillo, Sonora a 21 de julio de 2025.- El presidente municipal de Hermosillo, Antonio Astiazar\u00e1n Guti\u00e9rrez, encabez\u00f3 la graduaci\u00f3n de 209 emprendedoras y emprendedores que concluyeron la s\u00e9ptima edici\u00f3n del programa [&hellip;]<\/p>\n","protected":false},"author":4,"featured_media":21054,"comment_status":"open","ping_status":"open","sticky":false,"template":"","format":"standard","meta":{"footnotes":""},"categories":[34,1],"tags":[],"class_list":["post-21053","post","type-post","status-publish","format-standard","has-post-thumbnail","hentry","category-general","category-sin-categoria"],"_links":{"self":[{"href":"https:\/\/elreporterodelacomunidad.com\/index.php\/wp-json\/wp\/v2\/posts\/21053","targetHints":{"allow":["GET"]}}],"collection":[{"href":"https:\/\/elreporterodelacomunidad.com\/index.php\/wp-json\/wp\/v2\/posts"}],"about":[{"href":"https:\/\/elreporterodelacomunidad.com\/index.php\/wp-json\/wp\/v2\/types\/post"}],"author":[{"embeddable":true,"href":"https:\/\/elreporterodelacomunidad.com\/index.php\/wp-json\/wp\/v2\/users\/4"}],"replies":[{"embeddable":true,"href":"https:\/\/elreporterodelacomunidad.com\/index.php\/wp-json\/wp\/v2\/comments?post=21053"}],"version-history":[{"count":2,"href":"https:\/\/elreporterodelacomunidad.com\/index.php\/wp-json\/wp\/v2\/posts\/21053\/revisions"}],"predecessor-version":[{"id":21057,"href":"https:\/\/elreporterodelacomunidad.com\/index.php\/wp-json\/wp\/v2\/posts\/21053\/revisions\/21057"}],"wp:featuredmedia":[{"embeddable":true,"href":"https:\/\/elreporterodelacomunidad.com\/index.php\/wp-json\/wp\/v2\/media\/21054"}],"wp:attachment":[{"href":"https:\/\/elreporterodelacomunidad.com\/index.php\/wp-json\/wp\/v2\/media?parent=21053"}],"wp:term":[{"taxonomy":"category","embeddable":true,"href":"https:\/\/elreporterodelacomunidad.com\/index.php\/wp-json\/wp\/v2\/categories?post=21053"},{"taxonomy":"post_tag","embeddable":true,"href":"https:\/\/elreporterodelacomunidad.com\/index.php\/wp-json\/wp\/v2\/tags?post=21053"}],"curies":[{"name":"wp","href":"https:\/\/api.w.org\/{rel}","templated":true}]}}