{"id":2099,"date":"2024-03-05T00:00:00","date_gmt":"2024-03-05T07:00:00","guid":{"rendered":"https:\/\/elreporterodelacomunidad.com\/index.php\/2024\/03\/05\/rescatan-a-16-personas-secuestradas-en-san-luis-rio-colorado\/"},"modified":"2024-03-05T00:00:00","modified_gmt":"2024-03-05T07:00:00","slug":"rescatan-a-16-personas-secuestradas-en-san-luis-rio-colorado","status":"publish","type":"post","link":"https:\/\/elreporterodelacomunidad.com\/index.php\/2024\/03\/05\/rescatan-a-16-personas-secuestradas-en-san-luis-rio-colorado\/","title":{"rendered":"Rescatan a 16 personas secuestradas en San Luis R\u00edo Colorado&nbsp;"},"content":{"rendered":"<p class=\"MsoNormal\">En una operaci\u00f3n coordinada por la Secretar\u00eda de la Defensa Nacional (Sedena), en conjunto con la Guardia Nacional (GN) y la Agencia Ministerial de Investigaci\u00f3n Criminal (AMIC), se logr\u00f3 el rescatar a 16 personas que hab\u00edan sido privadas de su libertad en el \u00e1rea des\u00e9rtica de San Luis R\u00edo Colorado.<\/p>\n<p class=\"MsoNormal\">El operativo se llev\u00f3 a cabo en respuesta a un reporte sobre varios veh\u00edculos sospechosos en la calle 26, a las 02:20 horas del d\u00eda 5 de marzo. Las autoridades de seguridad se desplazaron al lugar, y al final de la mencionada calle, en un \u00e1rea despoblada cerca de unas antenas, encontraron un pick-up de color dorado abandonado, en donde se hallaban personas privadas de su libertad.<\/p>\n<p class=\"MsoNormal\">Dentro de la unidad, en el asiento del copiloto, se hall\u00f3 a una mujer tambi\u00e9n atada de manos y pies, con los ojos vendados con cinta. En total, se contabilizaron 16 personas rescatadas, 14 hombres y 2 mujeres. Todas ellas informaron haber sido privadas de su libertad por un grupo criminal en distintos puntos del municipio.<\/p>\n<p class=\"MsoNormal\">Se presume que los delincuentes planeaban trasladar a las v\u00edctimas al vecino estado de Baja California. Por este motivo, se estableci\u00f3 una estrecha colaboraci\u00f3n entre las autoridades de ambos estados para intercambiar informaci\u00f3n relevante.<\/p>\n<p class=\"MsoNormal\">Las v\u00edctimas fueron aseguradas y trasladadas para verificar su estado de salud, mientras que la unidad fue sometida a procesamiento por parte de Servicios Periciales con el fin de encontrar indicios que se integrar\u00e1n en la carpeta de investigaci\u00f3n correspondiente.<\/p>\n","protected":false},"excerpt":{"rendered":"<p>Las v\u00edctimas informaron haber sido privadas de su libertad por un grupo criminal en distintos puntos del municipio.<\/p>\n","protected":false},"author":1,"featured_media":2100,"comment_status":"open","ping_status":"open","sticky":false,"template":"","format":"standard","meta":{"footnotes":""},"categories":[29],"tags":[],"class_list":["post-2099","post","type-post","status-publish","format-standard","has-post-thumbnail","hentry","category-principalsecundaria"],"_links":{"self":[{"href":"https:\/\/elreporterodelacomunidad.com\/index.php\/wp-json\/wp\/v2\/posts\/2099","targetHints":{"allow":["GET"]}}],"collection":[{"href":"https:\/\/elreporterodelacomunidad.com\/index.php\/wp-json\/wp\/v2\/posts"}],"about":[{"href":"https:\/\/elreporterodelacomunidad.com\/index.php\/wp-json\/wp\/v2\/types\/post"}],"author":[{"embeddable":true,"href":"https:\/\/elreporterodelacomunidad.com\/index.php\/wp-json\/wp\/v2\/users\/1"}],"replies":[{"embeddable":true,"href":"https:\/\/elreporterodelacomunidad.com\/index.php\/wp-json\/wp\/v2\/comments?post=2099"}],"version-history":[{"count":0,"href":"https:\/\/elreporterodelacomunidad.com\/index.php\/wp-json\/wp\/v2\/posts\/2099\/revisions"}],"wp:featuredmedia":[{"embeddable":true,"href":"https:\/\/elreporterodelacomunidad.com\/index.php\/wp-json\/wp\/v2\/media\/2100"}],"wp:attachment":[{"href":"https:\/\/elreporterodelacomunidad.com\/index.php\/wp-json\/wp\/v2\/media?parent=2099"}],"wp:term":[{"taxonomy":"category","embeddable":true,"href":"https:\/\/elreporterodelacomunidad.com\/index.php\/wp-json\/wp\/v2\/categories?post=2099"},{"taxonomy":"post_tag","embeddable":true,"href":"https:\/\/elreporterodelacomunidad.com\/index.php\/wp-json\/wp\/v2\/tags?post=2099"}],"curies":[{"name":"wp","href":"https:\/\/api.w.org\/{rel}","templated":true}]}}