{"id":2097,"date":"2024-03-05T00:00:00","date_gmt":"2024-03-05T07:00:00","guid":{"rendered":"https:\/\/elreporterodelacomunidad.com\/index.php\/2024\/03\/05\/localizan-cuerpo-de-ultimo-militar-desaparecido-en-ensenada\/"},"modified":"2024-03-05T00:00:00","modified_gmt":"2024-03-05T07:00:00","slug":"localizan-cuerpo-de-ultimo-militar-desaparecido-en-ensenada","status":"publish","type":"post","link":"https:\/\/elreporterodelacomunidad.com\/index.php\/2024\/03\/05\/localizan-cuerpo-de-ultimo-militar-desaparecido-en-ensenada\/","title":{"rendered":"Localizan cuerpo de \u00faltimo militar desaparecido en Ensenada&nbsp;"},"content":{"rendered":"<p class=\"MsoNormal\">La Secretar\u00eda de Marina logr\u00f3 localizar al s\u00e9ptimo y \u00faltimo militar desaparecido desde hace 14 d\u00edas en el mar de Puerto de Ensenada, Baja California.<\/p>\n<p class=\"MsoNormal\">El descubrimiento tuvo lugar a ocho millas de distancia, frente a Playa Pac\u00edfica, gracias a los esfuerzos de los elementos de seguridad, seg\u00fan informaron autoridades locales.<\/p>\n<p class=\"MsoNormal\">El cuerpo fue encontrado vistiendo el uniforme militar y flotaba en el agua cuando fue avistado por el personal de la Secretar\u00eda de Marina Armada (Semar) de M\u00e9xico, que llevaba dos semanas realizando b\u00fasquedas en la zona.<\/p>\n<p class=\"MsoNormal\">Hasta el momento, faltaba por ser localizado el soldado \u00d3scar Abraham S\u00e1nchez Reyna.<\/p>\n<p class=\"MsoNormal\">El 20 de febrero, siete militares desaparecieron mientras se encontraban en el mar, a pesar de la alerta roja emitida debido a las condiciones de marea alta.<\/p>\n<p class=\"MsoNormal\">Estos soldados, junto con otros cadetes, estaban siendo entrenados para ingresar a las filas de la Guardia Nacional. Sin embargo, presuntamente un mando militar los oblig\u00f3 a ingresar al agua el d\u00eda que desaparecieron.<\/p>\n<p class=\"MsoNormal\">Desde noviembre del a\u00f1o pasado, los desaparecidos y sus compa\u00f1eros iniciaron su adiestramiento en la guarnici\u00f3n militar El Cipr\u00e9s.<\/p>\n<p class=\"MsoNormal\">Soldados desaparecidos<\/p>\n<p class=\"MsoNormal\">1. Carlos Omar Fr\u00edas Lanfard<\/p>\n<p class=\"MsoNormal\">2. Arturo Esteban Sarmiento Gaxiola<\/p>\n<p class=\"MsoNormal\">3. Brandon Francisco Gast\u00e9lum Ayala<\/p>\n<p class=\"MsoNormal\">4. Desconocido<\/p>\n<p class=\"MsoNormal\">5. Fernando Isa\u00edas P\u00e9rez L\u00f3pez<\/p>\n<p class=\"MsoNormal\">6. Desconocido<\/p>\n<p class=\"MsoNormal\">7. Luis Manuel Vilchis D\u00edaz<\/p>\n<p class=\"MsoNormal\">8. Michael Arellano Wilkinson<\/p>\n<p class=\"MsoNormal\">9. \u00d3scar Abraham S\u00e1nchez Reyna<\/p>\n","protected":false},"excerpt":{"rendered":"<p>El descubrimiento tuvo lugar a ocho millas de distancia, frente a Playa Pac\u00edfica, gracias a los esfuerzos de los elementos de seguridad, seg\u00fan informaron autoridades locales.<\/p>\n","protected":false},"author":1,"featured_media":2098,"comment_status":"open","ping_status":"open","sticky":false,"template":"","format":"standard","meta":{"footnotes":""},"categories":[32],"tags":[],"class_list":["post-2097","post","type-post","status-publish","format-standard","has-post-thumbnail","hentry","category-policiaca"],"_links":{"self":[{"href":"https:\/\/elreporterodelacomunidad.com\/index.php\/wp-json\/wp\/v2\/posts\/2097","targetHints":{"allow":["GET"]}}],"collection":[{"href":"https:\/\/elreporterodelacomunidad.com\/index.php\/wp-json\/wp\/v2\/posts"}],"about":[{"href":"https:\/\/elreporterodelacomunidad.com\/index.php\/wp-json\/wp\/v2\/types\/post"}],"author":[{"embeddable":true,"href":"https:\/\/elreporterodelacomunidad.com\/index.php\/wp-json\/wp\/v2\/users\/1"}],"replies":[{"embeddable":true,"href":"https:\/\/elreporterodelacomunidad.com\/index.php\/wp-json\/wp\/v2\/comments?post=2097"}],"version-history":[{"count":0,"href":"https:\/\/elreporterodelacomunidad.com\/index.php\/wp-json\/wp\/v2\/posts\/2097\/revisions"}],"wp:featuredmedia":[{"embeddable":true,"href":"https:\/\/elreporterodelacomunidad.com\/index.php\/wp-json\/wp\/v2\/media\/2098"}],"wp:attachment":[{"href":"https:\/\/elreporterodelacomunidad.com\/index.php\/wp-json\/wp\/v2\/media?parent=2097"}],"wp:term":[{"taxonomy":"category","embeddable":true,"href":"https:\/\/elreporterodelacomunidad.com\/index.php\/wp-json\/wp\/v2\/categories?post=2097"},{"taxonomy":"post_tag","embeddable":true,"href":"https:\/\/elreporterodelacomunidad.com\/index.php\/wp-json\/wp\/v2\/tags?post=2097"}],"curies":[{"name":"wp","href":"https:\/\/api.w.org\/{rel}","templated":true}]}}