{"id":2070,"date":"2024-03-06T00:00:00","date_gmt":"2024-03-06T07:00:00","guid":{"rendered":"https:\/\/elreporterodelacomunidad.com\/index.php\/2024\/03\/06\/normalistas-de-ayotzinapa-derriban-una-de-las-puertas-del-palacio-nacional-para-presionar-a-lopez-obrador\/"},"modified":"2024-05-18T22:32:13","modified_gmt":"2024-05-19T05:32:13","slug":"normalistas-de-ayotzinapa-derriban-una-de-las-puertas-del-palacio-nacional-para-presionar-a-lopez-obrador","status":"publish","type":"post","link":"https:\/\/elreporterodelacomunidad.com\/index.php\/2024\/03\/06\/normalistas-de-ayotzinapa-derriban-una-de-las-puertas-del-palacio-nacional-para-presionar-a-lopez-obrador\/","title":{"rendered":"Normalistas de Ayotzinapa derriban una de las puertas del Palacio Nacional para presionar a L\u00f3pez Obrador"},"content":{"rendered":"<p class=\"MsoNormal\">Un grupo de normalistas de Ayotzinapa, los estudiantes compa\u00f1eros de los 43 j\u00f3venes desaparecidos hace casi 10 a\u00f1os en la ciudad de Iguala, Guerrero, ha derribado en la ma\u00f1ana de este mi\u00e9rcoles una de las puertas del Palacio Nacional, en Ciudad de M\u00e9xico, la residencia del presidente y el centro simb\u00f3lico del poder Ejecutivo.<\/p>\n<p class=\"MsoNormal\">Los manifestantes, que pretenden as\u00ed presionar al Gobierno para que Andr\u00e9s Manuel L\u00f3pez Obrador se re\u00fana con ellos e intentar destrabar la investigaci\u00f3n sobre el secuestro de los 43 alumnos, han utilizado una furgoneta de la Comisi\u00f3n Federal de Electricidad (CFE) que se encontraba aparcada en la calle como ariete para echar el port\u00f3n abajo.<\/p>\n<p class=\"MsoNormal\">Los estudiantes \u2014al grito de \u201cvivos se los llevaron, vivos los queremos\u201d\u2014 han roto las ventanas del veh\u00edculo, retirado el freno de mano y empujado el coche una y otra vez hasta que la puerta de madera ha cedido. En el interior del Palacio Nacional se encontraba L\u00f3pez Obrador que, como cada d\u00eda, comparec\u00eda ante la prensa en su popular Ma\u00f1anera. <\/p>\n<p class=\"MsoNormal\">En el momento en el que los j\u00f3venes han intentado irrumpir en el edificio, el presidente todav\u00eda estaba en directo. Los polic\u00edas militares que custodiaban el lugar han disparado gas lacrim\u00f3geno para dispersar a los manifestantes. El humo ha inundado el flanco del Palacio mientras los guardias montaban una barricada humana, protegidos por escudos y porras.<\/p>\n<p class=\"MsoNormal\">El presidente ha afirmado que los manifestantes van a ser atendidos por el subsecretario de Gobernaci\u00f3n, Arturo Medina. Preguntado por una reportera presente en la Ma\u00f1anera, L\u00f3pez Obrador ha se\u00f1alado que \u00e9l no va a reunirse personalmente con los normalistas: \u201cNo, yo estoy analizando y conduciendo todo porque lo que me importa es encontrar a los [43] j\u00f3venes y ya la actitud, no de los padres, sino de los asesores y de las organizaciones que supuestamente defienden derechos humanos, es una actitud en el mejor de los casos pol\u00edtica, muy de confrontaci\u00f3n en contra nuestra, de provocaci\u00f3n, y nosotros pues no queremos para nada la confrontaci\u00f3n. Decidle nada m\u00e1s a los padres que estamos dedicados y que estamos avanzando mucho en la investigaci\u00f3n\u201d.<\/p>\n<p class=\"MsoNormal\">Unas horas despu\u00e9s, la Secretar\u00eda de Gobernaci\u00f3n ha publicado un comunicado en el que asegura que Medina ha contactado a los familiares de las v\u00edctimas que, una vez m\u00e1s, han respondido que \u201cdentro de sus acuerdos estaba reunirse \u00fanicamente con el presidente Andr\u00e9s Manuel L\u00f3pez Obrador\u201d. <\/p>\n<p class=\"MsoNormal\">\u201cSobre este aspecto, el presidente de M\u00e9xico inform\u00f3 este mi\u00e9rcoles en su conferencia matutina que dicho encuentro tendr\u00eda lugar en unas semanas\u201d, dice el texto, sin precisar cu\u00e1ndo. Gobernaci\u00f3n ha reiterado \u201csu compromiso con la verdad y la justicia en el caso Ayotzinapa\u201d.<\/p>\n<p class=\"MsoNormal\">Relaciones rotas<\/p>\n<p class=\"MsoNormal\">La relaci\u00f3n entre los familiares de los 43 estudiantes desaparecidos el 26 de septiembre de 2014 y L\u00f3pez Obrador pasa por uno de sus peores momentos. El presidente, que asegur\u00f3 como promesa electoral que durante su Administraci\u00f3n encontrar\u00eda a los j\u00f3venes, arremeti\u00f3 duramente mientras estaba en la oposici\u00f3n contra el Gobierno de Enrique Pe\u00f1a Nieto (2012-2018) por las irregularidades en la investigaci\u00f3n. <\/p>\n<p class=\"MsoNormal\">Sin embargo, cuando solo quedan tres meses de su sexenio, L\u00f3pez Obrador no ha logrado avances sustanciales en el caso. Al contrario, se ha enemistado con los padres y madres de Ayotzinapa que, tras el fracaso del di\u00e1logo, han redoblado su presencia en las calles para presionar al Ejecutivo.<\/p>\n<p class=\"MsoNormal\">Los familiares de las v\u00edctimas exigen que el Gobierno les entregue cientos de documentos de espionaje militar que, seg\u00fan ellos, son clave para poder avanzar en la estancada investigaci\u00f3n. La Secretar\u00eda de la Defensa Nacional (Sedena) niega la existencia de dichos archivos. <\/p>\n<p class=\"MsoNormal\">El grupo independiente de expertos (GIEI) que ha investigado el caso afirma que s\u00ed se encuentran en poder de los militares. El GIEI acab\u00f3 abandonando M\u00e9xico en julio, frustrado ante la resistencia del Ej\u00e9rcito a proporcionar informaci\u00f3n. El presidente ha asumido el relato de la Sedena y defiende que ya han entregado todos los expedientes sobre el caso.<\/p>\n<p class=\"MsoNormal\">L\u00f3pez Obrador, que ha caracterizado su mandato por una dura oposici\u00f3n medi\u00e1tica a las voces cr\u00edticas con su gesti\u00f3n, no ha dejado libre de sus embestidas ret\u00f3ricas ni siquiera a los padres y madres de los estudiantes secuestrados o a las asociaciones en defensa de los derechos humanos que los apoyan. <\/p>\n<p class=\"MsoNormal\">Este mi\u00e9rcoles, el presidente ha lamentado que los familiares est\u00e1n siendo \u201cmanipulados\u201d por un complot conservador, una mezcla de poderes empresariales y pol\u00edticos cuyo \u00fanico objetivo, siempre seg\u00fan L\u00f3pez Obrador, es aprovechar cualquier oportunidad para atacar a su Gobierno.<\/p>\n<p class=\"MsoNormal\">\u201cLo que sucede es que ellos est\u00e1n siendo manipulados por el grupo que encabeza [el senador independiente Emilio] \u00c1lvarez Ycaza, la Comisi\u00f3n Interamericana de Derechos Humanos [CIDH] de la OEA [Organizaci\u00f3n de los Estados Americanos], grupos conservadores de derecha apoyados por gobiernos extranjeros que lo que quieren es hacernos da\u00f1o pol\u00edticamente hablando\u201d, ha cargado el mandatario.<\/p>\n<p class=\"MsoNormal\">\u201cLo que quieren no es que lleguemos a conocer la verdad y que se haga justicia, sino que ya lo tienen como una bandera en contra de nosotros. Los padres ni siquiera tienen toda la informaci\u00f3n porque les proh\u00edben los abogados hablar con nosotros. <\/p>\n<p class=\"MsoNormal\">Ustedes saben que les mand\u00e9 un informe a cada uno de los pap\u00e1s y de las mam\u00e1s y no los quisieron recibir porque se lo prohibieron los abogados. Nosotros lo que queremos es conocer la verdad y vamos a lograrlo, tengo confianza en eso, y vamos a encontrar a los j\u00f3venes que es lo m\u00e1s importante, pero ya esto es otra cosa, esto ya tiene otros prop\u00f3sitos\u201d, ha sostenido L\u00f3pez Obrador.<\/p>\n<p class=\"MsoNormal\">Las asociaciones a las que se refiere el presidente, como el Centro Prodh, son ampliamente reconocidas a nivel nacional e internacional por su labor en la defensa de los derechos humanos. Dos de los abogados del Prodh, Santiago Aguirre y Mar\u00eda Luis Aguilar, con una trayectoria intachable en su campo y asesores de las familias de Ayotzinapa, fueron espiados con el programa Pegasus por el Ej\u00e9rcito, seg\u00fan demostr\u00f3 una investigaci\u00f3n de Citizen Lab, la Red en Defensa de los Derechos Digitales, Social TIC y Art\u00edculo 19 el pasado abril. \u201cPadres y madres no est\u00e1n \u2018manipulados\u2019 ni por el Centro Prodh ni por la CIDH. Tienen agencia sobre su proceso. Lamentamos que la protesta de algunos j\u00f3venes haya escalado a acciones que no compartimos. Urgimos a restablecer el di\u00e1logo respetuoso, supervisado por las instancias internacionales de derechos humanos\u201d, ha respondido en redes sociales el Centro Prodh.<\/p>\n<p class=\"MsoNormal\">Ante la ruptura del di\u00e1logo entre el Gobierno y los familiares de las v\u00edctimas, los normalistas han recrudecido su pulso en las calles con protestas continuas desde hace d\u00edas. El 28 de febrero, un grupo de estudiantes encapuchados lanz\u00f3 petardos contra las puertas del Senado de Ciudad de M\u00e9xico, despu\u00e9s de esperar dos horas sin ser atendidos por el senador Ricardo Monreal, de Morena, el partido del presidente. <\/p>\n<p class=\"MsoNormal\">Unas horas despu\u00e9s, hicieron lo mismo para reventar los cristales de la Secretar\u00eda de Relaciones Exteriores.<\/p>\n<p class=\"MsoNormal\">El 2 de marzo, protestaron durante el arranque de campa\u00f1a de Claudia Sheinbaum, sucesora de L\u00f3pez Obrador en Morena, en el Z\u00f3calo capitalino. El martes, los padres y madres bloquearon el cruce del Paseo de la Reforma y la avenida Bucareli, frente a la sede de la Loter\u00eda Nacional. <\/p>\n<p class=\"MsoNormal\">El lunes, decenas de estudiantes se manifestaron frente al Centro Federal de Arraigos, donde tambi\u00e9n derribaron la puerta con un cami\u00f3n y tiraron petardos. Su objetivo en todas las protestas: que L\u00f3pez Obrador se siente con ellos para, 10 a\u00f1os despu\u00e9s, desenmara\u00f1ar los cabos sueltos que pueden conducir a conocer el paradero de los 43 desaparecidos.<\/p>\n","protected":false},"excerpt":{"rendered":"<p>Los estudiantes, compa\u00f1eros de los 43 j\u00f3venes desaparecidos en 2014 en Iguala, Guerrero, exigen al presidente respuestas sobre el estancamiento de la investigaci\u00f3n.<\/p>\n","protected":false},"author":1,"featured_media":2071,"comment_status":"open","ping_status":"open","sticky":false,"template":"","format":"standard","meta":{"footnotes":""},"categories":[29],"tags":[],"class_list":["post-2070","post","type-post","status-publish","format-standard","has-post-thumbnail","hentry","category-principalsecundaria"],"_links":{"self":[{"href":"https:\/\/elreporterodelacomunidad.com\/index.php\/wp-json\/wp\/v2\/posts\/2070","targetHints":{"allow":["GET"]}}],"collection":[{"href":"https:\/\/elreporterodelacomunidad.com\/index.php\/wp-json\/wp\/v2\/posts"}],"about":[{"href":"https:\/\/elreporterodelacomunidad.com\/index.php\/wp-json\/wp\/v2\/types\/post"}],"author":[{"embeddable":true,"href":"https:\/\/elreporterodelacomunidad.com\/index.php\/wp-json\/wp\/v2\/users\/1"}],"replies":[{"embeddable":true,"href":"https:\/\/elreporterodelacomunidad.com\/index.php\/wp-json\/wp\/v2\/comments?post=2070"}],"version-history":[{"count":1,"href":"https:\/\/elreporterodelacomunidad.com\/index.php\/wp-json\/wp\/v2\/posts\/2070\/revisions"}],"predecessor-version":[{"id":2072,"href":"https:\/\/elreporterodelacomunidad.com\/index.php\/wp-json\/wp\/v2\/posts\/2070\/revisions\/2072"}],"wp:featuredmedia":[{"embeddable":true,"href":"https:\/\/elreporterodelacomunidad.com\/index.php\/wp-json\/wp\/v2\/media\/2071"}],"wp:attachment":[{"href":"https:\/\/elreporterodelacomunidad.com\/index.php\/wp-json\/wp\/v2\/media?parent=2070"}],"wp:term":[{"taxonomy":"category","embeddable":true,"href":"https:\/\/elreporterodelacomunidad.com\/index.php\/wp-json\/wp\/v2\/categories?post=2070"},{"taxonomy":"post_tag","embeddable":true,"href":"https:\/\/elreporterodelacomunidad.com\/index.php\/wp-json\/wp\/v2\/tags?post=2070"}],"curies":[{"name":"wp","href":"https:\/\/api.w.org\/{rel}","templated":true}]}}