{"id":2050,"date":"2024-03-06T00:00:00","date_gmt":"2024-03-06T07:00:00","guid":{"rendered":"https:\/\/elreporterodelacomunidad.com\/index.php\/2024\/03\/06\/muere-menor-de-8-anos-en-escuela-profesor-le-nego-permiso-para-ir-al-bano\/"},"modified":"2024-03-06T00:00:00","modified_gmt":"2024-03-06T07:00:00","slug":"muere-menor-de-8-anos-en-escuela-profesor-le-nego-permiso-para-ir-al-bano","status":"publish","type":"post","link":"https:\/\/elreporterodelacomunidad.com\/index.php\/2024\/03\/06\/muere-menor-de-8-anos-en-escuela-profesor-le-nego-permiso-para-ir-al-bano\/","title":{"rendered":"Muere menor de 8 a\u00f1os en escuela; profesor le neg\u00f3 permiso para ir al ba\u00f1o&nbsp;"},"content":{"rendered":"<p class=\"MsoNormal\">Una lamentable tragedia enlut\u00f3 a la comunidad educativa de la escuela &#039;Ciencia Patria, Trabajo y Libertad&#039;, ubicada en la avenida 16 de septiembre del municipio de Acolman, Estado de M\u00e9xico, donde una menor de ocho a\u00f1os perdi\u00f3 la vida presuntamente en uno de los ba\u00f1os del centro educativo.<\/p>\n<p class=\"MsoNormal\">Seg\u00fan los primeros reportes, los hechos ocurrieron el pasado lunes cuando la ni\u00f1a comenz\u00f3 a sentirse mal y solicit\u00f3 permiso a su profesor para dirigirse al sanitario, sin embargo, el docente le neg\u00f3 el permiso. Tras varios minutos, una compa\u00f1era intervino por ella y solicit\u00f3 al maestro que le permitiera salir, argumentando que Itzel necesitaba vomitar. Finalmente, se le otorg\u00f3 el permiso.<\/p>\n<p class=\"MsoNormal\">Al percatarse de que la menor no regresaba, su compa\u00f1era fue a buscarla y la encontr\u00f3 inconsciente en el suelo del ba\u00f1o. Aunque a\u00fan mostraba signos vitales, las autoridades escolares no solicitaron de inmediato apoyo de unidades m\u00e9dicas, sino que contactaron a la familia para que la trasladaran por sus propios medios a un hospital.<\/p>\n<p class=\"MsoNormal\">A pesar de la llegada de Protecci\u00f3n Civil y Bomberos, lamentablemente la menor ya no contaba con signos vitales.<\/p>\n<p class=\"MsoNormal\">Ante esta tr\u00e1gica situaci\u00f3n, elementos de la polic\u00eda municipal acudieron al lugar y, ante la presi\u00f3n de los padres de familia, detuvieron al director del plantel.<\/p>\n<p class=\"MsoNormal\">La Fiscal\u00eda de Justicia del Estado de M\u00e9xico confirm\u00f3 que la menor falleci\u00f3 debido a una broncoaspiraci\u00f3n, presuntamente causada por su propio v\u00f3mito, y se\u00f1al\u00f3 que se est\u00e1n llevando a cabo las investigaciones correspondientes para determinar cualquier responsabilidad en este lamentable suceso.<\/p>\n","protected":false},"excerpt":{"rendered":"<p>Seg\u00fan los primeros reportes, los hechos ocurrieron el pasado lunes cuando la ni\u00f1a comenz\u00f3 a sentirse mal y solicit\u00f3 permiso a su profesor para dirigirse al sanitario, sin embargo, el docente le neg\u00f3 el permiso.<\/p>\n","protected":false},"author":1,"featured_media":2051,"comment_status":"open","ping_status":"open","sticky":false,"template":"","format":"standard","meta":{"footnotes":""},"categories":[32],"tags":[],"class_list":["post-2050","post","type-post","status-publish","format-standard","has-post-thumbnail","hentry","category-policiaca"],"_links":{"self":[{"href":"https:\/\/elreporterodelacomunidad.com\/index.php\/wp-json\/wp\/v2\/posts\/2050","targetHints":{"allow":["GET"]}}],"collection":[{"href":"https:\/\/elreporterodelacomunidad.com\/index.php\/wp-json\/wp\/v2\/posts"}],"about":[{"href":"https:\/\/elreporterodelacomunidad.com\/index.php\/wp-json\/wp\/v2\/types\/post"}],"author":[{"embeddable":true,"href":"https:\/\/elreporterodelacomunidad.com\/index.php\/wp-json\/wp\/v2\/users\/1"}],"replies":[{"embeddable":true,"href":"https:\/\/elreporterodelacomunidad.com\/index.php\/wp-json\/wp\/v2\/comments?post=2050"}],"version-history":[{"count":0,"href":"https:\/\/elreporterodelacomunidad.com\/index.php\/wp-json\/wp\/v2\/posts\/2050\/revisions"}],"wp:featuredmedia":[{"embeddable":true,"href":"https:\/\/elreporterodelacomunidad.com\/index.php\/wp-json\/wp\/v2\/media\/2051"}],"wp:attachment":[{"href":"https:\/\/elreporterodelacomunidad.com\/index.php\/wp-json\/wp\/v2\/media?parent=2050"}],"wp:term":[{"taxonomy":"category","embeddable":true,"href":"https:\/\/elreporterodelacomunidad.com\/index.php\/wp-json\/wp\/v2\/categories?post=2050"},{"taxonomy":"post_tag","embeddable":true,"href":"https:\/\/elreporterodelacomunidad.com\/index.php\/wp-json\/wp\/v2\/tags?post=2050"}],"curies":[{"name":"wp","href":"https:\/\/api.w.org\/{rel}","templated":true}]}}