{"id":20481,"date":"2025-07-03T22:49:31","date_gmt":"2025-07-04T05:49:31","guid":{"rendered":"https:\/\/elreporterodelacomunidad.com\/?p=20481"},"modified":"2025-07-03T22:49:42","modified_gmt":"2025-07-04T05:49:42","slug":"columna-nada-personal-mas-foros-menos-resultados-el-eterno-pendiente-del-deporte-en-sonora-el-salon-de-la-fama-mas-que-un-homenaje-un-termometro-del-deporte-hermosillense","status":"publish","type":"post","link":"https:\/\/elreporterodelacomunidad.com\/index.php\/2025\/07\/03\/columna-nada-personal-mas-foros-menos-resultados-el-eterno-pendiente-del-deporte-en-sonora-el-salon-de-la-fama-mas-que-un-homenaje-un-termometro-del-deporte-hermosillense\/","title":{"rendered":"Columna: Nada Personal. M\u00e1s foros, menos resultados: el eterno pendiente del deporte en Sonora. El Sal\u00f3n de la Fama: m\u00e1s que un homenaje, un term\u00f3metro del deporte hermosillense."},"content":{"rendered":"\n<p>Hermosillo, Sonora a 04 de julio de 2025.- En Sonora, la pol\u00edtica deportiva sigue siendo reh\u00e9n del discurso y no de los resultados. Esta semana, el Congreso del Estado celebr\u00f3 con bombo y platillo el inicio de una \u201cconsulta ciudadana\u201d sobre la reforma a la Ley de Cultura F\u00edsica y Deporte.<\/p>\n\n\n\n<p>La diputada Marcela Valenzuela, de Morena, impulsa una modificaci\u00f3n para exentar de contribuciones municipales a quienes organicen eventos deportivos sin fines de lucro. Una propuesta loable en el papel, pero completamente insuficiente frente a la cruda realidad que enfrentan los atletas sonorenses.<\/p>\n\n\n\n<p>Los foros, las mesas de di\u00e1logo, las consultas\u2026 todo parece una repetici\u00f3n c\u00edclica de buenas intenciones que nunca aterrizan en acciones concretas. Mientras en los auditorios se reparten micr\u00f3fonos y se habla de &#8220;incentivar la actividad f\u00edsica&#8221;, en la cancha real \u2014la de los entrenamientos y las competencias\u2014 los atletas siguen batallando con la falta de apoyos, las instalaciones en mal estado, y una burocracia estatal que suele estar m\u00e1s interesada en salir en la foto que en gestionar soluciones de fondo.<\/p>\n\n\n\n<p>Se escuchan palabras como \u201cequidad\u201d, \u201cinclusi\u00f3n\u201d, \u201ctalento\u201d, pero \u00bfd\u00f3nde est\u00e1 el seguimiento a los atletas que representan a Sonora a nivel nacional e internacional? \u00bfD\u00f3nde est\u00e1n los recursos que les permitan desarrollarse con dignidad? Una campeona nacional en tiro con arco, Isabel G\u00f3mez Uribe, estuvo presente en el evento. Ojal\u00e1 no haya sido s\u00f3lo un acto simb\u00f3lico. Porque si algo necesitan nuestros deportistas es menos actos simb\u00f3licos y m\u00e1s respaldo real.<\/p>\n\n\n\n<p>La consulta, que promete recoger las voces de promotores deportivos, estudiantes y autoridades locales, podr\u00eda ser un paso positivo\u2026 si no fuera porque este tipo de ejercicios ya han ocurrido antes, sin resultados palpables. \u00bfO acaso hemos olvidado las demandas de los atletas paral\u00edmpicos por falta de uniformes? \u00bfO la constante migraci\u00f3n de talento deportivo a otros estados por falta de apoyos?<\/p>\n\n\n\n<p>El pr\u00f3ximo foro ser\u00e1 el 8 de julio. Otra cita, otro documento, otra mesa. Pero el reloj sigue corriendo para una generaci\u00f3n de atletas que no puede esperar. La cultura f\u00edsica en Sonora no necesita m\u00e1s papel sellado: necesita decisiones pol\u00edticas valientes, presupuestos reales y voluntad de transformar el discurso en acci\u00f3n. Hasta entonces, todo este ejercicio corre el riesgo de ser s\u00f3lo eso: una puesta en escena.<\/p>\n\n\n\n<p class=\"has-text-align-center\"><img loading=\"lazy\" decoding=\"async\" width=\"500\" height=\"266\" class=\"wp-image-20483\" style=\"width: 500px;\" src=\"https:\/\/elreporterodelacomunidad.com\/wp-content\/uploads\/2025\/07\/thumbnail_WhatsApp-Image-2025-06-30-at-1.17.29-PM.jpg\" alt=\"\" srcset=\"https:\/\/elreporterodelacomunidad.com\/wp-content\/uploads\/2025\/07\/thumbnail_WhatsApp-Image-2025-06-30-at-1.17.29-PM.jpg 1600w, https:\/\/elreporterodelacomunidad.com\/wp-content\/uploads\/2025\/07\/thumbnail_WhatsApp-Image-2025-06-30-at-1.17.29-PM-300x159.jpg 300w, https:\/\/elreporterodelacomunidad.com\/wp-content\/uploads\/2025\/07\/thumbnail_WhatsApp-Image-2025-06-30-at-1.17.29-PM-1024x544.jpg 1024w, https:\/\/elreporterodelacomunidad.com\/wp-content\/uploads\/2025\/07\/thumbnail_WhatsApp-Image-2025-06-30-at-1.17.29-PM-768x408.jpg 768w, https:\/\/elreporterodelacomunidad.com\/wp-content\/uploads\/2025\/07\/thumbnail_WhatsApp-Image-2025-06-30-at-1.17.29-PM-1536x816.jpg 1536w, https:\/\/elreporterodelacomunidad.com\/wp-content\/uploads\/2025\/07\/thumbnail_WhatsApp-Image-2025-06-30-at-1.17.29-PM-750x398.jpg 750w, https:\/\/elreporterodelacomunidad.com\/wp-content\/uploads\/2025\/07\/thumbnail_WhatsApp-Image-2025-06-30-at-1.17.29-PM-1140x606.jpg 1140w\" sizes=\"auto, (max-width: 500px) 100vw, 500px\" \/><\/p>\n\n\n\n<p><strong>El Sal\u00f3n de la Fama: m\u00e1s que un homenaje, un term\u00f3metro del deporte hermosillense.<\/strong><\/p>\n\n\n\n<p>La reciente convocatoria lanzada por el Instituto del Deporte de Hermosillo (IDH) para integrar nuevos miembros al Sal\u00f3n de la Fama del Deportista Hermosillense no es solo un acto ceremonial: es un ejercicio de memoria, validaci\u00f3n y diagn\u00f3stico del desarrollo deportivo local.<\/p>\n\n\n\n<p>Al abrir el registro del 1 de julio al 31 de octubre de 2025, el IDH invita a mirar hacia atr\u00e1s, pero tambi\u00e9n a reflexionar sobre las estructuras que han permitido \u2014o limitado\u2014 que ciertos nombres trasciendan.<\/p>\n\n\n\n<p>El proceso, que culminar\u00e1 con la entronizaci\u00f3n de hasta diez personas en diciembre, incluye una convocatoria amplia que involucra a clubes, instituciones y ciudadan\u00eda. Esta apertura es valiosa, pero tambi\u00e9n plantea preguntas: \u00bfqu\u00e9 tanto conocemos a nuestros \u00eddolos deportivos?, \u00bfqui\u00e9nes est\u00e1n construyendo el presente deportivo de Hermosillo con proyecci\u00f3n hacia el futuro?, \u00bfy qu\u00e9 papel juegan los cronistas, entrenadores y \u00e1rbitros en esa construcci\u00f3n?<\/p>\n\n\n\n<p>La selecci\u00f3n no se limita al rendimiento deportivo. Tambi\u00e9n se eval\u00faa la trayectoria, el comportamiento \u00e9tico y la contribuci\u00f3n al tejido deportivo de la ciudad. En un contexto donde el reconocimiento institucional es escaso, este tipo de homenajes adquiere una relevancia doble: dan visibilidad y otorgan legitimidad.<\/p>\n\n\n\n<p>Al final, el Sal\u00f3n de la Fama no solo inmortaliza nombres; ofrece un espejo de lo que Hermosillo valora en su cultura deportiva. Y eso, en tiempos donde la memoria colectiva es cada vez m\u00e1s fugaz, lo convierte en un espacio fundamental para pensar el deporte como parte de nuestra identidad social.<\/p>\n\n\n\n<p class=\"has-text-align-center\"><img loading=\"lazy\" decoding=\"async\" width=\"500\" height=\"250\" class=\"wp-image-20484\" style=\"width: 500px;\" src=\"https:\/\/elreporterodelacomunidad.com\/wp-content\/uploads\/2025\/07\/d-750x375-1.jpg\" alt=\"\" srcset=\"https:\/\/elreporterodelacomunidad.com\/wp-content\/uploads\/2025\/07\/d-750x375-1.jpg 750w, https:\/\/elreporterodelacomunidad.com\/wp-content\/uploads\/2025\/07\/d-750x375-1-300x150.jpg 300w, https:\/\/elreporterodelacomunidad.com\/wp-content\/uploads\/2025\/07\/d-750x375-1-360x180.jpg 360w\" sizes=\"auto, (max-width: 500px) 100vw, 500px\" \/><\/p>\n\n\n\n<p><strong>Por hoy es todo, s\u00edgueme en:<\/strong><\/p>\n\n\n\n<p>www.elreporterodelacomunidad.com<\/p>\n\n\n\n<p>Twitter: @elreporteroson y @NPDeportes1<\/p>\n\n\n\n<p>Facebook: El Reportero de la Comunidad y Columna Nada Personal<\/p>\n\n\n\n<p>IG: elreporterodelcomunidad<\/p>\n\n\n\n<p>Tiktok: elreporterodelacomunidad<\/p>\n\n\n\n<p>Whatsapp: 6622217136<\/p>\n\n\n\n<p><\/p>\n","protected":false},"excerpt":{"rendered":"<p>Hermosillo, Sonora a 04 de julio de 2025.- En Sonora, la pol\u00edtica deportiva sigue siendo reh\u00e9n del discurso y no de los resultados. Esta semana, el Congreso del Estado celebr\u00f3 con bombo y platillo el inicio de una \u201cconsulta ciudadana\u201d sobre la reforma a la Ley de Cultura F\u00edsica y Deporte. La diputada Marcela Valenzuela, [&hellip;]<\/p>\n","protected":false},"author":4,"featured_media":20482,"comment_status":"open","ping_status":"open","sticky":false,"template":"","format":"standard","meta":{"footnotes":""},"categories":[57,47,33,53,51,34,50,48,54,26,29,27,45],"tags":[],"class_list":["post-20481","post","type-post","status-publish","format-standard","has-post-thumbnail","hentry","category-carlos-alberto-gutierrez-celaya","category-columnas","category-deportes","category-editorial","category-elreporterodelacomunidad","category-general","category-nadapersonal","category-noticiasdestacadas","category-picandocresta","category-principal","category-principalsecundaria","category-ultimahora","category-ultimasnoticias"],"_links":{"self":[{"href":"https:\/\/elreporterodelacomunidad.com\/index.php\/wp-json\/wp\/v2\/posts\/20481","targetHints":{"allow":["GET"]}}],"collection":[{"href":"https:\/\/elreporterodelacomunidad.com\/index.php\/wp-json\/wp\/v2\/posts"}],"about":[{"href":"https:\/\/elreporterodelacomunidad.com\/index.php\/wp-json\/wp\/v2\/types\/post"}],"author":[{"embeddable":true,"href":"https:\/\/elreporterodelacomunidad.com\/index.php\/wp-json\/wp\/v2\/users\/4"}],"replies":[{"embeddable":true,"href":"https:\/\/elreporterodelacomunidad.com\/index.php\/wp-json\/wp\/v2\/comments?post=20481"}],"version-history":[{"count":1,"href":"https:\/\/elreporterodelacomunidad.com\/index.php\/wp-json\/wp\/v2\/posts\/20481\/revisions"}],"predecessor-version":[{"id":20485,"href":"https:\/\/elreporterodelacomunidad.com\/index.php\/wp-json\/wp\/v2\/posts\/20481\/revisions\/20485"}],"wp:featuredmedia":[{"embeddable":true,"href":"https:\/\/elreporterodelacomunidad.com\/index.php\/wp-json\/wp\/v2\/media\/20482"}],"wp:attachment":[{"href":"https:\/\/elreporterodelacomunidad.com\/index.php\/wp-json\/wp\/v2\/media?parent=20481"}],"wp:term":[{"taxonomy":"category","embeddable":true,"href":"https:\/\/elreporterodelacomunidad.com\/index.php\/wp-json\/wp\/v2\/categories?post=20481"},{"taxonomy":"post_tag","embeddable":true,"href":"https:\/\/elreporterodelacomunidad.com\/index.php\/wp-json\/wp\/v2\/tags?post=20481"}],"curies":[{"name":"wp","href":"https:\/\/api.w.org\/{rel}","templated":true}]}}