{"id":20459,"date":"2025-07-03T12:43:53","date_gmt":"2025-07-03T19:43:53","guid":{"rendered":"https:\/\/elreporterodelacomunidad.com\/?p=20459"},"modified":"2025-07-03T12:44:12","modified_gmt":"2025-07-03T19:44:12","slug":"invita-gobierno-de-sonora-a-participar-en-proceso-de-contratacion-de-nueva-opcion-de-bachillerato-en-cajeme-sec","status":"publish","type":"post","link":"https:\/\/elreporterodelacomunidad.com\/index.php\/2025\/07\/03\/invita-gobierno-de-sonora-a-participar-en-proceso-de-contratacion-de-nueva-opcion-de-bachillerato-en-cajeme-sec\/","title":{"rendered":"Invita Gobierno de Sonora a participar en proceso de contrataci\u00f3n de nueva opci\u00f3n de bachillerato en Cajeme: SEC."},"content":{"rendered":"\n<p>Hermosillo, Sonora a 03 de julio de 2025.- Derivado de la iniciativa de la presidenta Claudia Sheinbaum para expandir la oferta educativa de nivel medio superior en M\u00e9xico, y con el respaldo del gobernador Alfonso Durazo, se llevar\u00e1 a cabo la contrataci\u00f3n de docentes por tiempo fijo y personal administrativo para el Centro de Estudios de Bachillerato 9\/23 (CEB), ubicado en Providencia, Cajeme.<\/p>\n\n\n\n<p>El Gobierno de Sonora, a trav\u00e9s de la Secretar\u00eda de Educaci\u00f3n y Cultura (SEC), invit\u00f3 a las personas interesadas en formar parte de la plantilla docente y administrativa de los nuevos planteles, a participar en el proceso de registro que se llevar\u00e1 a cabo del 7 al 25 de julio, a trav\u00e9s del portal: https:\/\/preinscripcionceb.dgb.sep.gob.mx\/comunidadeducativa.<\/p>\n\n\n\n<p>El titular de la SEC, Froyl\u00e1n G\u00e1mez Gamboa, mencion\u00f3 que los aspirantes deber\u00e1n contar con t\u00edtulo o c\u00e9dula profesional, cumplir con el perfil profesiogr\u00e1fico y con los requisitos establecidos en el Manual de Organizaci\u00f3n de los CEB, as\u00ed como contar con dictamen de compatibilidad de empleo, entre otros requisitos que podr\u00e1n consultarse en el portal a partir del 7 de julio.<\/p>\n\n\n\n<p>Los resultados del proceso de selecci\u00f3n ser\u00e1n publicados en la p\u00e1gina oficial de la Direcci\u00f3n General de Bachillerato de la SEP: https:\/\/dgb.sep.gob.mx\/ a partir del 1\u00b0 de agosto, y las clases comenzar\u00e1n el 1 de septiembre en las instalaciones de la secundaria \u201cMar\u00eda Magdalena Sp\u00edndola Garc\u00eda\u201d, del municipio de Cajeme, en el turno vespertino.<\/p>\n\n\n\n<p>Cabe mencionar que, en enero de 2025, la presidenta anunci\u00f3 la creaci\u00f3n de los primeros 40 mil nuevos espacios en educaci\u00f3n media superior, con la construcci\u00f3n de 20 nuevas preparatorias, la ampliaci\u00f3n de 30 y la reconversi\u00f3n de 35 planteles de secundaria en el pa\u00eds.<\/p>\n","protected":false},"excerpt":{"rendered":"<p>Hermosillo, Sonora a 03 de julio de 2025.- Derivado de la iniciativa de la presidenta Claudia Sheinbaum para expandir la oferta educativa de nivel medio superior en M\u00e9xico, y con el respaldo del gobernador Alfonso Durazo, se llevar\u00e1 a cabo la contrataci\u00f3n de docentes por tiempo fijo y personal administrativo para el Centro de Estudios [&hellip;]<\/p>\n","protected":false},"author":4,"featured_media":20460,"comment_status":"open","ping_status":"open","sticky":false,"template":"","format":"standard","meta":{"footnotes":""},"categories":[36],"tags":[],"class_list":["post-20459","post","type-post","status-publish","format-standard","has-post-thumbnail","hentry","category-educacion"],"_links":{"self":[{"href":"https:\/\/elreporterodelacomunidad.com\/index.php\/wp-json\/wp\/v2\/posts\/20459","targetHints":{"allow":["GET"]}}],"collection":[{"href":"https:\/\/elreporterodelacomunidad.com\/index.php\/wp-json\/wp\/v2\/posts"}],"about":[{"href":"https:\/\/elreporterodelacomunidad.com\/index.php\/wp-json\/wp\/v2\/types\/post"}],"author":[{"embeddable":true,"href":"https:\/\/elreporterodelacomunidad.com\/index.php\/wp-json\/wp\/v2\/users\/4"}],"replies":[{"embeddable":true,"href":"https:\/\/elreporterodelacomunidad.com\/index.php\/wp-json\/wp\/v2\/comments?post=20459"}],"version-history":[{"count":1,"href":"https:\/\/elreporterodelacomunidad.com\/index.php\/wp-json\/wp\/v2\/posts\/20459\/revisions"}],"predecessor-version":[{"id":20461,"href":"https:\/\/elreporterodelacomunidad.com\/index.php\/wp-json\/wp\/v2\/posts\/20459\/revisions\/20461"}],"wp:featuredmedia":[{"embeddable":true,"href":"https:\/\/elreporterodelacomunidad.com\/index.php\/wp-json\/wp\/v2\/media\/20460"}],"wp:attachment":[{"href":"https:\/\/elreporterodelacomunidad.com\/index.php\/wp-json\/wp\/v2\/media?parent=20459"}],"wp:term":[{"taxonomy":"category","embeddable":true,"href":"https:\/\/elreporterodelacomunidad.com\/index.php\/wp-json\/wp\/v2\/categories?post=20459"},{"taxonomy":"post_tag","embeddable":true,"href":"https:\/\/elreporterodelacomunidad.com\/index.php\/wp-json\/wp\/v2\/tags?post=20459"}],"curies":[{"name":"wp","href":"https:\/\/api.w.org\/{rel}","templated":true}]}}