{"id":203,"date":"2024-05-15T00:00:00","date_gmt":"2024-05-15T07:00:00","guid":{"rendered":"https:\/\/elreporterodelacomunidad.com\/index.php\/2024\/05\/15\/conmemora-gobierno-de-sonora-dia-del-maestro-y-la-maestra\/"},"modified":"2024-05-18T21:51:50","modified_gmt":"2024-05-19T04:51:50","slug":"conmemora-gobierno-de-sonora-dia-del-maestro-y-la-maestra","status":"publish","type":"post","link":"https:\/\/elreporterodelacomunidad.com\/index.php\/2024\/05\/15\/conmemora-gobierno-de-sonora-dia-del-maestro-y-la-maestra\/","title":{"rendered":"<b style=\"color: rgb(36, 36, 36); font-family: Calibri, sans-serif; font-size: 14.6667px; text-align: justify; background-color: rgb(255, 255, 255);\">Conmemora Gobierno de Sonora D\u00eda del Maestro y la Maestra&nbsp;<\/b>"},"content":{"rendered":"<div dir=\"ltr\" style=\"border: 0px; font-variant-numeric: inherit; font-variant-east-asian: inherit; font-stretch: inherit; font-size: 15px; line-height: inherit; font-family: &quot;Segoe UI&quot;, &quot;Segoe UI Web (West European)&quot;, &quot;Segoe UI&quot;, -apple-system, BlinkMacSystemFont, Roboto, &quot;Helvetica Neue&quot;, sans-serif; margin: 0px; padding: 0px; vertical-align: baseline; color: rgb(36, 36, 36); background-color: rgb(255, 255, 255);\">\n<p class=\"x_MsoNormal\" style=\"margin: 0cm; text-align: justify; line-height: normal; font-size: 11pt; font-family: Calibri, sans-serif;\">Con la entrega de medallas, reconocimientos y est\u00edmulos a mil 116 docentes que cumplieron 40, 30 y 20 a\u00f1os de servicio educativo, el Gobierno de Sonora, a trav\u00e9s de la Secretar\u00eda de Educaci\u00f3n y Cultura (SEC), conmemor\u00f3 el D\u00eda del Maestro y la Maestra.<\/p>\n<\/div>\n<div dir=\"ltr\" style=\"border: 0px; font-variant-numeric: inherit; font-variant-east-asian: inherit; font-stretch: inherit; font-size: 15px; line-height: inherit; font-family: &quot;Segoe UI&quot;, &quot;Segoe UI Web (West European)&quot;, &quot;Segoe UI&quot;, -apple-system, BlinkMacSystemFont, Roboto, &quot;Helvetica Neue&quot;, sans-serif; margin: 0px; padding: 0px; vertical-align: baseline; color: rgb(36, 36, 36); background-color: rgb(255, 255, 255);\"><\/div>\n<div dir=\"ltr\" style=\"border: 0px; font-variant-numeric: inherit; font-variant-east-asian: inherit; font-stretch: inherit; font-size: 15px; line-height: inherit; font-family: &quot;Segoe UI&quot;, &quot;Segoe UI Web (West European)&quot;, &quot;Segoe UI&quot;, -apple-system, BlinkMacSystemFont, Roboto, &quot;Helvetica Neue&quot;, sans-serif; margin: 0px; padding: 0px; vertical-align: baseline; color: rgb(36, 36, 36); background-color: rgb(255, 255, 255);\">La dependencia estatal inform\u00f3 que los integrantes del magisterio, procedentes de los 72 municipios de Sonora, recibieron la medalla de plata &#8220;Profr. Amadeo Hern\u00e1ndez&#8221;, por 20 a\u00f1os de servicio y las medallas de oro &#8220;Eduardo W. Villa&#8221; y &#8220;Manuel Altamirano&#8221;, por 30 y 40 a\u00f1os, respectivamente.<\/div>\n<div dir=\"ltr\" style=\"border: 0px; font-variant-numeric: inherit; font-variant-east-asian: inherit; font-stretch: inherit; font-size: 15px; line-height: inherit; font-family: &quot;Segoe UI&quot;, &quot;Segoe UI Web (West European)&quot;, &quot;Segoe UI&quot;, -apple-system, BlinkMacSystemFont, Roboto, &quot;Helvetica Neue&quot;, sans-serif; margin: 0px; padding: 0px; vertical-align: baseline; color: rgb(36, 36, 36); background-color: rgb(255, 255, 255);\"><\/div>\n<div dir=\"ltr\" style=\"border: 0px; font-variant-numeric: inherit; font-variant-east-asian: inherit; font-stretch: inherit; font-size: 15px; line-height: inherit; font-family: &quot;Segoe UI&quot;, &quot;Segoe UI Web (West European)&quot;, &quot;Segoe UI&quot;, -apple-system, BlinkMacSystemFont, Roboto, &quot;Helvetica Neue&quot;, sans-serif; margin: 0px; padding: 0px; vertical-align: baseline; color: rgb(36, 36, 36); background-color: rgb(255, 255, 255);\">Asimismo, autoridades educativas, legislativas, sindicales y de gobierno, as\u00ed como representantes de los padres de familia, encabezaron una ceremonia conmemorativa en el Monumento al Maestro y una guardia de honor en memoria de las y los docentes que han fallecido.<\/div>\n<div dir=\"ltr\" style=\"border: 0px; font-variant-numeric: inherit; font-variant-east-asian: inherit; font-stretch: inherit; font-size: 15px; line-height: inherit; font-family: &quot;Segoe UI&quot;, &quot;Segoe UI Web (West European)&quot;, &quot;Segoe UI&quot;, -apple-system, BlinkMacSystemFont, Roboto, &quot;Helvetica Neue&quot;, sans-serif; margin: 0px; padding: 0px; vertical-align: baseline; color: rgb(36, 36, 36); background-color: rgb(255, 255, 255);\"><\/div>\n<div dir=\"ltr\" style=\"border: 0px; font-variant-numeric: inherit; font-variant-east-asian: inherit; font-stretch: inherit; font-size: 15px; line-height: inherit; font-family: &quot;Segoe UI&quot;, &quot;Segoe UI Web (West European)&quot;, &quot;Segoe UI&quot;, -apple-system, BlinkMacSystemFont, Roboto, &quot;Helvetica Neue&quot;, sans-serif; margin: 0px; padding: 0px; vertical-align: baseline; color: rgb(36, 36, 36); background-color: rgb(255, 255, 255);\">La SEC resalt\u00f3 la gran labor que realiza el magisterio sonorense para formar a las nuevas generaciones, enfrentando retos como la pandemia o el avance vertiginoso de las tecnolog\u00edas de la informaci\u00f3n y la comunicaci\u00f3n, entre otros aspectos que han redise\u00f1ado su labor en las aulas.<\/div>\n<div dir=\"ltr\" style=\"border: 0px; font-variant-numeric: inherit; font-variant-east-asian: inherit; font-stretch: inherit; font-size: 15px; line-height: inherit; font-family: &quot;Segoe UI&quot;, &quot;Segoe UI Web (West European)&quot;, &quot;Segoe UI&quot;, -apple-system, BlinkMacSystemFont, Roboto, &quot;Helvetica Neue&quot;, sans-serif; margin: 0px; padding: 0px; vertical-align: baseline; color: rgb(36, 36, 36); background-color: rgb(255, 255, 255);\"><\/div>\n<div dir=\"ltr\" style=\"border: 0px; font-variant-numeric: inherit; font-variant-east-asian: inherit; font-stretch: inherit; font-size: 15px; line-height: inherit; font-family: &quot;Segoe UI&quot;, &quot;Segoe UI Web (West European)&quot;, &quot;Segoe UI&quot;, -apple-system, BlinkMacSystemFont, Roboto, &quot;Helvetica Neue&quot;, sans-serif; margin: 0px; padding: 0px; vertical-align: baseline; color: rgb(36, 36, 36); background-color: rgb(255, 255, 255);\">Durante el evento conmemorativo tambi\u00e9n se entregaron reconocimientos a las y los docentes de Agua Prieta, Hermosillo, Cajeme, Altar, Guaymas, Navojoa y Huatabampo que fueron seleccionados ganadores de la convocatoria \u201cMejores Pr\u00e1cticas por una Educaci\u00f3n Transformadora\u201d.<\/div>\n","protected":false},"excerpt":{"rendered":"<p>Con la entrega de medallas, reconocimientos y est\u00edmulos a mil 116 docentes que cumplieron 40, 30 y 20 a\u00f1os de servicio educativo, el Gobierno de Sonora, a trav\u00e9s de la Secretar\u00eda de Educaci\u00f3n y Cultura (SEC), conmemor\u00f3 el D\u00eda del Maestro y la Maestra. La dependencia estatal inform\u00f3 que los integrantes del magisterio, procedentes de [&hellip;]<\/p>\n","protected":false},"author":1,"featured_media":529,"comment_status":"open","ping_status":"open","sticky":false,"template":"","format":"standard","meta":{"footnotes":""},"categories":[36],"tags":[],"class_list":["post-203","post","type-post","status-publish","format-standard","has-post-thumbnail","hentry","category-educacion"],"_links":{"self":[{"href":"https:\/\/elreporterodelacomunidad.com\/index.php\/wp-json\/wp\/v2\/posts\/203","targetHints":{"allow":["GET"]}}],"collection":[{"href":"https:\/\/elreporterodelacomunidad.com\/index.php\/wp-json\/wp\/v2\/posts"}],"about":[{"href":"https:\/\/elreporterodelacomunidad.com\/index.php\/wp-json\/wp\/v2\/types\/post"}],"author":[{"embeddable":true,"href":"https:\/\/elreporterodelacomunidad.com\/index.php\/wp-json\/wp\/v2\/users\/1"}],"replies":[{"embeddable":true,"href":"https:\/\/elreporterodelacomunidad.com\/index.php\/wp-json\/wp\/v2\/comments?post=203"}],"version-history":[{"count":1,"href":"https:\/\/elreporterodelacomunidad.com\/index.php\/wp-json\/wp\/v2\/posts\/203\/revisions"}],"predecessor-version":[{"id":528,"href":"https:\/\/elreporterodelacomunidad.com\/index.php\/wp-json\/wp\/v2\/posts\/203\/revisions\/528"}],"wp:featuredmedia":[{"embeddable":true,"href":"https:\/\/elreporterodelacomunidad.com\/index.php\/wp-json\/wp\/v2\/media\/529"}],"wp:attachment":[{"href":"https:\/\/elreporterodelacomunidad.com\/index.php\/wp-json\/wp\/v2\/media?parent=203"}],"wp:term":[{"taxonomy":"category","embeddable":true,"href":"https:\/\/elreporterodelacomunidad.com\/index.php\/wp-json\/wp\/v2\/categories?post=203"},{"taxonomy":"post_tag","embeddable":true,"href":"https:\/\/elreporterodelacomunidad.com\/index.php\/wp-json\/wp\/v2\/tags?post=203"}],"curies":[{"name":"wp","href":"https:\/\/api.w.org\/{rel}","templated":true}]}}