{"id":2022,"date":"2024-03-07T00:00:00","date_gmt":"2024-03-07T07:00:00","guid":{"rendered":"https:\/\/elreporterodelacomunidad.com\/index.php\/2024\/03\/07\/aseguran-cargamento-de-cristal-disfrazado-de-carbon-de-mezquite\/"},"modified":"2024-05-18T22:30:34","modified_gmt":"2024-05-19T05:30:34","slug":"aseguran-cargamento-de-cristal-disfrazado-de-carbon-de-mezquite","status":"publish","type":"post","link":"https:\/\/elreporterodelacomunidad.com\/index.php\/2024\/03\/07\/aseguran-cargamento-de-cristal-disfrazado-de-carbon-de-mezquite\/","title":{"rendered":"Aseguran cargamento de &#039;cristal&#039; disfrazado de carb\u00f3n de mezquite"},"content":{"rendered":"<p class=\"MsoNormal\">Agentes aduanales de Estados Unidos aseguraron en Nogales, Arizona, un cargamento de m\u00e1s de 130 kilos de droga oculta en carb\u00f3n de mezquite, durante el martes pasado.<\/p>\n<p class=\"MsoNormal\">Fueron agentes de Aduanas y Protecci\u00f3n Fronteriza (CBP, por sus siglas en ingl\u00e9s), quienes encontraron m\u00e1s de 130 kilos de de droga sint\u00e9tica dentro de un cargamento mezclado con carb\u00f3n de mezquite, mientras realizaban una inspecci\u00f3n el pasado 5 de marzo.<\/p>\n<p class=\"MsoNormal\">La revisi\u00f3n de rutina se llev\u00f3 a cabo en los andenes de la garita comercial Mariposa, en la frontera de Nogales.<\/p>\n<p class=\"MsoNormal\">Al realizar la inspecci\u00f3n en la caja de un semirremolque de un trailer que transportaba carb\u00f3n, los elementos de la CBP descubrieron un total de 136 kilos 900 gramos de metanfetaminas, equivalentes a 302 libras.<\/p>\n<p class=\"MsoNormal\">A pesar de los intentos de los traficantes para encubrir el cargamento de narc\u00f3ticos, los oficiales lograron detectar un detalle anormal entre los pedazos de carb\u00f3n de mezquite que buscaban cruzar al vecino pa\u00eds del norte.<\/p>\n<p class=\"MsoNormal\">Y es que los paquetes de droga sint\u00e9tica estaban ocultos en algunas de las bolsas de carb\u00f3n, algunos cubiertos con material y forma, de manera que parecieran de carb\u00f3n.<\/p>\n<p class=\"MsoNormal\">Asimismo, cabe recordar que el pasado 1 de febrero, los agentes migratorios realizaron un decomiso importante de m\u00e1s de 65 kilos de coca\u00edna, los cuales estaban ocultos entre rollos de l\u00e1minas de pl\u00e1stico, al interior de una caja de un cami\u00f3n de carga.<\/p>\n<p class=\"MsoNormal\">Dicho hallazgo se realiz\u00f3 en la misma garit, donde los agentes descubrieron que entre las l\u00e1minas se encontraba el cargamento de coca\u00edna, oculto al interior de los grandes rollos de pl\u00e1stico.<\/p>\n","protected":false},"excerpt":{"rendered":"<p>Agentes aduanales de Estados Unidos aseguraron en Nogales, Arizona, un cargamento de m\u00e1s de 130 kilos de droga.<\/p>\n","protected":false},"author":1,"featured_media":2025,"comment_status":"open","ping_status":"open","sticky":false,"template":"","format":"standard","meta":{"footnotes":""},"categories":[32],"tags":[],"class_list":["post-2022","post","type-post","status-publish","format-standard","has-post-thumbnail","hentry","category-policiaca"],"_links":{"self":[{"href":"https:\/\/elreporterodelacomunidad.com\/index.php\/wp-json\/wp\/v2\/posts\/2022","targetHints":{"allow":["GET"]}}],"collection":[{"href":"https:\/\/elreporterodelacomunidad.com\/index.php\/wp-json\/wp\/v2\/posts"}],"about":[{"href":"https:\/\/elreporterodelacomunidad.com\/index.php\/wp-json\/wp\/v2\/types\/post"}],"author":[{"embeddable":true,"href":"https:\/\/elreporterodelacomunidad.com\/index.php\/wp-json\/wp\/v2\/users\/1"}],"replies":[{"embeddable":true,"href":"https:\/\/elreporterodelacomunidad.com\/index.php\/wp-json\/wp\/v2\/comments?post=2022"}],"version-history":[{"count":1,"href":"https:\/\/elreporterodelacomunidad.com\/index.php\/wp-json\/wp\/v2\/posts\/2022\/revisions"}],"predecessor-version":[{"id":2024,"href":"https:\/\/elreporterodelacomunidad.com\/index.php\/wp-json\/wp\/v2\/posts\/2022\/revisions\/2024"}],"wp:featuredmedia":[{"embeddable":true,"href":"https:\/\/elreporterodelacomunidad.com\/index.php\/wp-json\/wp\/v2\/media\/2025"}],"wp:attachment":[{"href":"https:\/\/elreporterodelacomunidad.com\/index.php\/wp-json\/wp\/v2\/media?parent=2022"}],"wp:term":[{"taxonomy":"category","embeddable":true,"href":"https:\/\/elreporterodelacomunidad.com\/index.php\/wp-json\/wp\/v2\/categories?post=2022"},{"taxonomy":"post_tag","embeddable":true,"href":"https:\/\/elreporterodelacomunidad.com\/index.php\/wp-json\/wp\/v2\/tags?post=2022"}],"curies":[{"name":"wp","href":"https:\/\/api.w.org\/{rel}","templated":true}]}}