{"id":20020,"date":"2025-06-25T10:32:33","date_gmt":"2025-06-25T17:32:33","guid":{"rendered":"https:\/\/elreporterodelacomunidad.com\/?p=20020"},"modified":"2025-06-25T10:32:37","modified_gmt":"2025-06-25T17:32:37","slug":"columna-nada-personal-1-tono-astiazaran-el-alcalde-que-tambien-juega-por-el-deporte-2-en-sonora-educacion-y-nutricion-cimientos-del-futuro-sonorense","status":"publish","type":"post","link":"https:\/\/elreporterodelacomunidad.com\/index.php\/2025\/06\/25\/columna-nada-personal-1-tono-astiazaran-el-alcalde-que-tambien-juega-por-el-deporte-2-en-sonora-educacion-y-nutricion-cimientos-del-futuro-sonorense\/","title":{"rendered":"Columna Nada Personal: 1.- To\u00f1o Astiazar\u00e1n: El alcalde que tambi\u00e9n juega por el deporte. 2.- En Sonora, Educaci\u00f3n y nutrici\u00f3n: cimientos del futuro sonorense."},"content":{"rendered":"\n<p>En tiempos donde la pol\u00edtica suele caminar de espaldas a las verdaderas necesidades de la sociedad, es positivo ver una administraci\u00f3n municipal que no solo escucha, sino que act\u00faa.<\/p>\n\n\n\n<p>Antonio \u201cTo\u00f1o\u201d Astiazar\u00e1n, alcalde de Hermosillo, ha entendido algo fundamental: el deporte no es un lujo, es una herramienta de transformaci\u00f3n social. Y est\u00e1 demostrando que el talento hermosillense merece cancha abierta para competir en el mundo.<\/p>\n\n\n\n<p>Anunci\u00f3 47 apoyos econ\u00f3micos para atletas de diversas disciplinas, con una bolsa de 300 mil pesos destinada a cubrir traslados y estad\u00edas en pa\u00edses como Portugal, Estados Unidos, Colombia y Venezuela.<\/p>\n\n\n\n<p>No es una cifra menor, sobre todo si se considera el esfuerzo econ\u00f3mico que cada familia hace para mantener viva la esperanza deportiva de sus hijos. Lo que hace el Fondo Deportivo, creado bajo esta administraci\u00f3n, es nivelar el terreno de juego: apoyar a quienes s\u00ed se la est\u00e1n rifando en el tatami, el diamante, la duela o el cuadril\u00e1tero.<\/p>\n\n\n\n<p class=\"has-text-align-center\"><img loading=\"lazy\" decoding=\"async\" width=\"500\" height=\"612\" class=\"wp-image-20023\" style=\"width: 500px;\" src=\"https:\/\/elreporterodelacomunidad.com\/wp-content\/uploads\/2025\/06\/Inauguran-Tono-Astiazaran-y-Julio-Cesar-Chavez-rehabilitacion-de-campo-de-futbol-y-gimnasio-de-box-en-Los-Olivos2.jpg\" alt=\"\" srcset=\"https:\/\/elreporterodelacomunidad.com\/wp-content\/uploads\/2025\/06\/Inauguran-Tono-Astiazaran-y-Julio-Cesar-Chavez-rehabilitacion-de-campo-de-futbol-y-gimnasio-de-box-en-Los-Olivos2.jpg 1307w, https:\/\/elreporterodelacomunidad.com\/wp-content\/uploads\/2025\/06\/Inauguran-Tono-Astiazaran-y-Julio-Cesar-Chavez-rehabilitacion-de-campo-de-futbol-y-gimnasio-de-box-en-Los-Olivos2-245x300.jpg 245w, https:\/\/elreporterodelacomunidad.com\/wp-content\/uploads\/2025\/06\/Inauguran-Tono-Astiazaran-y-Julio-Cesar-Chavez-rehabilitacion-de-campo-de-futbol-y-gimnasio-de-box-en-Los-Olivos2-836x1024.jpg 836w, https:\/\/elreporterodelacomunidad.com\/wp-content\/uploads\/2025\/06\/Inauguran-Tono-Astiazaran-y-Julio-Cesar-Chavez-rehabilitacion-de-campo-de-futbol-y-gimnasio-de-box-en-Los-Olivos2-768x940.jpg 768w, https:\/\/elreporterodelacomunidad.com\/wp-content\/uploads\/2025\/06\/Inauguran-Tono-Astiazaran-y-Julio-Cesar-Chavez-rehabilitacion-de-campo-de-futbol-y-gimnasio-de-box-en-Los-Olivos2-1255x1536.jpg 1255w, https:\/\/elreporterodelacomunidad.com\/wp-content\/uploads\/2025\/06\/Inauguran-Tono-Astiazaran-y-Julio-Cesar-Chavez-rehabilitacion-de-campo-de-futbol-y-gimnasio-de-box-en-Los-Olivos2-750x918.jpg 750w, https:\/\/elreporterodelacomunidad.com\/wp-content\/uploads\/2025\/06\/Inauguran-Tono-Astiazaran-y-Julio-Cesar-Chavez-rehabilitacion-de-campo-de-futbol-y-gimnasio-de-box-en-Los-Olivos2-1140x1396.jpg 1140w\" sizes=\"auto, (max-width: 500px) 100vw, 500px\" \/><\/p>\n\n\n\n<p>To\u00f1o Astiazar\u00e1n no solo lanza primeras pelotas, corta listones o inaugura instalaciones en las colonias. En esta sexta sesi\u00f3n extraordinaria del Comit\u00e9 de Administraci\u00f3n del Fondo Deportivo, demostr\u00f3 una visi\u00f3n incluyente, abarcando tanto zonas urbanas como rurales, y lo m\u00e1s relevante: integrando a deportistas con discapacidad. Esos detalles dicen m\u00e1s que cualquier discurso.<\/p>\n\n\n\n<p>Este tipo de pol\u00edtica p\u00fablica, por modesta que parezca, tiene un impacto directo y emocional. Lo confirma Joel Eduardo Libreros, padre de una peque\u00f1a jugadora del equipo Ravens, quien viaja a McAllen, Texas, a representar a M\u00e9xico. \u00c9l lo dice sin rodeos: \u201cCon la llegada del presidente, no solamente ni\u00f1as de s\u00f3ftbol, sino de todos los deportes, se han beneficiado\u201d. Eso no es discurso, es testimonio.<\/p>\n\n\n\n<p>El deporte es identidad, es comunidad, y tambi\u00e9n es diplomacia social. Cuando un atleta viaja con el escudo de Hermosillo en el pecho, no solo compite, representa. Por eso es tan importante que existan pol\u00edticas que respalden al atleta y a todo el esfuerzo, constancia y disciplina.<\/p>\n\n\n\n<p>Con estos apoyos, Hermosillo no solo exporta talento; exporta esperanza. Y To\u00f1o Astiazar\u00e1n, sin estridencias, est\u00e1 jugando su partido desde la pol\u00edtica, pero con los valores del deporte: compromiso, trabajo en equipo y visi\u00f3n a largo plazo.<\/p>\n\n\n\n<p class=\"has-text-align-center\"><img loading=\"lazy\" decoding=\"async\" width=\"500\" height=\"333\" class=\"wp-image-20022\" style=\"width: 500px;\" src=\"https:\/\/elreporterodelacomunidad.com\/wp-content\/uploads\/2025\/06\/WhatsApp-Image-2025-06-24-at-5.28.57-PM.jpeg\" alt=\"\" srcset=\"https:\/\/elreporterodelacomunidad.com\/wp-content\/uploads\/2025\/06\/WhatsApp-Image-2025-06-24-at-5.28.57-PM.jpeg 1200w, https:\/\/elreporterodelacomunidad.com\/wp-content\/uploads\/2025\/06\/WhatsApp-Image-2025-06-24-at-5.28.57-PM-300x200.jpeg 300w, https:\/\/elreporterodelacomunidad.com\/wp-content\/uploads\/2025\/06\/WhatsApp-Image-2025-06-24-at-5.28.57-PM-1024x683.jpeg 1024w, https:\/\/elreporterodelacomunidad.com\/wp-content\/uploads\/2025\/06\/WhatsApp-Image-2025-06-24-at-5.28.57-PM-768x512.jpeg 768w, https:\/\/elreporterodelacomunidad.com\/wp-content\/uploads\/2025\/06\/WhatsApp-Image-2025-06-24-at-5.28.57-PM-750x500.jpeg 750w, https:\/\/elreporterodelacomunidad.com\/wp-content\/uploads\/2025\/06\/WhatsApp-Image-2025-06-24-at-5.28.57-PM-1140x760.jpeg 1140w\" sizes=\"auto, (max-width: 500px) 100vw, 500px\" \/><\/p>\n\n\n\n<p class=\"has-text-align-center\"><strong>Educaci\u00f3n y nutrici\u00f3n: cimientos del futuro sonorense.<\/strong><\/p>\n\n\n\n<p>Con la firme convicci\u00f3n de que la educaci\u00f3n p\u00fablica debe ser un derecho garantizado para todas y todos, el gobernador de Sonora, Alfonso Durazo Monta\u00f1o, dio esta semana un paso importante en el fortalecimiento del sistema educativo estatal al arrancar la distribuci\u00f3n de m\u00e1s de tres millones de libros de texto gratuitos y supervisar la entrega de desayunos escolares en planteles de educaci\u00f3n b\u00e1sica.<\/p>\n\n\n\n<p>Este tipo de acciones representan una pol\u00edtica p\u00fablica con impacto directo en la vida diaria de miles de ni\u00f1as, ni\u00f1os y adolescentes. Los libros de texto \u2014m\u00e1s de tres millones 373 mil ejemplares\u2014 no solo democratizan el acceso al conocimiento, sino que lo hacen en condiciones de equidad para estudiantes de preescolar, primaria, secundaria, telesecundaria y educaci\u00f3n especial.<\/p>\n\n\n\n<p>Adem\u00e1s, la supervisi\u00f3n del programa de Alimentaci\u00f3n Escolar, que atiende a m\u00e1s de 180 mil estudiantes con desayunos fr\u00edos y calientes, pone sobre la mesa un tema clave en el binomio educaci\u00f3n-salud: el estado nutricional de los menores. Est\u00e1 comprobado que una alimentaci\u00f3n adecuada mejora el rendimiento acad\u00e9mico, la concentraci\u00f3n y reduce la deserci\u00f3n escolar.<\/p>\n\n\n\n<p>La visita del mandatario a la primaria \u201cRam\u00f3n Guillermo Bonfil Viveros\u201d no solo env\u00eda un mensaje de compromiso, tambi\u00e9n da cuenta de la escala y log\u00edstica detr\u00e1s de estas iniciativas. M\u00e1s de 30 millones de raciones alimentarias est\u00e1n contempladas para el pr\u00f3ximo ciclo escolar, un esfuerzo que no puede entenderse sin la colaboraci\u00f3n activa entre escuelas, autoridades y comunidad.<\/p>\n\n\n\n<p>Por \u00faltimo, el reconocimiento entregado a la escolta y banda de guerra de la secundaria 31, premiadas a nivel nacional, recuerda que el desarrollo integral del alumnado tambi\u00e9n incluye el arte, la disciplina y la identidad. La educaci\u00f3n p\u00fablica, cuando se acompa\u00f1a de voluntad pol\u00edtica y visi\u00f3n social, puede ser el motor m\u00e1s poderoso para transformar una sociedad.<\/p>\n\n\n\n<p><strong>Punto extra:<\/strong> Que funcionario de primer nivel deportivo en Sonora, asiste a eventos escolares, pero hace a un lado a los atletas de alto rendimiento que van a Juegos Nacionales Conade?.<\/p>\n\n\n\n<p><strong>Por hoy es todo, s\u00edgueme en:<\/strong><\/p>\n\n\n\n<p>www.elreporterodelacomunidad.com<\/p>\n\n\n\n<p>Twitter: @elreporteroson y @NPDeportes1<\/p>\n\n\n\n<p>Facebook: El Reportero de la Comunidad y Columna Nada Personal<\/p>\n\n\n\n<p>IG: elreporterodelcomunidad<\/p>\n\n\n\n<p>Tiktok: elreporterodelacomunidad<\/p>\n\n\n\n<p>Whatsapp: 6622217136<\/p>\n","protected":false},"excerpt":{"rendered":"<p>En tiempos donde la pol\u00edtica suele caminar de espaldas a las verdaderas necesidades de la sociedad, es positivo ver una administraci\u00f3n municipal que no solo escucha, sino que act\u00faa. Antonio \u201cTo\u00f1o\u201d Astiazar\u00e1n, alcalde de Hermosillo, ha entendido algo fundamental: el deporte no es un lujo, es una herramienta de transformaci\u00f3n social. Y est\u00e1 demostrando que [&hellip;]<\/p>\n","protected":false},"author":4,"featured_media":20021,"comment_status":"open","ping_status":"open","sticky":false,"template":"","format":"standard","meta":{"footnotes":""},"categories":[57,47,33,53,51,34,50,48,54,26,29,27,45],"tags":[],"class_list":["post-20020","post","type-post","status-publish","format-standard","has-post-thumbnail","hentry","category-carlos-alberto-gutierrez-celaya","category-columnas","category-deportes","category-editorial","category-elreporterodelacomunidad","category-general","category-nadapersonal","category-noticiasdestacadas","category-picandocresta","category-principal","category-principalsecundaria","category-ultimahora","category-ultimasnoticias"],"_links":{"self":[{"href":"https:\/\/elreporterodelacomunidad.com\/index.php\/wp-json\/wp\/v2\/posts\/20020","targetHints":{"allow":["GET"]}}],"collection":[{"href":"https:\/\/elreporterodelacomunidad.com\/index.php\/wp-json\/wp\/v2\/posts"}],"about":[{"href":"https:\/\/elreporterodelacomunidad.com\/index.php\/wp-json\/wp\/v2\/types\/post"}],"author":[{"embeddable":true,"href":"https:\/\/elreporterodelacomunidad.com\/index.php\/wp-json\/wp\/v2\/users\/4"}],"replies":[{"embeddable":true,"href":"https:\/\/elreporterodelacomunidad.com\/index.php\/wp-json\/wp\/v2\/comments?post=20020"}],"version-history":[{"count":1,"href":"https:\/\/elreporterodelacomunidad.com\/index.php\/wp-json\/wp\/v2\/posts\/20020\/revisions"}],"predecessor-version":[{"id":20024,"href":"https:\/\/elreporterodelacomunidad.com\/index.php\/wp-json\/wp\/v2\/posts\/20020\/revisions\/20024"}],"wp:featuredmedia":[{"embeddable":true,"href":"https:\/\/elreporterodelacomunidad.com\/index.php\/wp-json\/wp\/v2\/media\/20021"}],"wp:attachment":[{"href":"https:\/\/elreporterodelacomunidad.com\/index.php\/wp-json\/wp\/v2\/media?parent=20020"}],"wp:term":[{"taxonomy":"category","embeddable":true,"href":"https:\/\/elreporterodelacomunidad.com\/index.php\/wp-json\/wp\/v2\/categories?post=20020"},{"taxonomy":"post_tag","embeddable":true,"href":"https:\/\/elreporterodelacomunidad.com\/index.php\/wp-json\/wp\/v2\/tags?post=20020"}],"curies":[{"name":"wp","href":"https:\/\/api.w.org\/{rel}","templated":true}]}}