{"id":1989,"date":"2024-03-08T00:00:00","date_gmt":"2024-03-08T07:00:00","guid":{"rendered":"https:\/\/elreporterodelacomunidad.com\/index.php\/2024\/03\/08\/mujeres-alzan-la-voz-en-hermosillo-exigen-justicia-y-no-mas-feminicidios-fotos\/"},"modified":"2024-03-08T00:00:00","modified_gmt":"2024-03-08T07:00:00","slug":"mujeres-alzan-la-voz-en-hermosillo-exigen-justicia-y-no-mas-feminicidios-fotos","status":"publish","type":"post","link":"https:\/\/elreporterodelacomunidad.com\/index.php\/2024\/03\/08\/mujeres-alzan-la-voz-en-hermosillo-exigen-justicia-y-no-mas-feminicidios-fotos\/","title":{"rendered":"Mujeres alzan la voz en Hermosillo; exigen justicia y no m\u00e1s feminicidios (FOTOS)"},"content":{"rendered":"<p class=\"MsoNormal\">Desde que ten\u00eda 18 a\u00f1os, Gilda Salazar ha marchado exigiendo igualdad, respeto y justicia para las mujeres, hoy a sus 71 a\u00f1os su lucha sigue vigente, junto a miles de mujeres que este 8 de marzo recorrieron las principales calles de Hermosillo con el mismo prop\u00f3sito que ha perdurado por generaciones.<\/p>\n<p class=\"MsoNormal\">Poco antes de las 16:00 horas de este viernes, cientos de mujeres comenzaron a llegar a las escalinatas del Museo Biblioteca de la Universidad de Sonora (Unison) en Hermosillo, congreg\u00e1ndose para marchar por las calles de la ciudad para exigir justicia por los feminicidios y alzar la voz en contra de la violencia de g\u00e9nero.<\/p>\n<p class=\"MsoNormal\">Para Gilda Salazar estos movimientos no son una reuni\u00f3n m\u00e1s, son una expresi\u00f3n callejera, impulsadas por las pioneras en el feminismo y que una generaci\u00f3n completamente diferente a la suya sigue defendiendo.<\/p>\n<p class=\"MsoNormal\">\u201cNosotras estamos luchando, qu\u00e9 te digo, hace 40 a\u00f1os, entonces esto que vemos ahora es la expresi\u00f3n de la historia, representa que contin\u00faa la necesidad y la demanda, y ahora m\u00e1s acentuado por todo el tema de la exacerbaci\u00f3n de la violencia hacia las mujeres, una violencia estructural generalizada, pero una violencia muy espec\u00edfica hacia las mujeres\u201d, declar\u00f3 la antrop\u00f3loga e investigadora.<\/p>\n<p class=\"MsoNormal\">En la fresca tarde, a la distancia, destacaban el color violeta y verde, as\u00ed como una serie de letreros y pancartas con distintas consignas, \u00a1Ni una m\u00e1s, ni una m\u00e1s!, \u00a1Justicia!, \u00a1Somos m\u00e1s fuertes que el miedo!, se le\u00eda en algunos.<\/p>\n<p class=\"MsoNormal\">Por su parte, elementos de la Polic\u00eda de Tr\u00e1nsito Municipal llegaron para realizar las acciones preventivas para salvaguardar a las personas presentes, el bulevar Rosales se despej\u00f3 de autom\u00f3viles, y durante unos minutos se cre\u00f3 un silencio&#8230; a lo lejos comenz\u00f3 a sonar una guitarra y cantos.<\/p>\n<p class=\"MsoNormal\">Desde el interior del campus, otro grupo de mujeres de la comunidad universitaria salieron hacia al museo para integrarse a las manifestantes, a pocos minutos de iniciar, en el lugar, las participantes se volvieron miles.<\/p>\n<p class=\"MsoNormal\">En punto de las 17:00 horas dio inicio la marcha en conmemoraci\u00f3n del D\u00eda Internacional de la Mujer; miles de mujeres tomaron las calles del Centro de la capital sonorense con rumbo a la explanada que une la sede del Poder Legislativo y del Poder Judicial, para manifestarse por la situaci\u00f3n actual que viven millones de mujeres, no solo en el estado, sino en el pa\u00eds y el mundo.<\/p>\n<p class=\"MsoNormal\">Se trata de un movimiento donde sigue predominando el violeta, pero ahora tambi\u00e9n el color negro, donde los rostros de algunas est\u00e1n cubiertos, pero en sus ojos se ve el hartazgo causado por a\u00f1os de injusticias.<\/p>\n<p class=\"MsoNormal\">\u00a1NI UNA M\u00c1S, JUSTICIA, JUSTICIA, JUSTICIA!, sonaron las consignas cada vez m\u00e1s en un altavoz, tambi\u00e9n en los carteles y cartulinas que portaban las manifestantes se leyeron nombres de v\u00edctimas de desaparici\u00f3n y feminicidio.<\/p>\n<p class=\"MsoNormal\">Un grupo de estudiantes de la Unison hicieron un llamado para unirse a este movimiento, ya sea de manera presencial o a trav\u00e9s de redes sociales, subiendo una foto o un comentario para visibilizar esta causa.<\/p>\n<p class=\"MsoNormal\">&#8220;Todas hemos sufrido violencia y acoso en alg\u00fan momento de nuestras vidas, al igual que familiares y amigas, no conozco ninguna mujer que no haya pasado por eso&#8221;, expres\u00f3 una participante.<\/p>\n<p class=\"MsoNormal\">&#8220;Venimos a marchar para apoyar la causa y el movimiento por todas las mujeres, queremos que pare la violencia, queremos paz&#8221;, resalt\u00f3 otra.<\/p>\n<p class=\"MsoNormal\">A su llegada al Congreso del Estado las miles de personas que conformaron los diversos colectivos que integraron la marcha se establecieron de forma fija para seguir con las consignas, los cantos y los gritos; la ola violeta se hizo presente m\u00e1s fuerte.<\/p>\n<p class=\"MsoNormal\">A un costado, desde las afueras del Poder Judicial se llev\u00f3 a cabo la lectura de los manifiestos donde se prioriz\u00f3 la exigencia de justicia, protecci\u00f3n y erradicaci\u00f3n de la violencia de g\u00e9nero.<\/p>\n<p class=\"MsoNormal\">Minutos despu\u00e9s unos golpes azotaron las puertas del recinto en un intento inicial de entrar a este. Las voces se alzaron, as\u00ed como los cantos, consignas y golpes que no cesaron; los pu\u00f1os y los carteles se mantuvieron arriba durante toda la protesta.<\/p>\n<p class=\"MsoNormal\">Tras varios intentos por incendiar ventanas del edificio tras su hartazgo derivado de la inseguridad que expresaron en su marcha, un grupo de mujeres uniformadas acordonaron el \u00e1rea formando una barrera humana para impedir que las manifestantes se acercaran m\u00e1s al inmueble.<\/p>\n<p class=\"MsoNormal\">Al lugar arribaron elementos del cuerpo de bomberos y una ambulancia, mientras la barrera humana realizada por mujeres polic\u00eda permaneci\u00f3 con la intenci\u00f3n de resguardar y prevenir un altercado.<\/p>\n<p class=\"MsoNormal\">Tras estos momentos y acciones, de a poco las manifestantes se dispersaron, pero a\u00fan quedaba una gran cantidad de personas en la explanada. Se acabaron los cantos, se acabaron las consignas durante ese d\u00eda, pero el reclamo y las exigencias no. El Sol de Hermosillo.<\/p>\n","protected":false},"excerpt":{"rendered":"<p>Desde que ten\u00eda 18 a\u00f1os, Gilda Salazar ha marchado exigiendo igualdad, respeto y justicia para las mujeres, hoy a sus 71 a\u00f1os su lucha sigue vigente.<\/p>\n","protected":false},"author":1,"featured_media":1990,"comment_status":"open","ping_status":"open","sticky":false,"template":"","format":"standard","meta":{"footnotes":""},"categories":[29],"tags":[],"class_list":["post-1989","post","type-post","status-publish","format-standard","has-post-thumbnail","hentry","category-principalsecundaria"],"_links":{"self":[{"href":"https:\/\/elreporterodelacomunidad.com\/index.php\/wp-json\/wp\/v2\/posts\/1989","targetHints":{"allow":["GET"]}}],"collection":[{"href":"https:\/\/elreporterodelacomunidad.com\/index.php\/wp-json\/wp\/v2\/posts"}],"about":[{"href":"https:\/\/elreporterodelacomunidad.com\/index.php\/wp-json\/wp\/v2\/types\/post"}],"author":[{"embeddable":true,"href":"https:\/\/elreporterodelacomunidad.com\/index.php\/wp-json\/wp\/v2\/users\/1"}],"replies":[{"embeddable":true,"href":"https:\/\/elreporterodelacomunidad.com\/index.php\/wp-json\/wp\/v2\/comments?post=1989"}],"version-history":[{"count":0,"href":"https:\/\/elreporterodelacomunidad.com\/index.php\/wp-json\/wp\/v2\/posts\/1989\/revisions"}],"wp:featuredmedia":[{"embeddable":true,"href":"https:\/\/elreporterodelacomunidad.com\/index.php\/wp-json\/wp\/v2\/media\/1990"}],"wp:attachment":[{"href":"https:\/\/elreporterodelacomunidad.com\/index.php\/wp-json\/wp\/v2\/media?parent=1989"}],"wp:term":[{"taxonomy":"category","embeddable":true,"href":"https:\/\/elreporterodelacomunidad.com\/index.php\/wp-json\/wp\/v2\/categories?post=1989"},{"taxonomy":"post_tag","embeddable":true,"href":"https:\/\/elreporterodelacomunidad.com\/index.php\/wp-json\/wp\/v2\/tags?post=1989"}],"curies":[{"name":"wp","href":"https:\/\/api.w.org\/{rel}","templated":true}]}}