{"id":19869,"date":"2025-06-20T12:08:17","date_gmt":"2025-06-20T19:08:17","guid":{"rendered":"https:\/\/elreporterodelacomunidad.com\/?p=19869"},"modified":"2025-06-20T12:08:29","modified_gmt":"2025-06-20T19:08:29","slug":"columna-nada-personal-la-responsabilidad-de-ser-ejemplo","status":"publish","type":"post","link":"https:\/\/elreporterodelacomunidad.com\/index.php\/2025\/06\/20\/columna-nada-personal-la-responsabilidad-de-ser-ejemplo\/","title":{"rendered":"Columna: Nada Personal: La responsabilidad de ser ejemplo."},"content":{"rendered":"\n<p><strong>Autor: Carlos Alberto Guti\u00e9rrez Celaya.<\/strong><\/p>\n\n\n\n<p><strong>La responsabilidad de ser ejemplo.<\/strong><\/p>\n\n\n\n<p>En esta vida, todos podemos ser ejemplo para alguien m\u00e1s. No importa si se trata de un gesto noble o una actitud reprobable, nuestras acciones impactan, especialmente cuando se trata de figuras p\u00fablicas como los deportistas profesionales.<\/p>\n\n\n\n<p>Lo que ocurri\u00f3 recientemente entre Dodgers y Padres es un triste recordatorio de esto. Un partido que debi\u00f3 centrarse en el talento, la estrategia y el espect\u00e1culo, termin\u00f3 siendo una guerra de pelotazos, una batalla de egos donde lo deportivo pas\u00f3 a segundo plano. \u00bfQu\u00e9 mensaje deja eso a los millones de ni\u00f1os y j\u00f3venes que sue\u00f1an con llegar a Grandes Ligas?<\/p>\n\n\n\n<p>El b\u00e9isbol, ese deporte de precisi\u00f3n y paciencia, se transforma en una arena de venganza cuando un lanzador decide castigar al bateador rival. Se habla de &#8220;respeto al juego&#8221;, pero \u00bfqu\u00e9 respeto hay en arriesgar la carrera de un colega por un ajuste de cuentas? Casos sobran: un pelotazo mal colocado puede fracturar una mu\u00f1eca, causar una conmoci\u00f3n cerebral o incluso poner fin a una prometedora trayectoria. Lo m\u00e1s alarmante es la normalizaci\u00f3n. Se celebra la valent\u00eda del pitcher que &#8220;responde&#8221;, pero se ignora el ejemplo que est\u00e1 dando.<\/p>\n\n\n\n<p>En el f\u00fatbol no estamos mejor. Las im\u00e1genes de jugadores que se empujan, se insultan o se lanzan patadas sin bal\u00f3n son tan comunes como las repeticiones en c\u00e1mara lenta. Lo vimos en el \u00faltimo cl\u00e1sico sudamericano y en m\u00e1s de un derbi europeo. A veces los \u00e1rbitros ni siquiera amonestan, o la sanci\u00f3n es una multa irrisoria para quien gana millones al mes. Al final, queda la sensaci\u00f3n de que la violencia es parte del juego, cuando no deber\u00eda serlo.<\/p>\n\n\n\n<p>Los ni\u00f1os, que siguen cada jugada con la misma atenci\u00f3n con la que estudian a sus \u00eddolos, quieren parecerse a ellos. Quieren usar los mismos spikes de Fernando Tatis Jr., los lentes de Mookie Betts, la camiseta de Lionel Messi o los guantes de arquero de Ter Stegen. \u00bfY tambi\u00e9n van a querer adoptar su comportamiento cuando hay provocaciones o frustraciones? La influencia del deportista va m\u00e1s all\u00e1 del campo. En cada swing, en cada pase, en cada celebraci\u00f3n o reclamo, se construye una imagen que alguien va a imitar.<\/p>\n\n\n\n<p>Por eso, es urgente que las ligas, tanto en el b\u00e9isbol como en el f\u00fatbol, asuman con seriedad su papel en la formaci\u00f3n de valores. No basta con sancionar con uno o dos juegos de suspensi\u00f3n; deben reforzar campa\u00f1as de juego limpio, educaci\u00f3n emocional y responsabilidad social. Y los propios jugadores deben entender que su fama conlleva un peso: el de ser ejemplo, quieran o no.<\/p>\n\n\n\n<p>En el deporte, como en la vida, siempre seremos ejemplo para alguien. Que sea uno que valga la pena seguir.<\/p>\n\n\n\n<p class=\"has-text-align-center\"><img loading=\"lazy\" decoding=\"async\" width=\"500\" height=\"281\" class=\"wp-image-19871\" style=\"width: 500px;\" src=\"https:\/\/elreporterodelacomunidad.com\/wp-content\/uploads\/2025\/06\/131101154558_protection_464x261_reuters.jpg\" alt=\"\" srcset=\"https:\/\/elreporterodelacomunidad.com\/wp-content\/uploads\/2025\/06\/131101154558_protection_464x261_reuters.jpg 464w, https:\/\/elreporterodelacomunidad.com\/wp-content\/uploads\/2025\/06\/131101154558_protection_464x261_reuters-300x169.jpg 300w\" sizes=\"auto, (max-width: 500px) 100vw, 500px\" \/><\/p>\n\n\n\n<p class=\"has-text-align-center\"><strong>El internet expuesto: Cuando nuestras contrase\u00f1as dejan de ser nuestras.<\/strong><\/p>\n\n\n\n<p>Una filtraci\u00f3n sin precedentes ha sacudido los cimientos de la seguridad digital: m\u00e1s de 16 mil millones de credenciales han sido expuestas, afectando a usuarios de plataformas como Facebook, Apple, Google, Telegram y servicios gubernamentales. El hallazgo, revelado por Cybernews en una investigaci\u00f3n en curso desde principios de 2025, va mucho m\u00e1s all\u00e1 de una simple recopilaci\u00f3n de brechas antiguas. Se trata de datos recientes, estructurados y listos para ser utilizados por actores maliciosos.<\/p>\n\n\n\n<p>Este incidente representa un punto de quiebre en la percepci\u00f3n de privacidad en internet. Nombres de usuario, contrase\u00f1as, URLs y accesos a servicios cr\u00edticos quedaron al alcance de cualquiera con malas intenciones. Lo m\u00e1s alarmante es que gran parte de esta informaci\u00f3n no hab\u00eda sido reportada anteriormente como filtrada, lo que subraya lo vulnerable que sigue siendo la red en pleno 2025.<\/p>\n\n\n\n<p>Los expertos coinciden: estamos ante una nueva escala de amenaza. Darren Guccione, CEO de Keeper Security, lo resume con claridad: hoy, exponer informaci\u00f3n sensible es m\u00e1s f\u00e1cil que nunca. Y es que la ciberseguridad ya no es solo responsabilidad de las grandes plataformas, sino de cada usuario que navega, comparte y conf\u00eda su vida digital al sistema.<\/p>\n\n\n\n<p>Frente a esta realidad, la \u00fanica defensa efectiva est\u00e1 en la prevenci\u00f3n. Usar contrase\u00f1as \u00fanicas, complejas, cambiar regularmente las claves, habilitar la autenticaci\u00f3n en dos pasos y evitar redes p\u00fablicas inseguras, ya no es una sugerencia: es una necesidad. La cultura digital debe evolucionar, porque el costo de no hacerlo puede ser irreversible.<\/p>\n\n\n\n<p>La filtraci\u00f3n de hoy nos recuerda que, en internet, el descuido tiene consecuencias. Lo que est\u00e1 en juego no es solo una cuenta, sino nuestra identidad digital entera.<\/p>\n\n\n\n<p class=\"has-text-align-center\"><img loading=\"lazy\" decoding=\"async\" width=\"500\" height=\"357\" class=\"wp-image-19872\" style=\"width: 500px;\" src=\"https:\/\/elreporterodelacomunidad.com\/wp-content\/uploads\/2025\/06\/IMG_0059.jpeg\" alt=\"\" srcset=\"https:\/\/elreporterodelacomunidad.com\/wp-content\/uploads\/2025\/06\/IMG_0059.jpeg 700w, https:\/\/elreporterodelacomunidad.com\/wp-content\/uploads\/2025\/06\/IMG_0059-300x214.jpeg 300w, https:\/\/elreporterodelacomunidad.com\/wp-content\/uploads\/2025\/06\/IMG_0059-120x86.jpeg 120w, https:\/\/elreporterodelacomunidad.com\/wp-content\/uploads\/2025\/06\/IMG_0059-350x250.jpeg 350w\" sizes=\"auto, (max-width: 500px) 100vw, 500px\" \/><\/p>\n\n\n\n<p class=\"has-text-align-center\"><strong>Natalia Rivera, coordinadora de MC Sonora.<\/strong><\/p>\n\n\n\n<p>La designaci\u00f3n de Natalia Rivera como coordinadora estatal de Movimiento Ciudadano representa un acierto estrat\u00e9gico en el momento justo. Su trayectoria pol\u00edtica y su reconocida capacidad de organizaci\u00f3n ofrecen a este partido una oportunidad concreta para consolidar su crecimiento en la entidad. Con liderazgo probado y cercan\u00eda con las bases, Natalia no solo encarna renovaci\u00f3n, sino tambi\u00e9n experiencia y visi\u00f3n, elementos esenciales para fortalecer una estructura partidista que ha venido ganando terreno.<\/p>\n\n\n\n<p>Con la presencia de Jorge \u00c1lvarez M\u00e1ynez en la pr\u00f3xima reuni\u00f3n del consejo pol\u00edtico, se anticipa un respaldo nacional claro a esta decisi\u00f3n. Todo apunta a que esta nueva etapa marcar\u00e1 un impulso renovado para Movimiento Ciudadano, que bajo la coordinaci\u00f3n de Rivera, puede posicionarse como una fuerza competitiva real de cara a los pr\u00f3ximos procesos electorales. Es un movimiento que podr\u00eda redefinir el mapa pol\u00edtico local, apostando por perfiles con trayectoria, pero tambi\u00e9n con capacidad de conectar con las nuevas generaciones.<\/p>\n\n\n\n<p><strong>Por hoy es todo, s\u00edgueme en:<\/strong><\/p>\n\n\n\n<p>www.elreporterodelacomunidad.com<\/p>\n\n\n\n<p>Twitter: @elreporteroson y @NPDeportes1<\/p>\n\n\n\n<p>Facebook: El Reportero de la Comunidad y Columna Nada Personal<\/p>\n\n\n\n<p>IG: elreporterodelcomunidad<\/p>\n\n\n\n<p>Tiktok: elreporterodelacomunidad<\/p>\n\n\n\n<p>Whatsapp: 6622217136<\/p>\n","protected":false},"excerpt":{"rendered":"<p>Autor: Carlos Alberto Guti\u00e9rrez Celaya. La responsabilidad de ser ejemplo. En esta vida, todos podemos ser ejemplo para alguien m\u00e1s. No importa si se trata de un gesto noble o una actitud reprobable, nuestras acciones impactan, especialmente cuando se trata de figuras p\u00fablicas como los deportistas profesionales. Lo que ocurri\u00f3 recientemente entre Dodgers y Padres [&hellip;]<\/p>\n","protected":false},"author":4,"featured_media":19870,"comment_status":"open","ping_status":"open","sticky":false,"template":"","format":"standard","meta":{"footnotes":""},"categories":[57,47,33,53,51,50,48,54,26,29,27,45],"tags":[],"class_list":["post-19869","post","type-post","status-publish","format-standard","has-post-thumbnail","hentry","category-carlos-alberto-gutierrez-celaya","category-columnas","category-deportes","category-editorial","category-elreporterodelacomunidad","category-nadapersonal","category-noticiasdestacadas","category-picandocresta","category-principal","category-principalsecundaria","category-ultimahora","category-ultimasnoticias"],"_links":{"self":[{"href":"https:\/\/elreporterodelacomunidad.com\/index.php\/wp-json\/wp\/v2\/posts\/19869","targetHints":{"allow":["GET"]}}],"collection":[{"href":"https:\/\/elreporterodelacomunidad.com\/index.php\/wp-json\/wp\/v2\/posts"}],"about":[{"href":"https:\/\/elreporterodelacomunidad.com\/index.php\/wp-json\/wp\/v2\/types\/post"}],"author":[{"embeddable":true,"href":"https:\/\/elreporterodelacomunidad.com\/index.php\/wp-json\/wp\/v2\/users\/4"}],"replies":[{"embeddable":true,"href":"https:\/\/elreporterodelacomunidad.com\/index.php\/wp-json\/wp\/v2\/comments?post=19869"}],"version-history":[{"count":1,"href":"https:\/\/elreporterodelacomunidad.com\/index.php\/wp-json\/wp\/v2\/posts\/19869\/revisions"}],"predecessor-version":[{"id":19873,"href":"https:\/\/elreporterodelacomunidad.com\/index.php\/wp-json\/wp\/v2\/posts\/19869\/revisions\/19873"}],"wp:featuredmedia":[{"embeddable":true,"href":"https:\/\/elreporterodelacomunidad.com\/index.php\/wp-json\/wp\/v2\/media\/19870"}],"wp:attachment":[{"href":"https:\/\/elreporterodelacomunidad.com\/index.php\/wp-json\/wp\/v2\/media?parent=19869"}],"wp:term":[{"taxonomy":"category","embeddable":true,"href":"https:\/\/elreporterodelacomunidad.com\/index.php\/wp-json\/wp\/v2\/categories?post=19869"},{"taxonomy":"post_tag","embeddable":true,"href":"https:\/\/elreporterodelacomunidad.com\/index.php\/wp-json\/wp\/v2\/tags?post=19869"}],"curies":[{"name":"wp","href":"https:\/\/api.w.org\/{rel}","templated":true}]}}