{"id":19857,"date":"2025-06-19T21:23:04","date_gmt":"2025-06-20T04:23:04","guid":{"rendered":"https:\/\/elreporterodelacomunidad.com\/?p=19857"},"modified":"2025-06-19T21:23:06","modified_gmt":"2025-06-20T04:23:06","slug":"obtiene-fgjes-sentencias-por-delitos-de-alto-impacto","status":"publish","type":"post","link":"https:\/\/elreporterodelacomunidad.com\/index.php\/2025\/06\/19\/obtiene-fgjes-sentencias-por-delitos-de-alto-impacto\/","title":{"rendered":"Obtiene FGJES sentencias por delitos de alto impacto."},"content":{"rendered":"\n<p>Once personas recibieron sentencias por distintos delitos, entre ellos: homicidio calificado, tentativa de homicidio, privaci\u00f3n ilegal de la libertad, ataques a agentes de la ley y desaparici\u00f3n cometida por particulares<\/p>\n\n\n\n<p>Hermosillo, Sonora a 19 de junio de 2025.- La Unidad de Litigaci\u00f3n de la Fiscal\u00eda General de Justicia del Estado de Sonora (FGJES), en el presente mes ha logrado un total de 10 sentencias condenatorias, resultado del trabajo de investigaci\u00f3n y jur\u00eddico desarrollado por los agentes del Ministerio P\u00fablico en coordinaci\u00f3n con juzgados penales.<\/p>\n\n\n\n<p>Estas resoluciones judiciales abarcan delitos graves, tales como homicidios calificados, tentativas de homicidio, privaci\u00f3n ilegal de la libertad, ataques a agentes de la ley y desaparici\u00f3n cometida por particulares, reflejando el compromiso institucional de perseguir la justicia y proteger a las v\u00edctimas de hechos violentos.<\/p>\n\n\n\n<p>A continuaci\u00f3n, se detalla brevemente cada una de las sentencias obtenidas:<\/p>\n\n\n\n<p>El imputado Manuel de Jes\u00fas \u201cN\u201d fue sentenciado por el delito de homicidio calificado con ventaja y traici\u00f3n, as\u00ed como por lesiones graves; fue condenado a una pena global de 27 a\u00f1os de prisi\u00f3n ordinaria y 250 UMAS; los hechos ocurrieron en Navojoa, Sonora.<\/p>\n\n\n\n<p>De igual forma en Hermosillo Irwing Antonio \u201cN\u201d fue sentenciado a 28 a\u00f1os, 1 mes y 15 d\u00edas de prisi\u00f3n por el delito de homicidio calificado con ventaja; fue acusado de haber estrangulado a Claudio Am\u00e9rico \u201cN\u201d con un cable, lo cual le caus\u00f3 la muerte.<\/p>\n\n\n\n<p>Tambi\u00e9n en Hermosillo Christian Iv\u00e1n \u201cN\u201d fue condenado por el delito de homicidio calificado con ventaja tras disparar contra Roberto \u201cN\u201d, quien falleci\u00f3 como consecuencia de las heridas; se le impuso una pena de 25 a\u00f1os de prisi\u00f3n y una multa de 10 UMAS<\/p>\n\n\n\n<p>Francisco Fernando \u201cN\u201d, alias &#8220;El Oaxaco&#8221;, fue sentenciado por el doble homicidio calificado con premeditaci\u00f3n, alevos\u00eda y ventaja, as\u00ed como por tentativa de homicidio. La pena impuesta fue de 33 a\u00f1os y 4 meses de prisi\u00f3n y una multa de 20 UMAS. Las v\u00edctimas fueron Juan \u201cN\u201d Garc\u00eda y Miguel Humberto \u201cN\u201d, el juicio tambi\u00e9n se llev\u00f3 a cabo en la capital del estado.<\/p>\n\n\n\n<p>Mart\u00edn Oswaldo \u201cN\u201d fue condenado a 16 a\u00f1os y 8 meses de prisi\u00f3n y una multa de 100 UMAS por el delito de homicidio calificado, el hecho se registr\u00f3 cuando atac\u00f3 a Mart\u00edn \u201cN\u201d, quien falleci\u00f3 como resultado de las lesiones este caso se desarroll\u00f3, en Hermosillo.<\/p>\n\n\n\n<p>Al igual que el caso anterior, Mart\u00edn Alejandro \u201cN\u201d fue sentenciado por los delitos de homicidio calificado, privaci\u00f3n ilegal de la libertad y asociaci\u00f3n delictuosa en Hermosillo, fue condenado a una pena global de 31 a\u00f1os y 10 d\u00edas de prisi\u00f3n y una multa de 50 UMAS.<\/p>\n\n\n\n<p>En Hermosillo, C\u00e9sar Iv\u00e1n \u201cN\u201d y Francisco Roberto \u201cN\u201d fueron sentenciados por el delito de homicidio calificado con alevos\u00eda y ventaja a una pena global de 45 a\u00f1os y 10 meses de prisi\u00f3n, ambos sujetos dispararon contra Ismael \u201cN\u201d, quien falleci\u00f3, y Mario Alberto \u201cN\u201d, quien result\u00f3 herido.<\/p>\n\n\n\n<p>Hern\u00e1n Alejandro \u201cN\u201d fue sentenciado por el delito de homicidio calificado con ventaja en grado de tentativa a una pena de 11 a\u00f1os, 5 meses y 15 d\u00edas de prisi\u00f3n y una multa de 72 UMAS.<\/p>\n\n\n\n<p>V\u00edctor Manuel \u201cN\u201d fue sentenciado por el delito de homicidio en grado de tentativa tras acreditarse que dispar\u00f3 contra dos polic\u00edas estatales, quienes lograron evadir la agresi\u00f3n. Se le impuso una pena de 5 a\u00f1os y 4 meses de prisi\u00f3n y una multa de 85 UMAS, hechos tambi\u00e9n ocurridos en Hermosillo.<\/p>\n\n\n\n<p>Por \u00faltimo, Jes\u00fas Aurelio \u201cN\u201d fue sentenciado por el delito de desaparici\u00f3n cometida por particulares en perjuicio de \u00c1ngel Isabel \u201cN\u201d, a quien amenaz\u00f3 con un arma de fuego, se le impuso una pena de 25 a\u00f1os de prisi\u00f3n y una multa equivalente a 358 mil 480 pesos, esto en San Luis R\u00edo Colorado, Sonora.<\/p>\n\n\n\n<p>La FGJES reitera, con acciones como estas, su compromiso con la procuraci\u00f3n de justicia, el respeto irrestricto a los derechos humanos y el fortalecimiento de la seguridad p\u00fablica en Sonora.<\/p>\n\n\n\n<p class=\"has-text-align-center\"><img loading=\"lazy\" decoding=\"async\" width=\"500\" height=\"625\" class=\"wp-image-19859\" style=\"width: 500px;\" src=\"https:\/\/elreporterodelacomunidad.com\/wp-content\/uploads\/2025\/06\/pp-1.jpg\" alt=\"\" srcset=\"https:\/\/elreporterodelacomunidad.com\/wp-content\/uploads\/2025\/06\/pp-1.jpg 1024w, https:\/\/elreporterodelacomunidad.com\/wp-content\/uploads\/2025\/06\/pp-1-240x300.jpg 240w, https:\/\/elreporterodelacomunidad.com\/wp-content\/uploads\/2025\/06\/pp-1-819x1024.jpg 819w, https:\/\/elreporterodelacomunidad.com\/wp-content\/uploads\/2025\/06\/pp-1-768x960.jpg 768w, https:\/\/elreporterodelacomunidad.com\/wp-content\/uploads\/2025\/06\/pp-1-750x938.jpg 750w\" sizes=\"auto, (max-width: 500px) 100vw, 500px\" \/><\/p>\n","protected":false},"excerpt":{"rendered":"<p>Once personas recibieron sentencias por distintos delitos, entre ellos: homicidio calificado, tentativa de homicidio, privaci\u00f3n ilegal de la libertad, ataques a agentes de la ley y desaparici\u00f3n cometida por particulares Hermosillo, Sonora a 19 de junio de 2025.- La Unidad de Litigaci\u00f3n de la Fiscal\u00eda General de Justicia del Estado de Sonora (FGJES), en el [&hellip;]<\/p>\n","protected":false},"author":4,"featured_media":19858,"comment_status":"open","ping_status":"open","sticky":false,"template":"","format":"standard","meta":{"footnotes":""},"categories":[32],"tags":[],"class_list":["post-19857","post","type-post","status-publish","format-standard","has-post-thumbnail","hentry","category-policiaca"],"_links":{"self":[{"href":"https:\/\/elreporterodelacomunidad.com\/index.php\/wp-json\/wp\/v2\/posts\/19857","targetHints":{"allow":["GET"]}}],"collection":[{"href":"https:\/\/elreporterodelacomunidad.com\/index.php\/wp-json\/wp\/v2\/posts"}],"about":[{"href":"https:\/\/elreporterodelacomunidad.com\/index.php\/wp-json\/wp\/v2\/types\/post"}],"author":[{"embeddable":true,"href":"https:\/\/elreporterodelacomunidad.com\/index.php\/wp-json\/wp\/v2\/users\/4"}],"replies":[{"embeddable":true,"href":"https:\/\/elreporterodelacomunidad.com\/index.php\/wp-json\/wp\/v2\/comments?post=19857"}],"version-history":[{"count":1,"href":"https:\/\/elreporterodelacomunidad.com\/index.php\/wp-json\/wp\/v2\/posts\/19857\/revisions"}],"predecessor-version":[{"id":19860,"href":"https:\/\/elreporterodelacomunidad.com\/index.php\/wp-json\/wp\/v2\/posts\/19857\/revisions\/19860"}],"wp:featuredmedia":[{"embeddable":true,"href":"https:\/\/elreporterodelacomunidad.com\/index.php\/wp-json\/wp\/v2\/media\/19858"}],"wp:attachment":[{"href":"https:\/\/elreporterodelacomunidad.com\/index.php\/wp-json\/wp\/v2\/media?parent=19857"}],"wp:term":[{"taxonomy":"category","embeddable":true,"href":"https:\/\/elreporterodelacomunidad.com\/index.php\/wp-json\/wp\/v2\/categories?post=19857"},{"taxonomy":"post_tag","embeddable":true,"href":"https:\/\/elreporterodelacomunidad.com\/index.php\/wp-json\/wp\/v2\/tags?post=19857"}],"curies":[{"name":"wp","href":"https:\/\/api.w.org\/{rel}","templated":true}]}}