{"id":19853,"date":"2025-06-19T21:19:46","date_gmt":"2025-06-20T04:19:46","guid":{"rendered":"https:\/\/elreporterodelacomunidad.com\/?p=19853"},"modified":"2025-06-19T21:19:49","modified_gmt":"2025-06-20T04:19:49","slug":"aseguran-en-cateo-al-norte-de-hermosillo-narcoticos-y-videocamaras","status":"publish","type":"post","link":"https:\/\/elreporterodelacomunidad.com\/index.php\/2025\/06\/19\/aseguran-en-cateo-al-norte-de-hermosillo-narcoticos-y-videocamaras\/","title":{"rendered":"Aseguran en cateo al norte de Hermosillo narc\u00f3ticos y videoc\u00e1maras."},"content":{"rendered":"\n<p>Hermosillo, Sonora a 19 de junio de 2025.- De manera conjunta, elementos de la Agencia Ministerial de Investigaci\u00f3n Criminal y la Secretar\u00eda de la Defensa Nacional ejecutaron una orden de cateo en un domicilio de la Calle Arizona, en la colonia Jacinto L\u00f3pez, asegurando narc\u00f3tico y equipo de videovigilancia.<\/p>\n\n\n\n<p>Las labores se llevaron a cabo en seguimiento de una orden t\u00e9cnica de investigaci\u00f3n por cuestiones de combate narcomenudeo, logrando el aseguramiento de 34 envoltorios con una sustancia granulada con las caracter\u00edsticas del cristal y se decomisaron en el sitio dos c\u00e1maras de videovigilancia.<\/p>\n\n\n\n<p>Tanto el narc\u00f3tico como los electr\u00f3nicos fueron puestos a disposici\u00f3n de la autoridad correspondiente para las investigaciones pertinentes, en el Centro de Operaciones Estrat\u00e9gicas (COE), a fin de que se determine la identidad de probables responsables.<\/p>\n\n\n\n<p>Es con acciones como estas, en coordinaci\u00f3n con autoridades de los diversos niveles de gobierno, que se refuerza el combate al narcomenudeo y la delincuencia organizada, siendo este uno de los principales compromisos de esta representaci\u00f3n social.<\/p>\n\n\n\n<p class=\"has-text-align-center\"><img loading=\"lazy\" decoding=\"async\" width=\"500\" height=\"344\" class=\"wp-image-19855\" style=\"width: 500px;\" src=\"https:\/\/elreporterodelacomunidad.com\/wp-content\/uploads\/2025\/06\/Sin-ff.jpg\" alt=\"\" srcset=\"https:\/\/elreporterodelacomunidad.com\/wp-content\/uploads\/2025\/06\/Sin-ff.jpg 1152w, https:\/\/elreporterodelacomunidad.com\/wp-content\/uploads\/2025\/06\/Sin-ff-300x206.jpg 300w, https:\/\/elreporterodelacomunidad.com\/wp-content\/uploads\/2025\/06\/Sin-ff-1024x704.jpg 1024w, https:\/\/elreporterodelacomunidad.com\/wp-content\/uploads\/2025\/06\/Sin-ff-768x528.jpg 768w, https:\/\/elreporterodelacomunidad.com\/wp-content\/uploads\/2025\/06\/Sin-ff-750x516.jpg 750w, https:\/\/elreporterodelacomunidad.com\/wp-content\/uploads\/2025\/06\/Sin-ff-1140x784.jpg 1140w\" sizes=\"auto, (max-width: 500px) 100vw, 500px\" \/><\/p>\n","protected":false},"excerpt":{"rendered":"<p>Hermosillo, Sonora a 19 de junio de 2025.- De manera conjunta, elementos de la Agencia Ministerial de Investigaci\u00f3n Criminal y la Secretar\u00eda de la Defensa Nacional ejecutaron una orden de cateo en un domicilio de la Calle Arizona, en la colonia Jacinto L\u00f3pez, asegurando narc\u00f3tico y equipo de videovigilancia. Las labores se llevaron a cabo [&hellip;]<\/p>\n","protected":false},"author":4,"featured_media":19854,"comment_status":"open","ping_status":"open","sticky":false,"template":"","format":"standard","meta":{"footnotes":""},"categories":[32],"tags":[],"class_list":["post-19853","post","type-post","status-publish","format-standard","has-post-thumbnail","hentry","category-policiaca"],"_links":{"self":[{"href":"https:\/\/elreporterodelacomunidad.com\/index.php\/wp-json\/wp\/v2\/posts\/19853","targetHints":{"allow":["GET"]}}],"collection":[{"href":"https:\/\/elreporterodelacomunidad.com\/index.php\/wp-json\/wp\/v2\/posts"}],"about":[{"href":"https:\/\/elreporterodelacomunidad.com\/index.php\/wp-json\/wp\/v2\/types\/post"}],"author":[{"embeddable":true,"href":"https:\/\/elreporterodelacomunidad.com\/index.php\/wp-json\/wp\/v2\/users\/4"}],"replies":[{"embeddable":true,"href":"https:\/\/elreporterodelacomunidad.com\/index.php\/wp-json\/wp\/v2\/comments?post=19853"}],"version-history":[{"count":1,"href":"https:\/\/elreporterodelacomunidad.com\/index.php\/wp-json\/wp\/v2\/posts\/19853\/revisions"}],"predecessor-version":[{"id":19856,"href":"https:\/\/elreporterodelacomunidad.com\/index.php\/wp-json\/wp\/v2\/posts\/19853\/revisions\/19856"}],"wp:featuredmedia":[{"embeddable":true,"href":"https:\/\/elreporterodelacomunidad.com\/index.php\/wp-json\/wp\/v2\/media\/19854"}],"wp:attachment":[{"href":"https:\/\/elreporterodelacomunidad.com\/index.php\/wp-json\/wp\/v2\/media?parent=19853"}],"wp:term":[{"taxonomy":"category","embeddable":true,"href":"https:\/\/elreporterodelacomunidad.com\/index.php\/wp-json\/wp\/v2\/categories?post=19853"},{"taxonomy":"post_tag","embeddable":true,"href":"https:\/\/elreporterodelacomunidad.com\/index.php\/wp-json\/wp\/v2\/tags?post=19853"}],"curies":[{"name":"wp","href":"https:\/\/api.w.org\/{rel}","templated":true}]}}