{"id":1983,"date":"2024-03-10T00:00:00","date_gmt":"2024-03-10T07:00:00","guid":{"rendered":"https:\/\/elreporterodelacomunidad.com\/index.php\/2024\/03\/10\/domingo-de-accidentes-varias-personas-resultan-heridas-en-percances\/"},"modified":"2024-03-10T00:00:00","modified_gmt":"2024-03-10T07:00:00","slug":"domingo-de-accidentes-varias-personas-resultan-heridas-en-percances","status":"publish","type":"post","link":"https:\/\/elreporterodelacomunidad.com\/index.php\/2024\/03\/10\/domingo-de-accidentes-varias-personas-resultan-heridas-en-percances\/","title":{"rendered":"Domingo de accidentes: varias personas resultan heridas en percances"},"content":{"rendered":"<p class=\"MsoNormal\">Al menos tres percances automovil\u00edsticos se registraron durante la ma\u00f1ana del domingo en Hermosillo, donde varias personas resultaron lesionadas debido al impacto que recibieron en esos incidentes.<\/p>\n<p class=\"MsoNormal\">El m\u00e1s fuerte tuvo lugar en el cruce de la avenida Nayarit y General Pi\u00f1a alrededor de las 10:30 de la ma\u00f1ana, luego de que dos mujeres, una de 30 a 35 a\u00f1os y la otra de 55 a 60 a\u00f1os, tuvieron que ser trasladas a recibir atenci\u00f3n m\u00e9dica.<\/p>\n<p class=\"MsoNormal\">En el siniestro participaron un veh\u00edculo sed\u00e1n de color azul y un pick up del mismo color, donde el conductor de una de las dos unidades no respet\u00f3 el sem\u00e1foro en rojo en esa intersecci\u00f3n y cort\u00f3 la circulaci\u00f3n del otro, sin embargo, las autoridades de Tr\u00e1nsito Municipal determinar\u00edan qui\u00e9n fue el responsable de provocar ese accidente.<\/p>\n<p class=\"MsoNormal\">A pesar de lo fuerte del impacto, los tripulantes de los dos veh\u00edculos pudieron salir por su propia cuenta, pero debido a los malestares presentados, las dos mujeres fueron llevadas en ambulancia a un nosocomio cercano. Las otras dos personas no requirieron asistencia m\u00e9dica m\u00e1s especializada.<\/p>\n<p class=\"MsoNormal\">Momentos antes, en la avenida Veracruz y Garmendia tambi\u00e9n se dio una colisi\u00f3n entre dos autos, donde no se reportaron lesionados, solo da\u00f1os materiales.<\/p>\n<p class=\"MsoNormal\">De igual forma, sobre el bulevar Luis Donaldo Colosio, a la altura de Villas de Mediterr\u00e1neo, una persona que manejaba un autom\u00f3vil perdi\u00f3 el control y qued\u00f3 varado sobre el camell\u00f3n, sin que el suceso pasara a mayores.<\/p>\n<p class=\"MsoNormal\">La \u00faltima cifra oficial proporcionada por las autoridades de Tr\u00e1nsito Municipal, del 26 de febrero al 3 de marzo se contabilizaron 34 accidentes, en los cuales una persona muri\u00f3 y 18 presentaron lesiones.<\/p>\n<p class=\"MsoNormal\">Aunque la tendencia en ese lapso marc\u00f3 una ligera disminuci\u00f3n, el llamado que se hace desde esa instancia es a conducir con prudencia, respetar los l\u00edmites de velocidad, as\u00ed como los sem\u00e1foros, no hacerlo bajo los influjos del alcohol o drogas, utilizar el cintur\u00f3n de seguridad y no tomar el tel\u00e9fono celular mientras se est\u00e1 al volante. El Sol de Hermosillo.<\/p>\n","protected":false},"excerpt":{"rendered":"<p>El m\u00e1s fuerte tuvo lugar en el cruce de la avenida Nayarit y General Pi\u00f1a alrededor de las 10:30 de la ma\u00f1ana, luego de que dos mujeres, una de 30 a 35 a\u00f1os.<\/p>\n","protected":false},"author":1,"featured_media":1984,"comment_status":"open","ping_status":"open","sticky":false,"template":"","format":"standard","meta":{"footnotes":""},"categories":[32],"tags":[],"class_list":["post-1983","post","type-post","status-publish","format-standard","has-post-thumbnail","hentry","category-policiaca"],"_links":{"self":[{"href":"https:\/\/elreporterodelacomunidad.com\/index.php\/wp-json\/wp\/v2\/posts\/1983","targetHints":{"allow":["GET"]}}],"collection":[{"href":"https:\/\/elreporterodelacomunidad.com\/index.php\/wp-json\/wp\/v2\/posts"}],"about":[{"href":"https:\/\/elreporterodelacomunidad.com\/index.php\/wp-json\/wp\/v2\/types\/post"}],"author":[{"embeddable":true,"href":"https:\/\/elreporterodelacomunidad.com\/index.php\/wp-json\/wp\/v2\/users\/1"}],"replies":[{"embeddable":true,"href":"https:\/\/elreporterodelacomunidad.com\/index.php\/wp-json\/wp\/v2\/comments?post=1983"}],"version-history":[{"count":0,"href":"https:\/\/elreporterodelacomunidad.com\/index.php\/wp-json\/wp\/v2\/posts\/1983\/revisions"}],"wp:featuredmedia":[{"embeddable":true,"href":"https:\/\/elreporterodelacomunidad.com\/index.php\/wp-json\/wp\/v2\/media\/1984"}],"wp:attachment":[{"href":"https:\/\/elreporterodelacomunidad.com\/index.php\/wp-json\/wp\/v2\/media?parent=1983"}],"wp:term":[{"taxonomy":"category","embeddable":true,"href":"https:\/\/elreporterodelacomunidad.com\/index.php\/wp-json\/wp\/v2\/categories?post=1983"},{"taxonomy":"post_tag","embeddable":true,"href":"https:\/\/elreporterodelacomunidad.com\/index.php\/wp-json\/wp\/v2\/tags?post=1983"}],"curies":[{"name":"wp","href":"https:\/\/api.w.org\/{rel}","templated":true}]}}