{"id":1952,"date":"2024-03-11T00:00:00","date_gmt":"2024-03-11T07:00:00","guid":{"rendered":"https:\/\/elreporterodelacomunidad.com\/index.php\/2024\/03\/11\/pareja-es-vinculada-a-proceso-por-narcomenudeo-en-cajeme\/"},"modified":"2024-05-18T22:28:39","modified_gmt":"2024-05-19T05:28:39","slug":"pareja-es-vinculada-a-proceso-por-narcomenudeo-en-cajeme","status":"publish","type":"post","link":"https:\/\/elreporterodelacomunidad.com\/index.php\/2024\/03\/11\/pareja-es-vinculada-a-proceso-por-narcomenudeo-en-cajeme\/","title":{"rendered":"Pareja es vinculada a proceso por narcomenudeo en Cajeme."},"content":{"rendered":"<div>Ante los datos de prueba aportados por la Fiscal\u00eda General de Justicia del Estado de Sonora (FGJES), Heydy Aglaeth \u201cN\u201d y Uriel Ad\u00e1n \u201cN\u201d fueron vinculados a proceso y se les dict\u00f3 prisi\u00f3n preventiva por su probable responsabilidad por delitos contra la salud en la modalidad de narcomenudeo.<\/div>\n<div><\/div>\n<div>La pareja de imputados fue capturada en flagrancia delictiva, por la posesi\u00f3n de 33 envoltorios conteniendo marihuana, el pasado 2 de marzo en la calle Rep\u00fablica de Costa Rica e Ignacio Zaragoza, en la colonia Centro de Ciudad Obreg\u00f3n, por oficiales de Seguridad P\u00fablica Municipal de Cajeme.<\/div>\n<div><\/div>\n<div>Con base en el Informe Policial Homologado (IPH), el agente del Ministerio P\u00fablico de esta representaci\u00f3n social integr\u00f3 la carpeta de investigaci\u00f3n sustentada en datos de prueba, el m\u00e1s s\u00f3lido fue el mismo narc\u00f3tico asegurado, que arroj\u00f3 un peso neto de 64.290 gramos.<\/div>\n<div><\/div>\n<div>El Juez, adem\u00e1s de ordenar la vinculaci\u00f3n a proceso, consider\u00f3 necesario dictar la prisi\u00f3n preventiva para Heydy Aglaeth \u201cN\u201d y Uriel Ad\u00e1n \u201cN\u201d, y otorg\u00f3 un plazo de dos meses para la investigaci\u00f3n complementaria del caso.<\/div>\n<div><\/div>\n<div>La Fiscal\u00eda General de Justicia del Estado de Sonora (FGJES) investiga con el fin de capturar y presentar ante los tribunales a aquellos delincuentes que atenten contra la salud mediante la venta de narc\u00f3ticos, ya que esto deriva en otros delitos que afectan a la sociedad.<\/div>\n","protected":false},"excerpt":{"rendered":"<p>Ante los datos de prueba aportados por la Fiscal\u00eda General de Justicia del Estado de Sonora (FGJES), Heydy Aglaeth \u201cN\u201d y Uriel Ad\u00e1n \u201cN\u201d fueron vinculados a proceso y se les dict\u00f3 prisi\u00f3n preventiva por su probable responsabilidad por delitos contra la salud en la modalidad de narcomenudeo. La pareja de imputados fue capturada en [&hellip;]<\/p>\n","protected":false},"author":1,"featured_media":1953,"comment_status":"open","ping_status":"open","sticky":false,"template":"","format":"standard","meta":{"footnotes":""},"categories":[32],"tags":[],"class_list":["post-1952","post","type-post","status-publish","format-standard","has-post-thumbnail","hentry","category-policiaca"],"_links":{"self":[{"href":"https:\/\/elreporterodelacomunidad.com\/index.php\/wp-json\/wp\/v2\/posts\/1952","targetHints":{"allow":["GET"]}}],"collection":[{"href":"https:\/\/elreporterodelacomunidad.com\/index.php\/wp-json\/wp\/v2\/posts"}],"about":[{"href":"https:\/\/elreporterodelacomunidad.com\/index.php\/wp-json\/wp\/v2\/types\/post"}],"author":[{"embeddable":true,"href":"https:\/\/elreporterodelacomunidad.com\/index.php\/wp-json\/wp\/v2\/users\/1"}],"replies":[{"embeddable":true,"href":"https:\/\/elreporterodelacomunidad.com\/index.php\/wp-json\/wp\/v2\/comments?post=1952"}],"version-history":[{"count":1,"href":"https:\/\/elreporterodelacomunidad.com\/index.php\/wp-json\/wp\/v2\/posts\/1952\/revisions"}],"predecessor-version":[{"id":1954,"href":"https:\/\/elreporterodelacomunidad.com\/index.php\/wp-json\/wp\/v2\/posts\/1952\/revisions\/1954"}],"wp:featuredmedia":[{"embeddable":true,"href":"https:\/\/elreporterodelacomunidad.com\/index.php\/wp-json\/wp\/v2\/media\/1953"}],"wp:attachment":[{"href":"https:\/\/elreporterodelacomunidad.com\/index.php\/wp-json\/wp\/v2\/media?parent=1952"}],"wp:term":[{"taxonomy":"category","embeddable":true,"href":"https:\/\/elreporterodelacomunidad.com\/index.php\/wp-json\/wp\/v2\/categories?post=1952"},{"taxonomy":"post_tag","embeddable":true,"href":"https:\/\/elreporterodelacomunidad.com\/index.php\/wp-json\/wp\/v2\/tags?post=1952"}],"curies":[{"name":"wp","href":"https:\/\/api.w.org\/{rel}","templated":true}]}}