{"id":1942,"date":"2024-03-11T00:00:00","date_gmt":"2024-03-11T07:00:00","guid":{"rendered":"https:\/\/elreporterodelacomunidad.com\/index.php\/2024\/03\/11\/mujer-policia-se-quita-la-vida-en-la-comandancia-de-seguridad-publica-de-cajeme\/"},"modified":"2024-05-18T22:28:32","modified_gmt":"2024-05-19T05:28:32","slug":"mujer-policia-se-quita-la-vida-en-la-comandancia-de-seguridad-publica-de-cajeme","status":"publish","type":"post","link":"https:\/\/elreporterodelacomunidad.com\/index.php\/2024\/03\/11\/mujer-policia-se-quita-la-vida-en-la-comandancia-de-seguridad-publica-de-cajeme\/","title":{"rendered":"Mujer polic\u00eda se quita la vida en la comandancia de Seguridad P\u00fablica de Cajeme."},"content":{"rendered":"<p class=\"MsoNormal\">Como Nayela fue identificada la polic\u00eda que se quit\u00f3 la vida este lunes en la comandancia de Seguridad P\u00fablica Municipal.<\/p>\n<p class=\"MsoNormal\">La agente lleg\u00f3 a la corporaci\u00f3n minutos antes de iniciar su jornada laboral, solicit\u00f3 su arma de cargo y posteriormente se dirigi\u00f3 al \u00e1rea de barandilla para pararse frente al logo de la corporaci\u00f3n y se dispar\u00f3 en la cabeza.<\/p>\n<p class=\"MsoNormal\">En el lamentable hecho fueron testigos sus compa\u00f1eros polic\u00edas y trabajadores de otras \u00e1reas como el Ministerio P\u00fablico, quienes ya no pudieron hacer nada por salvarle la vida.<\/p>\n<p class=\"MsoNormal\">La joven fue polic\u00eda municipal durante 13 a\u00f1os, actualmente ten\u00eda 34 a\u00f1os de edad, estaba casada y con hijos.<\/p>\n<p class=\"MsoNormal\">En una entrevista que dio durante el 2020 para el medio de comunicaci\u00f3n \u201cEl Ojo \u2013 Noticias, entretenimiento y m\u00e1s\u201d, la elemento dijo que ella quer\u00eda ser Enfermera, pero se le complic\u00f3 prepararse profesionalmente y finalmente decidi\u00f3 ingresar a la corporaci\u00f3n.<\/p>\n<p class=\"MsoNormal\">\u201cYo de ni\u00f1a quer\u00eda ser enfermera, no logr\u00e9 serlo, pero aproxim\u00e1ndome a lo que yo quer\u00eda que es ayudar a las personas me convert\u00ed en polic\u00eda\u201d, expres\u00f3 la elemento en la entrevista.<\/p>\n<p class=\"MsoNormal\">La Secretar\u00eda de Seguridad P\u00fablica de Cajeme inform\u00f3 que se coordinar\u00e1 con la Fiscal\u00eda General de Justicia del Estado para las investigaciones que se deban de realizar conforme a la ley para el esclarecimiento del caso.<\/p>\n<p class=\"MsoNormal\">\u201cNos unimos en el dolor ante esta p\u00e9rdida irreparable y expresamos nuestras m\u00e1s sinceras condolencias a sus familiares, compa\u00f1eros y amigos, solidariz\u00e1ndonos en este dif\u00edcil momento, brindando todo el apoyo necesario para encontrar la paz y fortaleza en medio de esta dolorosa situaci\u00f3n\u201d, inform\u00f3.&nbsp;rtnmedios.com.<\/p>\n","protected":false},"excerpt":{"rendered":"<p>La agente lleg\u00f3 a la corporaci\u00f3n minutos antes de iniciar su jornada laboral, solicit\u00f3 su arma de cargo y posteriormente se dirigi\u00f3 al \u00e1rea de barandilla para pararse frente al logo de la corporaci\u00f3n y se dispar\u00f3 en la cabeza.<\/p>\n","protected":false},"author":1,"featured_media":1943,"comment_status":"open","ping_status":"open","sticky":false,"template":"","format":"standard","meta":{"footnotes":""},"categories":[29],"tags":[],"class_list":["post-1942","post","type-post","status-publish","format-standard","has-post-thumbnail","hentry","category-principalsecundaria"],"_links":{"self":[{"href":"https:\/\/elreporterodelacomunidad.com\/index.php\/wp-json\/wp\/v2\/posts\/1942","targetHints":{"allow":["GET"]}}],"collection":[{"href":"https:\/\/elreporterodelacomunidad.com\/index.php\/wp-json\/wp\/v2\/posts"}],"about":[{"href":"https:\/\/elreporterodelacomunidad.com\/index.php\/wp-json\/wp\/v2\/types\/post"}],"author":[{"embeddable":true,"href":"https:\/\/elreporterodelacomunidad.com\/index.php\/wp-json\/wp\/v2\/users\/1"}],"replies":[{"embeddable":true,"href":"https:\/\/elreporterodelacomunidad.com\/index.php\/wp-json\/wp\/v2\/comments?post=1942"}],"version-history":[{"count":1,"href":"https:\/\/elreporterodelacomunidad.com\/index.php\/wp-json\/wp\/v2\/posts\/1942\/revisions"}],"predecessor-version":[{"id":1944,"href":"https:\/\/elreporterodelacomunidad.com\/index.php\/wp-json\/wp\/v2\/posts\/1942\/revisions\/1944"}],"wp:featuredmedia":[{"embeddable":true,"href":"https:\/\/elreporterodelacomunidad.com\/index.php\/wp-json\/wp\/v2\/media\/1943"}],"wp:attachment":[{"href":"https:\/\/elreporterodelacomunidad.com\/index.php\/wp-json\/wp\/v2\/media?parent=1942"}],"wp:term":[{"taxonomy":"category","embeddable":true,"href":"https:\/\/elreporterodelacomunidad.com\/index.php\/wp-json\/wp\/v2\/categories?post=1942"},{"taxonomy":"post_tag","embeddable":true,"href":"https:\/\/elreporterodelacomunidad.com\/index.php\/wp-json\/wp\/v2\/tags?post=1942"}],"curies":[{"name":"wp","href":"https:\/\/api.w.org\/{rel}","templated":true}]}}