{"id":1928,"date":"2024-03-12T00:00:00","date_gmt":"2024-03-12T07:00:00","guid":{"rendered":"https:\/\/elreporterodelacomunidad.com\/index.php\/2024\/03\/12\/se-registra-ataque-armado-en-tubutama-deja-autos-incinerados\/"},"modified":"2024-03-12T00:00:00","modified_gmt":"2024-03-12T07:00:00","slug":"se-registra-ataque-armado-en-tubutama-deja-autos-incinerados","status":"publish","type":"post","link":"https:\/\/elreporterodelacomunidad.com\/index.php\/2024\/03\/12\/se-registra-ataque-armado-en-tubutama-deja-autos-incinerados\/","title":{"rendered":"Se registra ataque armado en Tubutama; deja autos incinerados."},"content":{"rendered":"<p class=\"MsoNormal\">Un enfrentamiento alert\u00f3 a la comunidad en el ejido La Sangre, municipio de Tubutama, durante la ma\u00f1ana de este martes, por lo que se despleg\u00f3 un operativo de seguridad en la zona.<\/p>\n<p class=\"MsoNormal\">De acuerdo con informaci\u00f3n de la Mesa Estatal de Seguridad P\u00fablica, no se reportaron personas lesionadas ni fallecidos derivados del ataque armado, sin embargo, se en el sitio se localizaron dos veh\u00edculos en estado de abandono.<\/p>\n<p class=\"MsoNormal\">\u201cSe atiende llamado al 9-1-1 en el Ejido \u201cLa Sangre\u201d, por parte de los tres \u00f3rdenes de gobierno donde se encuentran dos veh\u00edculos en estado de abandono, no hay muertos ni lesionados. Seguiremos con operativo por la zona\u201d, compartieron a trav\u00e9s de su cuenta oficial de X, antes Twitter.<\/p>\n<p class=\"MsoNormal\">En redes sociales circularon algunas im\u00e1genes donde se observaba al menos una camioneta que fue incendiada en su totalidad.<\/p>\n<p class=\"MsoNormal\">Desde hace meses, la violencia en la regi\u00f3n norte y serrana del estado se ha exacerbado, dejando m\u00faltiples estragos en enfrentamientos armados entre grupos del crimen organizado donde incluso han sido afectado civiles.<\/p>\n<p class=\"MsoNormal\">Uno de los casos que m\u00e1s gener\u00f3 indignaci\u00f3n fue la muerte de una familia, Julieta, 40 a\u00f1os, Estefan\u00eda de 24 a\u00f1os y Juli\u00e1n de 2 a\u00f1os, quienes circulaban en una camioneta Chevrolet Tahoe color guinda por las calles de Maycoba, municipio de Y\u00e9cora.<\/p>\n<p class=\"MsoNormal\">Presuntos criminales que se desplazaban en dos camionetas descargaron sus armas largas en contra de la familia para luego darse a la fuga.<\/p>\n<p class=\"MsoNormal\">Julieta y Juli\u00e1n perdieron la vida en el ataque, mientras que Estefan\u00eda fue trasladada a un centro m\u00e9dico para recibir la atenci\u00f3n correspondiente, sin embargo, no logr\u00f3 superar las heridas.<\/p>\n<p class=\"MsoNormal\">Por otro lado, recientemente el delegado de la Fiscal\u00eda General de la Rep\u00fablica (FGR) en Sonora, Francisco Sergio M\u00e9ndez, se\u00f1al\u00f3 que actualmente hay tranquilidad y seguridad en carreteras de la entidad, con el reforzamiento que se ha realizado por corporaciones de los tres niveles de gobierno.<\/p>\n<p class=\"MsoNormal\">&#8220;En las carreteras ahorita est\u00e1n perfectamente vigiladas, hay un gran desplazamiento de todas las fuerzas de la Mesa de Seguridad P\u00fablica, se hacen recorridos constantes, las personas que vienen a visitar Sonora, est\u00e1n protegidos&#8221;, expuso.<\/p>\n","protected":false},"excerpt":{"rendered":"<p>Alrededor de las 8:00 horas, usuarios de redes sociales comenzaron a compartir las im\u00e1genes de un enfrentamiento armado en el ejido La Sangre.<\/p>\n","protected":false},"author":1,"featured_media":1929,"comment_status":"open","ping_status":"open","sticky":false,"template":"","format":"standard","meta":{"footnotes":""},"categories":[29],"tags":[],"class_list":["post-1928","post","type-post","status-publish","format-standard","has-post-thumbnail","hentry","category-principalsecundaria"],"_links":{"self":[{"href":"https:\/\/elreporterodelacomunidad.com\/index.php\/wp-json\/wp\/v2\/posts\/1928","targetHints":{"allow":["GET"]}}],"collection":[{"href":"https:\/\/elreporterodelacomunidad.com\/index.php\/wp-json\/wp\/v2\/posts"}],"about":[{"href":"https:\/\/elreporterodelacomunidad.com\/index.php\/wp-json\/wp\/v2\/types\/post"}],"author":[{"embeddable":true,"href":"https:\/\/elreporterodelacomunidad.com\/index.php\/wp-json\/wp\/v2\/users\/1"}],"replies":[{"embeddable":true,"href":"https:\/\/elreporterodelacomunidad.com\/index.php\/wp-json\/wp\/v2\/comments?post=1928"}],"version-history":[{"count":0,"href":"https:\/\/elreporterodelacomunidad.com\/index.php\/wp-json\/wp\/v2\/posts\/1928\/revisions"}],"wp:featuredmedia":[{"embeddable":true,"href":"https:\/\/elreporterodelacomunidad.com\/index.php\/wp-json\/wp\/v2\/media\/1929"}],"wp:attachment":[{"href":"https:\/\/elreporterodelacomunidad.com\/index.php\/wp-json\/wp\/v2\/media?parent=1928"}],"wp:term":[{"taxonomy":"category","embeddable":true,"href":"https:\/\/elreporterodelacomunidad.com\/index.php\/wp-json\/wp\/v2\/categories?post=1928"},{"taxonomy":"post_tag","embeddable":true,"href":"https:\/\/elreporterodelacomunidad.com\/index.php\/wp-json\/wp\/v2\/tags?post=1928"}],"curies":[{"name":"wp","href":"https:\/\/api.w.org\/{rel}","templated":true}]}}