{"id":1919,"date":"2024-03-12T00:00:00","date_gmt":"2024-03-12T07:00:00","guid":{"rendered":"https:\/\/elreporterodelacomunidad.com\/index.php\/2024\/03\/12\/mediante-cateo-la-policia-federal-ministerial-de-la-fgr-asegura-cuatro-4300-litros-de-hidrocarburo-en-hermosillo\/"},"modified":"2024-03-12T00:00:00","modified_gmt":"2024-03-12T07:00:00","slug":"mediante-cateo-la-policia-federal-ministerial-de-la-fgr-asegura-cuatro-4300-litros-de-hidrocarburo-en-hermosillo","status":"publish","type":"post","link":"https:\/\/elreporterodelacomunidad.com\/index.php\/2024\/03\/12\/mediante-cateo-la-policia-federal-ministerial-de-la-fgr-asegura-cuatro-4300-litros-de-hidrocarburo-en-hermosillo\/","title":{"rendered":"Mediante cateo la Polic\u00eda Federal Ministerial de la FGR asegura cuatro 4300 litros de hidrocarburo en Hermosillo."},"content":{"rendered":"<p class=\"x_MsoNormal\" align=\"center\" style=\"color: rgb(36, 36, 36); background-color: rgb(255, 255, 255); text-align: center; margin: 0cm; font-size: 10pt; font-family: &quot;Times New Roman&quot;, serif;\"><\/p>\n<p class=\"x_MsoNormal\" style=\"color: rgb(36, 36, 36); background-color: rgb(255, 255, 255); text-align: justify; margin: 0cm; font-size: 10pt; font-family: &quot;Times New Roman&quot;, serif;\">&nbsp;<\/p>\n<p class=\"x_MsoNormal\" style=\"color: rgb(36, 36, 36); background-color: rgb(255, 255, 255); text-align: justify; margin: 0cm; font-size: 10pt; font-family: &quot;Times New Roman&quot;, serif;\">El Ministerio P\u00fablico de la Fiscal\u00eda General de la Rep\u00fablica (FGR) en su Fiscal\u00eda Federal en el Estado de Sonora, con el apoyo de elementos de la&nbsp;<b>Polic\u00eda Federal Ministerial (PFM)<\/b>&nbsp;y&nbsp;<b>personal de Servicios Periciales de la Instituci\u00f3n<\/b>, cumplimentaron una orden judicial&nbsp;en un inmueble situado en el kil\u00f3metro 76+900, Carretera Federal 1040, ruta 15, tramo Hermosillo-Santa Ana, perteneciente al municipio de Hermosillo, Sonora.<\/p>\n<p class=\"x_MsoNormal\" style=\"color: rgb(36, 36, 36); background-color: rgb(255, 255, 255); text-align: justify; margin: 0cm; font-size: 10pt; font-family: &quot;Times New Roman&quot;, serif;\">&nbsp;<\/p>\n<p class=\"x_MsoNormal\" style=\"color: rgb(36, 36, 36); background-color: rgb(255, 255, 255); text-align: justify; margin: 0cm; font-size: 10pt; font-family: &quot;Times New Roman&quot;, serif;\">En la diligencia, aseguraron un total de cuatro mil&nbsp;300 litros de hidrocarburo, dos cubitanques con capacidad para 1000 litros cada uno, 100 garrafones con capacidad de 20 litros cada uno, 12 tambos de 200 litros cada uno, dos mangueras, un embudo de metal, una motobomba, un cargador de bater\u00eda el\u00e9ctrico y un dispensador artesanal.<\/p>\n<p class=\"x_MsoNormal\" style=\"color: rgb(36, 36, 36); background-color: rgb(255, 255, 255); text-align: justify; margin: 0cm; font-size: 10pt; font-family: &quot;Times New Roman&quot;, serif;\">&nbsp;<\/p>\n<p class=\"x_MsoNormal\" style=\"color: rgb(36, 36, 36); background-color: rgb(255, 255, 255); text-align: justify; margin: 0cm; font-size: 10pt; font-family: &quot;Times New Roman&quot;, serif;\">El inmueble, hidrocarburos y dem\u00e1s objetos quedaron a disposici\u00f3n del Ministerio P\u00fablico Federal, quien contin\u00faa con la integraci\u00f3n de la respectiva Carpeta de Investigaci\u00f3n, para deslindar probables responsabilidades.<\/p>\n","protected":false},"excerpt":{"rendered":"<p>&nbsp; El Ministerio P\u00fablico de la Fiscal\u00eda General de la Rep\u00fablica (FGR) en su Fiscal\u00eda Federal en el Estado de Sonora, con el apoyo de elementos de la&nbsp;Polic\u00eda Federal Ministerial (PFM)&nbsp;y&nbsp;personal de Servicios Periciales de la Instituci\u00f3n, cumplimentaron una orden judicial&nbsp;en un inmueble situado en el kil\u00f3metro 76+900, Carretera Federal 1040, ruta 15, tramo Hermosillo-Santa [&hellip;]<\/p>\n","protected":false},"author":1,"featured_media":1920,"comment_status":"open","ping_status":"open","sticky":false,"template":"","format":"standard","meta":{"footnotes":""},"categories":[32],"tags":[],"class_list":["post-1919","post","type-post","status-publish","format-standard","has-post-thumbnail","hentry","category-policiaca"],"_links":{"self":[{"href":"https:\/\/elreporterodelacomunidad.com\/index.php\/wp-json\/wp\/v2\/posts\/1919","targetHints":{"allow":["GET"]}}],"collection":[{"href":"https:\/\/elreporterodelacomunidad.com\/index.php\/wp-json\/wp\/v2\/posts"}],"about":[{"href":"https:\/\/elreporterodelacomunidad.com\/index.php\/wp-json\/wp\/v2\/types\/post"}],"author":[{"embeddable":true,"href":"https:\/\/elreporterodelacomunidad.com\/index.php\/wp-json\/wp\/v2\/users\/1"}],"replies":[{"embeddable":true,"href":"https:\/\/elreporterodelacomunidad.com\/index.php\/wp-json\/wp\/v2\/comments?post=1919"}],"version-history":[{"count":0,"href":"https:\/\/elreporterodelacomunidad.com\/index.php\/wp-json\/wp\/v2\/posts\/1919\/revisions"}],"wp:featuredmedia":[{"embeddable":true,"href":"https:\/\/elreporterodelacomunidad.com\/index.php\/wp-json\/wp\/v2\/media\/1920"}],"wp:attachment":[{"href":"https:\/\/elreporterodelacomunidad.com\/index.php\/wp-json\/wp\/v2\/media?parent=1919"}],"wp:term":[{"taxonomy":"category","embeddable":true,"href":"https:\/\/elreporterodelacomunidad.com\/index.php\/wp-json\/wp\/v2\/categories?post=1919"},{"taxonomy":"post_tag","embeddable":true,"href":"https:\/\/elreporterodelacomunidad.com\/index.php\/wp-json\/wp\/v2\/tags?post=1919"}],"curies":[{"name":"wp","href":"https:\/\/api.w.org\/{rel}","templated":true}]}}