{"id":18868,"date":"2025-05-26T21:03:54","date_gmt":"2025-05-27T04:03:54","guid":{"rendered":"https:\/\/elreporterodelacomunidad.com\/?p=18868"},"modified":"2025-05-26T21:03:58","modified_gmt":"2025-05-27T04:03:58","slug":"fiestas-del-pitic-2025-un-legado-de-cultura-seguridad-y-esperanza","status":"publish","type":"post","link":"https:\/\/elreporterodelacomunidad.com\/index.php\/2025\/05\/26\/fiestas-del-pitic-2025-un-legado-de-cultura-seguridad-y-esperanza\/","title":{"rendered":"Fiestas del Pitic 2025: Un legado de cultura, seguridad y esperanza."},"content":{"rendered":"\n<p>Hermosillo, Sonora a 27 de mayo de 2025.- Hay momentos que no s\u00f3lo se celebran, se graban en la memoria colectiva de una ciudad. Las Fiestas del Pitic 2025 no fueron solo un evento: fue una afirmaci\u00f3n del rumbo que Hermosillo ha tomado bajo el alcalde Antonio \u201cTo\u00f1o\u201d Astiazar\u00e1n Guti\u00e9rrez. Con 283 mil asistentes, una derrama econ\u00f3mica hist\u00f3rica de 90 millones de pesos y una organizaci\u00f3n impecable, esta edici\u00f3n no solo rompi\u00f3 r\u00e9cords: renov\u00f3 el orgullo de ser hermosillense.<\/p>\n\n\n\n<p>Lejos de ser solo un festival, las Fiestas del Pitic se consolidaron como un reflejo del alma cultural de Hermosillo, donde m\u00e1s de 1,400 artistas llenaron 20 foros con m\u00fasica, danza, teatro y alegr\u00eda. Desde las presentaciones de Manuel Turizo, Miguel Bos\u00e9 y Caifanes, hasta la participaci\u00f3n de talentos locales, el arte encontr\u00f3 su m\u00e1xima expresi\u00f3n en un entorno seguro, limpio y ordenado. El 98% de aprobaci\u00f3n ciudadana y las calificaciones promedio de 4.5 en organizaci\u00f3n, limpieza y seguridad no son casualidad, son el resultado de un gobierno que escucha y act\u00faa.<\/p>\n\n\n\n<p>Astiazar\u00e1n no solo agradeci\u00f3 la civilidad del p\u00fablico; reconoci\u00f3 y celebr\u00f3 el trabajo en equipo de todas las dependencias municipales, de los cuerpos de seguridad, salud, y del personal operativo que trabaj\u00f3 para que cada momento fuera disfrutable y seguro. 300 polic\u00edas preventivos, 120 agentes de tr\u00e1nsito y el uso de 2,600 pulseras para menores reflejan una log\u00edstica pensada con el coraz\u00f3n y la raz\u00f3n.<\/p>\n\n\n\n<p>Pero quiz\u00e1s el mayor logro fue invisible: el fortalecimiento del tejido social. Con espacios dise\u00f1ados tambi\u00e9n para la ni\u00f1ez, y una creciente afluencia de visitantes del pa\u00eds y del extranjero, Hermosillo no solo organiz\u00f3 una fiesta: se reafirm\u00f3 como un destino cultural de talla nacional e internacional.<\/p>\n\n\n\n<p>En un pa\u00eds donde muchas veces la cultura es vista como un lujo, el gobierno municipal demostr\u00f3 que es un derecho humano. \u201cValer el derecho al libre acceso a la cultura\u201d, como lo expres\u00f3 Marianna Gonz\u00e1lez Gast\u00e9lum, directora del IMCA, es una convicci\u00f3n que se materializ\u00f3 en cada actividad, en cada foro, en cada sonrisa.<\/p>\n\n\n\n<p>En su mensaje, el alcalde Astiazar\u00e1n lo resumi\u00f3 con claridad y humildad: \u201cEstas fiestas nos comprometen a mejorar cada a\u00f1o\u201d. Ese es el esp\u00edritu que hoy transforma a Hermosillo: una ciudad que no se conforma, que crece con orden, con identidad, y con profunda dignidad.<\/p>\n\n\n\n<p class=\"has-text-align-center\"><img loading=\"lazy\" decoding=\"async\" width=\"500\" height=\"333\" class=\"wp-image-18870\" style=\"width: 500px;\" src=\"https:\/\/elreporterodelacomunidad.com\/wp-content\/uploads\/2025\/05\/IMG-20250526-WA0043.jpg\" alt=\"\" srcset=\"https:\/\/elreporterodelacomunidad.com\/wp-content\/uploads\/2025\/05\/IMG-20250526-WA0043.jpg 1200w, https:\/\/elreporterodelacomunidad.com\/wp-content\/uploads\/2025\/05\/IMG-20250526-WA0043-300x200.jpg 300w, https:\/\/elreporterodelacomunidad.com\/wp-content\/uploads\/2025\/05\/IMG-20250526-WA0043-1024x683.jpg 1024w, https:\/\/elreporterodelacomunidad.com\/wp-content\/uploads\/2025\/05\/IMG-20250526-WA0043-768x512.jpg 768w, https:\/\/elreporterodelacomunidad.com\/wp-content\/uploads\/2025\/05\/IMG-20250526-WA0043-750x500.jpg 750w, https:\/\/elreporterodelacomunidad.com\/wp-content\/uploads\/2025\/05\/IMG-20250526-WA0043-1140x760.jpg 1140w\" sizes=\"auto, (max-width: 500px) 100vw, 500px\" \/><\/p>\n\n\n\n<p class=\"has-text-align-center\"><strong>El rescate del mercado municipal: Un compromiso cumplido con el futuro de Hermosillo.<\/strong><\/p>\n\n\n\n<p>El pasado reciente del mercado es un reflejo de la historia de muchos lugares que, a pesar de su vitalidad, fueron olvidados por un tiempo. Sin embargo, el mercado municipal \u201cJos\u00e9 Mar\u00eda Pino Su\u00e1rez\u201d de Hermosillo, un \u00edcono cultural y comercial de la ciudad, ha resurgido por la gesti\u00f3n y liderazgo del gobernador Alfonso Durazo Monta\u00f1o, quien, con una inversi\u00f3n hist\u00f3rica de m\u00e1s de 120 millones de pesos, ha logrado transformar este espacio que ahora se erige como un testimonio de modernidad, seguridad y funcionalidad, sin perder su esencia.<\/p>\n\n\n\n<p>El mercado, ubicado en el coraz\u00f3n del Centro Hist\u00f3rico, no solo es un sitio emblem\u00e1tico para los habitantes de Hermosillo, sino tambi\u00e9n un pilar econ\u00f3mico que durante d\u00e9cadas ha sido punto de encuentro, cultura y tradici\u00f3n. Con su restauraci\u00f3n, se da inicio a una nueva etapa en la que la vida de este edificio se reinventa para las generaciones venideras, asegurando que permanezca como un centro de convivencia y comercio por al menos 100 a\u00f1os m\u00e1s.<\/p>\n\n\n\n<p>La intervenci\u00f3n de este mercado no fue una tarea sencilla, pues implic\u00f3 un trabajo integral que contempl\u00f3 desde la rehabilitaci\u00f3n de la estructura, la renovaci\u00f3n de las instalaciones el\u00e9ctricas y sanitarias, hasta el rescate de las fachadas y los espacios gastron\u00f3micos que le han dado su particular sello. La colaboraci\u00f3n con el Instituto Nacional de Antropolog\u00eda e Historia (INAH) fue clave para asegurar que esta rehabilitaci\u00f3n no solo respondiera a las necesidades funcionales del espacio, sino que respetara su valor hist\u00f3rico y cultural.<\/p>\n\n\n\n<p>Con el esfuerzo de Paulina Oca\u00f1a, <em>Jefa de la Oficina del Ejecutivo Estatal, es<\/em>te rescate, sin duda, no solo representa una mejora en la infraestructura, sino que es un acto simb\u00f3lico de la transformaci\u00f3n que Hermosillo est\u00e1 viviendo bajo la presente administraci\u00f3n estatal.<\/p>\n\n\n\n<p>Como \u00e9l mismo se\u00f1al\u00f3, &#8220;no solo estamos rescatando un centro comercial, estamos rescatando un patrimonio que tiene un extraordinario valor en t\u00e9rminos culturales, en t\u00e9rminos hist\u00f3ricos y por supuesto, en t\u00e9rminos econ\u00f3micos&#8221;. Con ello, el gobernador subraya que este proyecto va m\u00e1s all\u00e1 de la renovaci\u00f3n f\u00edsica del mercado: es un paso hacia la revitalizaci\u00f3n del Centro Hist\u00f3rico y un firme compromiso con la identidad sonorense.<\/p>\n\n\n\n<p>Para las y los locatarios, este rescate tambi\u00e9n es motivo de celebraci\u00f3n. Despu\u00e9s de un largo proceso de renovaci\u00f3n, las puertas del mercado se preparan para reabrirse al p\u00fablico, y con ello, la oportunidad de recobrar la esencia que ha caracterizado a este lugar por generaciones: la gastronom\u00eda t\u00edpica, la cultura popular y la calidez humana que solo se puede encontrar en el mercado local. Las visitas guiadas que se llevar\u00e1n a cabo esta semana permiten a los ciudadanos redescubrir este patrimonio y fortalecer los lazos con su comunidad.<\/p>\n\n\n\n<p>As\u00ed, el Mercado Municipal \u201cJos\u00e9 Mar\u00eda Pino Su\u00e1rez\u201d vuelve a ser el motor econ\u00f3mico y cultural que nunca dej\u00f3 de ser, pero que ahora se presenta m\u00e1s fuerte y renovado, no solo como un centro comercial, sino como el alma de una ciudad que se est\u00e1 reinventando sin perder su historia. La obra realizada es, sin lugar a dudas, un ejemplo de c\u00f3mo las inversiones en la cultura y el patrimonio pueden ser la base de un futuro m\u00e1s pr\u00f3spero para todos.<\/p>\n\n\n\n<p>Este es el resultado de un esfuerzo colectivo, de una visi\u00f3n de futuro que no olvida sus ra\u00edces, y es una muestra m\u00e1s de c\u00f3mo, con el liderazgo adecuado, es posible transformar los sue\u00f1os en realidades tangibles.<\/p>\n\n\n\n<p><strong>Por hoy es todo, s\u00edgueme en:<\/strong><\/p>\n\n\n\n<p><a href=\"http:\/\/www.elreporterodelacomunidad.com\/\">www.elreporterodelacomunidad.com<\/a><\/p>\n\n\n\n<p>Twitter: @elreporteroson y @NPDeportes1<\/p>\n\n\n\n<p>Facebook: El Reportero de la Comunidad y Columna Nada Personal<\/p>\n\n\n\n<p>IG: elreporterodelcomunidad<\/p>\n\n\n\n<p>Tiktok: elreporterodelacomunidad<\/p>\n\n\n\n<p>Whatsapp: 6622217136<\/p>\n\n\n\n<p><a href=\"https:\/\/elreporterodelacomunidad.com\/index.php\/2025\/05\/26\/historicas-fiestas-del-pitic-2025-seguras-limpias-y-con-record-de-283-mil-personas-tono-astiazaran\/\"><br><\/a><\/p>\n","protected":false},"excerpt":{"rendered":"<p>Hermosillo, Sonora a 27 de mayo de 2025.- Hay momentos que no s\u00f3lo se celebran, se graban en la memoria colectiva de una ciudad. Las Fiestas del Pitic 2025 no fueron solo un evento: fue una afirmaci\u00f3n del rumbo que Hermosillo ha tomado bajo el alcalde Antonio \u201cTo\u00f1o\u201d Astiazar\u00e1n Guti\u00e9rrez. Con 283 mil asistentes, una [&hellip;]<\/p>\n","protected":false},"author":4,"featured_media":18869,"comment_status":"open","ping_status":"open","sticky":false,"template":"","format":"standard","meta":{"footnotes":""},"categories":[57,47,51,50,48,54,26,29,27,45],"tags":[],"class_list":["post-18868","post","type-post","status-publish","format-standard","has-post-thumbnail","hentry","category-carlos-alberto-gutierrez-celaya","category-columnas","category-elreporterodelacomunidad","category-nadapersonal","category-noticiasdestacadas","category-picandocresta","category-principal","category-principalsecundaria","category-ultimahora","category-ultimasnoticias"],"_links":{"self":[{"href":"https:\/\/elreporterodelacomunidad.com\/index.php\/wp-json\/wp\/v2\/posts\/18868","targetHints":{"allow":["GET"]}}],"collection":[{"href":"https:\/\/elreporterodelacomunidad.com\/index.php\/wp-json\/wp\/v2\/posts"}],"about":[{"href":"https:\/\/elreporterodelacomunidad.com\/index.php\/wp-json\/wp\/v2\/types\/post"}],"author":[{"embeddable":true,"href":"https:\/\/elreporterodelacomunidad.com\/index.php\/wp-json\/wp\/v2\/users\/4"}],"replies":[{"embeddable":true,"href":"https:\/\/elreporterodelacomunidad.com\/index.php\/wp-json\/wp\/v2\/comments?post=18868"}],"version-history":[{"count":1,"href":"https:\/\/elreporterodelacomunidad.com\/index.php\/wp-json\/wp\/v2\/posts\/18868\/revisions"}],"predecessor-version":[{"id":18871,"href":"https:\/\/elreporterodelacomunidad.com\/index.php\/wp-json\/wp\/v2\/posts\/18868\/revisions\/18871"}],"wp:featuredmedia":[{"embeddable":true,"href":"https:\/\/elreporterodelacomunidad.com\/index.php\/wp-json\/wp\/v2\/media\/18869"}],"wp:attachment":[{"href":"https:\/\/elreporterodelacomunidad.com\/index.php\/wp-json\/wp\/v2\/media?parent=18868"}],"wp:term":[{"taxonomy":"category","embeddable":true,"href":"https:\/\/elreporterodelacomunidad.com\/index.php\/wp-json\/wp\/v2\/categories?post=18868"},{"taxonomy":"post_tag","embeddable":true,"href":"https:\/\/elreporterodelacomunidad.com\/index.php\/wp-json\/wp\/v2\/tags?post=18868"}],"curies":[{"name":"wp","href":"https:\/\/api.w.org\/{rel}","templated":true}]}}