{"id":1886,"date":"2024-03-13T00:00:00","date_gmt":"2024-03-13T07:00:00","guid":{"rendered":"https:\/\/elreporterodelacomunidad.com\/index.php\/2024\/03\/13\/coordinacion-con-autoridades-de-estados-unidos-genera-la-captura-de-sospechoso-de-homicidio-en-san-luis-rio-colorado\/"},"modified":"2024-03-13T00:00:00","modified_gmt":"2024-03-13T07:00:00","slug":"coordinacion-con-autoridades-de-estados-unidos-genera-la-captura-de-sospechoso-de-homicidio-en-san-luis-rio-colorado","status":"publish","type":"post","link":"https:\/\/elreporterodelacomunidad.com\/index.php\/2024\/03\/13\/coordinacion-con-autoridades-de-estados-unidos-genera-la-captura-de-sospechoso-de-homicidio-en-san-luis-rio-colorado\/","title":{"rendered":"<b>Coordinaci\u00f3n con autoridades de Estados Unidos genera la captura de sospechoso de homicidio en San Luis R\u00edo Colorado<\/b>"},"content":{"rendered":"<p align=\"center\" style=\", sans-serif;font-size: 15px;text-align: center\"><\/p>\n<p style=\", sans-serif;font-size: 15px\">En una operaci\u00f3n coordinada entre la Agencia Ministerial de Investigaci\u00f3n Criminal (AMIC), la Patrulla Fronteriza y los Alguaciles de los Estados Unidos de Am\u00e9rica, se logr\u00f3 la captura de Eduardo \u201cN\u201d, de 30 a\u00f1os, quien contaba con una orden de aprehensi\u00f3n por su probable responsabilidad por el delito de homicidio calificado, tras ello, el sujeto fue presentado ante el Juez y fue vinculado a proceso.<\/p>\n<p style=\", sans-serif;font-size: 15px\">La captura del se\u00f1alado obedece a la carpeta de investigaci\u00f3n de una agresi\u00f3n con arma de fuego a Salvador \u201cN\u201d, quien perdi\u00f3 la vida en un hospital al no superar las heridas que le produjeron los disparos que recibi\u00f3 al estar en el interior de un veh\u00edculo en la colonia Libertad en San Luis R\u00edo Colorado, Sonora, el pasado 23 de diciembre del a\u00f1o 2021.<\/p>\n<p style=\", sans-serif;font-size: 15px\">Tras lo sucedido, los primeros trabajos de investigaci\u00f3n se tradujeron en la identificaci\u00f3n de Eduardo \u201cN\u201d como probable responsable de los hechos referidos, por lo que se presentaron los medios de prueba correspondientes ante el Juez, quien otorg\u00f3 una orden de aprehensi\u00f3n en contra del presunto responsable el 27 de diciembre del 2021.<\/p>\n<p style=\", sans-serif;font-size: 15px\">Sin embargo, el sujeto evadi\u00f3 la acci\u00f3n de la justicia al internarse en Estados Unidos de Am\u00e9rica, por lo que se estableci\u00f3 una colaboraci\u00f3n internacional que culmin\u00f3 con la detenci\u00f3n del imputado el pasado 8 de marzo del 2024 en Phoenix, Arizona, para su posterior deportaci\u00f3n a trav\u00e9s del puerto fronterizo de San Luis R\u00edo Colorado.<\/p>\n<p style=\", sans-serif;font-size: 15px\">Una vez en territorio nacional, el sujeto fue puesto a disposici\u00f3n de la autoridad judicial correspondiente y en audiencia de control de detenci\u00f3n esta representaci\u00f3n social formul\u00f3 la imputaci\u00f3n contra Eduardo \u201cN\u201d y la defensa solicit\u00f3 un plazo de 144 horas para la vinculaci\u00f3n a proceso.<\/p>\n<p style=\", sans-serif;font-size: 15px\">Al reanudar la audiencia este martes 12 de marzo, la Fiscal\u00eda General de Justicia del Estado de Sonora (FGJES) present\u00f3 un contundente caudal probatorio al Juez, quien determin\u00f3 vincular a proceso a Eduardo \u201cN\u201d y prisi\u00f3n preventiva justificada como medida cautelar en un Centro de Reinserci\u00f3n Social (CERESO).<\/p>\n","protected":false},"excerpt":{"rendered":"<p>En una operaci\u00f3n coordinada entre la Agencia Ministerial de Investigaci\u00f3n Criminal (AMIC), la Patrulla Fronteriza y los Alguaciles de los Estados Unidos de Am\u00e9rica, se logr\u00f3 la captura de Eduardo \u201cN\u201d, de 30 a\u00f1os, quien contaba con una orden de aprehensi\u00f3n por su probable responsabilidad por el delito de homicidio calificado, tras ello, el sujeto [&hellip;]<\/p>\n","protected":false},"author":1,"featured_media":1887,"comment_status":"open","ping_status":"open","sticky":false,"template":"","format":"standard","meta":{"footnotes":""},"categories":[32],"tags":[],"class_list":["post-1886","post","type-post","status-publish","format-standard","has-post-thumbnail","hentry","category-policiaca"],"_links":{"self":[{"href":"https:\/\/elreporterodelacomunidad.com\/index.php\/wp-json\/wp\/v2\/posts\/1886","targetHints":{"allow":["GET"]}}],"collection":[{"href":"https:\/\/elreporterodelacomunidad.com\/index.php\/wp-json\/wp\/v2\/posts"}],"about":[{"href":"https:\/\/elreporterodelacomunidad.com\/index.php\/wp-json\/wp\/v2\/types\/post"}],"author":[{"embeddable":true,"href":"https:\/\/elreporterodelacomunidad.com\/index.php\/wp-json\/wp\/v2\/users\/1"}],"replies":[{"embeddable":true,"href":"https:\/\/elreporterodelacomunidad.com\/index.php\/wp-json\/wp\/v2\/comments?post=1886"}],"version-history":[{"count":0,"href":"https:\/\/elreporterodelacomunidad.com\/index.php\/wp-json\/wp\/v2\/posts\/1886\/revisions"}],"wp:featuredmedia":[{"embeddable":true,"href":"https:\/\/elreporterodelacomunidad.com\/index.php\/wp-json\/wp\/v2\/media\/1887"}],"wp:attachment":[{"href":"https:\/\/elreporterodelacomunidad.com\/index.php\/wp-json\/wp\/v2\/media?parent=1886"}],"wp:term":[{"taxonomy":"category","embeddable":true,"href":"https:\/\/elreporterodelacomunidad.com\/index.php\/wp-json\/wp\/v2\/categories?post=1886"},{"taxonomy":"post_tag","embeddable":true,"href":"https:\/\/elreporterodelacomunidad.com\/index.php\/wp-json\/wp\/v2\/tags?post=1886"}],"curies":[{"name":"wp","href":"https:\/\/api.w.org\/{rel}","templated":true}]}}