{"id":18824,"date":"2025-05-26T13:55:40","date_gmt":"2025-05-26T20:55:40","guid":{"rendered":"https:\/\/elreporterodelacomunidad.com\/?p=18824"},"modified":"2025-05-26T13:55:44","modified_gmt":"2025-05-26T20:55:44","slug":"historicas-fiestas-del-pitic-2025-seguras-limpias-y-con-record-de-283-mil-personas-tono-astiazaran","status":"publish","type":"post","link":"https:\/\/elreporterodelacomunidad.com\/index.php\/2025\/05\/26\/historicas-fiestas-del-pitic-2025-seguras-limpias-y-con-record-de-283-mil-personas-tono-astiazaran\/","title":{"rendered":"Hist\u00f3ricas Fiestas del Pitic 2025, seguras, limpias y con r\u00e9cord de 283 mil personas: To\u00f1o Astiazar\u00e1n."},"content":{"rendered":"\n<p>-La edici\u00f3n 2025, adem\u00e1s de ser la m\u00e1s concurrida registr\u00f3 la mayor derrama econ\u00f3mica desde que se realiza la festividad con 90 millones de pesos.<\/p>\n\n\n\n<p>-Se han consolidado y han trascendido generaciones, han crecido y han posicionado a Hermosillo como un destino tur\u00edstico nacional e internacional importante.<\/p>\n\n\n\n<p><strong>Hermosillo, Sonora a 26 de mayo de 2025.- <\/strong>\u201cMuch\u00edsimas gracias por dar muestras de civilidad y de orden y hacer de las fiestas del Pitic 2025 las m\u00e1s concurridas en la historia y no solamente eso, fiestas que se distinguen por ser divertidas, por ser seguras, por ser ordenadas y por ser limpias\u201d, expres\u00f3 el presidente municipal Antonio Astiazar\u00e1n Guti\u00e9rrez al informar que asistieron 283 mil personas en los cuatro d\u00edas con una derrama econ\u00f3mica de 90 millones de pesos.<\/p>\n\n\n\n<p>Del 22 al 25 de mayo que se llev\u00f3 a cabo la celebraci\u00f3n en el centro hist\u00f3rico de la ciudad se registr\u00f3 el 98 por ciento de aprobaci\u00f3n, el 92 por ciento en percepci\u00f3n de seguridad, el 94 por ciento en limpieza, 66 atenciones de salud y los comerciantes aseguraron que hubo cero corrupci\u00f3n.<\/p>\n\n\n\n<p>To\u00f1o Astiazar\u00e1n destac\u00f3 que la coordinaci\u00f3n de todas las dependencias del Gobierno Municipal involucradas en un trabajo transversal para tener los resultados que el d\u00eda de hoy se presentan.<\/p>\n\n\n\n<p>\u201cEl tener las fiestas m\u00e1s grandes, m\u00e1s divertidas, una cartelera diversa para todos gustos, expresiones art\u00edsticas, culturales musicales, en verdad que nos llena de orgullo y nos compromete, por supuesto, a que en las futuras fiestas del Pitic podamos cada d\u00eda mejorarlas\u201d, manifest\u00f3 Astiazar\u00e1n Guti\u00e9rrez.<\/p>\n\n\n\n<p>Reiter\u00f3 su gratitud a todas y todos los asistentes a quienes desde Hermosillo, quienes nos visitaron del interior del Estado, del interior de la Rep\u00fablica, del extranjero que estuvieron; y agradeci\u00f3 de manera especial a las y los servidores p\u00fablicos del Ayuntamiento y a quienes apoyaron en las labores de seguridad, como la Universidad Estatal de Seguridad P\u00fablica, la Polic\u00eda estatal de Seguridad P\u00fablica, la Guardia Nacional, el Ej\u00e9rcito y Protecci\u00f3n Civil.<\/p>\n\n\n\n<p>Los espect\u00e1culos que presentaron m\u00e1s de mil 400 artistas en 20 foros, con la participaci\u00f3n estelar de Manuel Turizo, Miguel Bos\u00e9, Caifanes, Ed\u00e9n Mu\u00f1oz, Mar\u00eda Le\u00f3n, Santa Cecilia, Los Concorde, Leonardo de Lozanne y los Rebel Cats, Arturo Chac\u00f3n y muchos m\u00e1s.<\/p>\n\n\n\n<p>Marianna Gonz\u00e1lez Gast\u00e9lum, directora del IMCA, reconoci\u00f3 y agradeci\u00f3 la participaci\u00f3n de las y los artistas que participaron, y por supuesto de todos sus compa\u00f1eros de las dependencias de Ayuntamiento de Hermosillo, por haber ejecutado un gran trabajo en equipo.<\/p>\n\n\n\n<p>\u201cLas Fiestas del Pitic sin duda son el reflejo de todo la actividad art\u00edstica y cultural Hermosillo, donde conviven diversas expresiones, quiero destacar el crecimiento que se tuvo este a\u00f1o en la oferta de actividades para ni\u00f1as y ni\u00f1os, verdaderamente estuvimos monitoreando, de manera muy atenta la asistencia de las infancias, porque creemos que a trav\u00e9s de plataformas como las Fiestas del Pitic hacemos pues como Ayuntamiento valer un derecho humano que es muy importante que es el libre acceso a la cultura\u201d, coment\u00f3 Gonz\u00e1lez Gast\u00e9lum.<\/p>\n\n\n\n<p>El Comisario General de la Polic\u00eda Preventiva y Tr\u00e1nsito Municipal, Manuel Emilio Hoyos D\u00edaz, comparti\u00f3 que no hubo incidentes mayores, los visitantes y los asistentes a cada uno de los eventos se comportan muy a la altura.<\/p>\n\n\n\n<p>Participaron alrededor de 300 elementos de la Polic\u00eda Preventiva y 120 oficiales de Tr\u00e1nsito; se entregaron 2 mil 600 pulseras a menores para rescatar en caso de extrav\u00edo. Hubo dos casos que de ni\u00f1os que se perdieron moment\u00e1neamente y fueron puestos a disposici\u00f3n de sus padres.<\/p>\n\n\n\n<p>Oscar Gast\u00e9lum, Donnadieu, director de la Agencia Municipal de Desarrollo Econ\u00f3mico, precis\u00f3 que tuvieron una afluencia de 283 mil personas, en comparaci\u00f3n con alrededor de 250 mil del a\u00f1o pasado y 200 mil del 2023; lo que gener\u00f3 una derrama econ\u00f3mica de casi 90 millones de pesos que es un 24 por ciento m\u00e1s en comparaci\u00f3n al a\u00f1o pasado que fue de 71 millones de pesos, y bastante m\u00e1s que el 2023, que fueron un poco menos de 50 millones de pesos.<\/p>\n\n\n\n<p>\u201cLa derrama econ\u00f3mica por d\u00eda fue alrededor de 22 millones de pesos tambi\u00e9n 22 por ciento m\u00e1s que el a\u00f1o pasado que fue casi 18 millones de pesos; y quisiera aprovechar para felicitar tanto nuestro presidente como a Marianna\u2026 porque mediante encuestas estuvimos en una escala del uno al cinco, siendo la m\u00e1xima calificaci\u00f3n, un promedio bastante bueno tanto en organizaci\u00f3n, en seguridad y en limpieza de alrededor de 4.5\u201d, agreg\u00f3.<\/p>\n\n\n\n<p>En el informe de resultados los acompa\u00f1aron Eduardo Acu\u00f1a Padilla, secretario del Ayuntamiento; Fernando Morales Flores, coordinador de Protecci\u00f3n Civil Municipal; Sergio Arturo Pavlovich Escalante, director de Servicios P\u00fablicos Municipales.<\/p>\n","protected":false},"excerpt":{"rendered":"<p>-La edici\u00f3n 2025, adem\u00e1s de ser la m\u00e1s concurrida registr\u00f3 la mayor derrama econ\u00f3mica desde que se realiza la festividad con 90 millones de pesos. -Se han consolidado y han trascendido generaciones, han crecido y han posicionado a Hermosillo como un destino tur\u00edstico nacional e internacional importante. Hermosillo, Sonora a 26 de mayo de 2025.- [&hellip;]<\/p>\n","protected":false},"author":4,"featured_media":18825,"comment_status":"open","ping_status":"open","sticky":false,"template":"","format":"standard","meta":{"footnotes":""},"categories":[34,26],"tags":[],"class_list":["post-18824","post","type-post","status-publish","format-standard","has-post-thumbnail","hentry","category-general","category-principal"],"_links":{"self":[{"href":"https:\/\/elreporterodelacomunidad.com\/index.php\/wp-json\/wp\/v2\/posts\/18824","targetHints":{"allow":["GET"]}}],"collection":[{"href":"https:\/\/elreporterodelacomunidad.com\/index.php\/wp-json\/wp\/v2\/posts"}],"about":[{"href":"https:\/\/elreporterodelacomunidad.com\/index.php\/wp-json\/wp\/v2\/types\/post"}],"author":[{"embeddable":true,"href":"https:\/\/elreporterodelacomunidad.com\/index.php\/wp-json\/wp\/v2\/users\/4"}],"replies":[{"embeddable":true,"href":"https:\/\/elreporterodelacomunidad.com\/index.php\/wp-json\/wp\/v2\/comments?post=18824"}],"version-history":[{"count":1,"href":"https:\/\/elreporterodelacomunidad.com\/index.php\/wp-json\/wp\/v2\/posts\/18824\/revisions"}],"predecessor-version":[{"id":18826,"href":"https:\/\/elreporterodelacomunidad.com\/index.php\/wp-json\/wp\/v2\/posts\/18824\/revisions\/18826"}],"wp:featuredmedia":[{"embeddable":true,"href":"https:\/\/elreporterodelacomunidad.com\/index.php\/wp-json\/wp\/v2\/media\/18825"}],"wp:attachment":[{"href":"https:\/\/elreporterodelacomunidad.com\/index.php\/wp-json\/wp\/v2\/media?parent=18824"}],"wp:term":[{"taxonomy":"category","embeddable":true,"href":"https:\/\/elreporterodelacomunidad.com\/index.php\/wp-json\/wp\/v2\/categories?post=18824"},{"taxonomy":"post_tag","embeddable":true,"href":"https:\/\/elreporterodelacomunidad.com\/index.php\/wp-json\/wp\/v2\/tags?post=18824"}],"curies":[{"name":"wp","href":"https:\/\/api.w.org\/{rel}","templated":true}]}}