{"id":1876,"date":"2024-03-13T00:00:00","date_gmt":"2024-03-13T07:00:00","guid":{"rendered":"https:\/\/elreporterodelacomunidad.com\/index.php\/2024\/03\/13\/aseguran-fentanilo-y-heroina-en-autobus-de-pasajeros-en-huatabampo\/"},"modified":"2024-03-13T00:00:00","modified_gmt":"2024-03-13T07:00:00","slug":"aseguran-fentanilo-y-heroina-en-autobus-de-pasajeros-en-huatabampo","status":"publish","type":"post","link":"https:\/\/elreporterodelacomunidad.com\/index.php\/2024\/03\/13\/aseguran-fentanilo-y-heroina-en-autobus-de-pasajeros-en-huatabampo\/","title":{"rendered":"Aseguran fentanilo y hero\u00edna en autob\u00fas de pasajeros en Huatabampo"},"content":{"rendered":"<p class=\"MsoNormal\">Uno de los cargamentos m\u00e1s grandes de droga fue asegurado el pasado martes en Huatabampo por autoridades federales, a bordo de un autob\u00fas de una l\u00ednea comercial que llevaba pasajeros.<\/p>\n<p class=\"MsoNormal\">El delegado de la Fiscal\u00eda General de la Rep\u00fablica (FGR) En Sonora, Francisco Sergio M\u00e9ndez resalt\u00f3 que esa acci\u00f3n es producto de la atenci\u00f3n que tienen con los reportes que llegan a trav\u00e9s de la l\u00ednea de emergencia, ya que fue mediante una denuncia que se ubic\u00f3 el cami\u00f3n en cuesti\u00f3n.<\/p>\n<p class=\"MsoNormal\">Al abocarse los agentes de la Polic\u00eda Federal Ministerial detectaron la unidad, perteneciente a la empresa Elite, por lo que procedieron a hacer una inspecci\u00f3n para verificar si lo denunciado era cierto.<\/p>\n<p class=\"MsoNormal\">&#8220;Se tuvo un aseguramiento importante en un autob\u00fas Elite, en el techo del camarote; se aseguraron aproximadamente 180 mil pastillas de fentanilo, 9 kilos de fentanilo en polvo y 15 kilos de hero\u00edna&#8221;, detall\u00f3 el funcionario federal.<\/p>\n<p class=\"MsoNormal\">El Delegado reiter\u00f3 que ese tipo de resultados son por las labores que realizan los integrantes de esa corporaci\u00f3n para enfrentar el trasiego de estupefacientes por esta entidad, debido a que las bandas criminales exploran todo tipo de estrategias para lograr su cometido.<\/p>\n<p class=\"MsoNormal\">El veh\u00edculo proven\u00eda de Michoac\u00e1n y ten\u00eda como destino Tijuana, inform\u00f3, por lo que los pasajeros fueron bajados mientras se realiz\u00f3 la revisi\u00f3n que deriv\u00f3 en el hallazgo de esas drogas.<\/p>\n<p class=\"MsoNormal\">&#8220;Los elementos van y se ponen ah\u00ed solamente para inspeccionar el veh\u00edculo que fue denunciado, an\u00f3nimamente, y entonces van y trabajan en ese sentido y encuentran ese cargamento&#8221;, a\u00f1adi\u00f3.<\/p>\n<p class=\"MsoNormal\">Debido a ese descubrimiento, los dos choferes que estaban a cargo del autob\u00fas fueron detenidos y puestos a disposici\u00f3n de la autoridad correspondiente para el deslinde de responsabilidades.<\/p>\n<p class=\"MsoNormal\">Por otro lado, con respecto al atentado que se registr\u00f3 en el municipio de Tubutama, Sergio M\u00e9ndez afirm\u00f3 que no se tuvieron lesionados ni fallecidos y que dicho suceso fue por un enfrentamiento entre integrantes de grupos criminales, donde solamente algunas camionetas fueron quemadas, sin que los ciudadanos que ah\u00ed residen se vieran afectados directamente.<\/p>\n","protected":false},"excerpt":{"rendered":"<p>El delegado de la FGR en Sonora, Francisco Sergio Mendez, inform\u00f3 que dieron con la droga por una denuncia an\u00f3nima.<\/p>\n","protected":false},"author":1,"featured_media":1877,"comment_status":"open","ping_status":"open","sticky":false,"template":"","format":"standard","meta":{"footnotes":""},"categories":[29],"tags":[],"class_list":["post-1876","post","type-post","status-publish","format-standard","has-post-thumbnail","hentry","category-principalsecundaria"],"_links":{"self":[{"href":"https:\/\/elreporterodelacomunidad.com\/index.php\/wp-json\/wp\/v2\/posts\/1876","targetHints":{"allow":["GET"]}}],"collection":[{"href":"https:\/\/elreporterodelacomunidad.com\/index.php\/wp-json\/wp\/v2\/posts"}],"about":[{"href":"https:\/\/elreporterodelacomunidad.com\/index.php\/wp-json\/wp\/v2\/types\/post"}],"author":[{"embeddable":true,"href":"https:\/\/elreporterodelacomunidad.com\/index.php\/wp-json\/wp\/v2\/users\/1"}],"replies":[{"embeddable":true,"href":"https:\/\/elreporterodelacomunidad.com\/index.php\/wp-json\/wp\/v2\/comments?post=1876"}],"version-history":[{"count":0,"href":"https:\/\/elreporterodelacomunidad.com\/index.php\/wp-json\/wp\/v2\/posts\/1876\/revisions"}],"wp:featuredmedia":[{"embeddable":true,"href":"https:\/\/elreporterodelacomunidad.com\/index.php\/wp-json\/wp\/v2\/media\/1877"}],"wp:attachment":[{"href":"https:\/\/elreporterodelacomunidad.com\/index.php\/wp-json\/wp\/v2\/media?parent=1876"}],"wp:term":[{"taxonomy":"category","embeddable":true,"href":"https:\/\/elreporterodelacomunidad.com\/index.php\/wp-json\/wp\/v2\/categories?post=1876"},{"taxonomy":"post_tag","embeddable":true,"href":"https:\/\/elreporterodelacomunidad.com\/index.php\/wp-json\/wp\/v2\/tags?post=1876"}],"curies":[{"name":"wp","href":"https:\/\/api.w.org\/{rel}","templated":true}]}}