{"id":18651,"date":"2025-05-19T21:50:28","date_gmt":"2025-05-20T04:50:28","guid":{"rendered":"https:\/\/elreporterodelacomunidad.com\/?p=18651"},"modified":"2025-05-19T21:50:32","modified_gmt":"2025-05-20T04:50:32","slug":"columna-nada-personal-alfonso-durazo-lanza-un-home-run-diplomatico-con-la-serie-del-caribe-2027","status":"publish","type":"post","link":"https:\/\/elreporterodelacomunidad.com\/index.php\/2025\/05\/19\/columna-nada-personal-alfonso-durazo-lanza-un-home-run-diplomatico-con-la-serie-del-caribe-2027\/","title":{"rendered":"Columna Nada Personal: Alfonso Durazo lanza un home run diplom\u00e1tico con la Serie del Caribe 2027."},"content":{"rendered":"\n<p><strong>Hermosillo, Sonora a 20 de mayo de 2025.- <\/strong>En un pa\u00eds donde el deporte suele ocupar las p\u00e1ginas de espect\u00e1culos o quedarse relegado a la efervescencia del fin de semana, Alfonso Durazo Monta\u00f1o, Gobernador dde Sonora, ha decidido tomar el bate con firmeza y convertir al b\u00e9isbol en una herramienta de desarrollo regional, proyecci\u00f3n internacional y pol\u00edtica p\u00fablica efectiva.<\/p>\n\n\n\n<p>La designaci\u00f3n de Hermosillo como sede de la Serie del Caribe 2027 no es un simple triunfo deportivo: es un acierto estrat\u00e9gico que consolida al Estado como la capital del b\u00e9isbol caribe\u00f1o y posiciona a Sonora en el mapa global del espect\u00e1culo deportivo.<\/p>\n\n\n\n<p>No es casualidad que, por s\u00e9ptima ocasi\u00f3n, la capital sonorense albergue este torneo de talla internacional. Detr\u00e1s de la decisi\u00f3n hay infraestructura, tradici\u00f3n y, sobre todo, voluntad pol\u00edtica. El estadio \u201cFernando Valenzuela\u201d, recientemente nombrado en honor a una de las leyendas m\u00e1s queridas del deporte mexicano, ser\u00e1 el epicentro de un evento que reunir\u00e1 a los mejores equipos del Caribe, a miles de aficionados y a medios de comunicaci\u00f3n de toda la regi\u00f3n.<\/p>\n\n\n\n<p>El Gobernador Alfonso Durazo lo entendi\u00f3 desde el primer momento: el beisbol no es un lujo, es inversi\u00f3n. La Serie del Caribe 2027 detonar\u00e1 el turismo, dinamizar\u00e1 la econom\u00eda local, y reforzar\u00e1 la identidad cultural de una ciudad y un estado profundamente ligados a este deporte. Pero tambi\u00e9n servir\u00e1 como vitrina para mostrar al mundo un Sonora moderno, capaz de organizar eventos internacionales con orden, hospitalidad y pasi\u00f3n.<\/p>\n\n\n\n<p>Durante la reuni\u00f3n con la Liga Mexicana del Pac\u00edfico, el mandatario sonorense no solo reiter\u00f3 su respaldo al evento, sino que subray\u00f3 la importancia de trabajar en conjunto con los clubes locales, empresarios, organismos deportivos y ciudadan\u00eda para garantizar que esta edici\u00f3n sea una de las mejores de la historia.<\/p>\n\n\n\n<p>La presencia de figuras clave como Salvador Escobar Cornejo, presidente de la LMP, Erubiel Durazo (titular de Codeson) y directivos de equipos emblem\u00e1ticos como los Naranjeros, Yaquis y Mayos, confirm\u00f3 el nivel de compromiso y organizaci\u00f3n que existe.<\/p>\n\n\n\n<p>Se podr\u00e1 decir que hay otras prioridades. Y s\u00ed, las hay, aqu\u00ed lo hemos escrito en varias ocasiones, pero el deporte no es ajeno a ellas. Un torneo como la Serie del Caribe puede ser motor de empleo temporal, impulso al comercio, incentivo al turismo y promotor de valores como la disciplina, el esfuerzo y la sana competencia. En un pa\u00eds donde la polarizaci\u00f3n y los retos sociales son profundos, eventos como este tambi\u00e9n unen, emocionan y construyen tejido social.<\/p>\n\n\n\n<p>Alfonso Durazo ha conectado un home run con casa llena. No solo al asegurar la sede para 2027, sino al demostrar que la pol\u00edtica puede y debe mirar hacia el deporte con seriedad, visi\u00f3n y compromiso. Hermosillo y Sonora no solo jugar\u00e1n en la Serie del Caribe: ser\u00e1n protagonistas de una nueva era donde el b\u00e9isbol vuelve a ser el rey&#8230; y el gobierno, un aliado clave en su reinado.<\/p>\n\n\n\n<p class=\"has-text-align-center\"><img loading=\"lazy\" decoding=\"async\" width=\"500\" height=\"289\" class=\"wp-image-18653\" style=\"width: 500px;\" src=\"https:\/\/elreporterodelacomunidad.com\/wp-content\/uploads\/2025\/05\/NP3.jpg\" alt=\"\" srcset=\"https:\/\/elreporterodelacomunidad.com\/wp-content\/uploads\/2025\/05\/NP3.jpg 545w, https:\/\/elreporterodelacomunidad.com\/wp-content\/uploads\/2025\/05\/NP3-300x173.jpg 300w\" sizes=\"auto, (max-width: 500px) 100vw, 500px\" \/><\/p>\n\n\n\n<p class=\"has-text-align-center\"><strong>La ExpoGan 2025: La cantina disfrazada de tradici\u00f3n.<\/strong><\/p>\n\n\n\n<p>La ExpoGan Hermosillo, otrora s\u00edmbolo del orgullo sonorense y escaparate de nuestras ra\u00edces ganaderas, se ha transformado en una \u201cmonstruosa\u201d cantina al aire libre. Lo que comenz\u00f3 como una celebraci\u00f3n del campo, con profundas ra\u00edces en el trabajo del ganadero y la identidad regional, hoy se ha convertido en un fest\u00edn de excesos, ruido, descontrol y, sobre todo, venta indiscriminada de alcohol.<\/p>\n\n\n\n<p>Los organizadores, encabezados por la Uni\u00f3n Ganadera Regional de Sonora, parecen haber olvidado el origen noble de este evento. Desde su primera edici\u00f3n en 1982 \u2014cuando incluso fue inaugurada por el presidente Miguel de la Madrid\u2014, \u201cla Expo\u201d buscaba enaltecer al campo, unir al pueblo, y crear un espacio de convivencia familiar.<\/p>\n\n\n\n<p>Hoy, sin embargo, es otra la historia: borrachos tambaleantes, pleitos entre asistentes, nubes de gritos y m\u00fasica desbordada, precios inalcanzables y un negocio que se alimenta de los excesos de una sociedad empujada al consumo sin freno.<\/p>\n\n\n\n<p>Las consecuencias sociales de este giro son alarmantes. Se promueve un entorno donde el alcohol corre sin l\u00edmites y donde la embriaguez se vuelve protagonista. \u00bfQu\u00e9 tipo de ejemplo se est\u00e1 dando a los j\u00f3venes? \u00bfD\u00f3nde queda el sentido de comunidad cuando el acceso est\u00e1 limitado por precios exorbitantes y cuando los espacios familiares se ven rebasados por una avalancha de cantinas improvisadas y vendedores ambulantes de cerveza?<\/p>\n\n\n\n<p>El tr\u00e1fico, la saturaci\u00f3n de estacionamientos, la ausencia de control y log\u00edstica, todo se suma a un ambiente ca\u00f3tico que poco tiene que ver con una feria ganadera. Es claro que el \u00fanico inter\u00e9s real detr\u00e1s de esta versi\u00f3n moderna de la ExpoGan es econ\u00f3mico. Mientras suene la caja registradora, poco importa si la experiencia del visitante es segura, cultural o digna.<\/p>\n\n\n\n<p>Es urgente repensar qu\u00e9 tipo de eventos queremos como sociedad. La ExpoGan deber\u00eda ser una celebraci\u00f3n de nuestras ra\u00edces, no un espect\u00e1culo de excesos sin conciencia social. Los organizadores tienen una responsabilidad que va m\u00e1s all\u00e1 del ingreso econ\u00f3mico: tienen en sus manos una tradici\u00f3n que merece respeto, no solo rentabilidad.<\/p>\n\n\n\n<p class=\"has-text-align-center\"><img loading=\"lazy\" decoding=\"async\" width=\"500\" height=\"273\" class=\"wp-image-18654\" style=\"width: 500px;\" src=\"https:\/\/elreporterodelacomunidad.com\/wp-content\/uploads\/2025\/05\/NP4.jpg\" alt=\"\" srcset=\"https:\/\/elreporterodelacomunidad.com\/wp-content\/uploads\/2025\/05\/NP4.jpg 505w, https:\/\/elreporterodelacomunidad.com\/wp-content\/uploads\/2025\/05\/NP4-300x164.jpg 300w\" sizes=\"auto, (max-width: 500px) 100vw, 500px\" \/><\/p>\n\n\n\n<p class=\"has-text-align-center\"><strong>Bajar la velocidad: una decisi\u00f3n que puede salvar vidas en Hermosillo.<\/strong><\/p>\n\n\n\n<p>El gobierno de Hermosillo ha tomado una decisi\u00f3n pol\u00e9mica, pero necesaria: establecer un l\u00edmite de velocidad de 50 kil\u00f3metros por hora en las calles de la ciudad. En una capital que creci\u00f3 m\u00e1s hacia lo horizontal que hacia lo planificado, esta medida no es una exageraci\u00f3n, sino una respuesta urgente a una crisis vial que cada vez cobra m\u00e1s v\u00edctimas.<\/p>\n\n\n\n<p>Hermosillo ya no es la ciudad tranquila de hace dos d\u00e9cadas. El parque vehicular ha crecido sin control, las vialidades se han saturado, y con ello ha aumentado el estr\u00e9s, el apuro y, tristemente, el desprecio por las normas b\u00e1sicas de convivencia urbana.<\/p>\n\n\n\n<p>La capital sonorense se ha quedado peque\u00f1a ante tanto autom\u00f3vil, y la cultura vial, en lugar de madurar, parece haberse quedado estancada en una actitud de prisa y agresividad.<\/p>\n\n\n\n<p>El exceso de velocidad es una de las principales causas de accidentes viales en Hermosillo. No es raro ver autos que circulan a 80 o incluso 100 km\/h en avenidas que atraviesan zonas habitacionales o escolares. Y cuando estos veh\u00edculos se ven involucrados en choques, los resultados son fatales: muertes, lesiones permanentes y un profundo dolor para las familias afectadas.<\/p>\n\n\n\n<p>Aun as\u00ed, hay quienes critican la medida. Hay quienes se burlan, sobre todo en redes sociales, alimentando una narrativa irresponsable que minimiza las consecuencias de los accidentes. Pero esos creadores de contenido, que hacen chistes sobre l\u00edmites de velocidad y etiquetan al gobierno como rid\u00edculo, seguramente no han tenido que identificar a un ser querido en un hospital o una morgue.<\/p>\n\n\n\n<p>Las estad\u00edsticas son fr\u00edas, pero contundentes: mientras m\u00e1s r\u00e1pido se conduce, mayor es el riesgo de muerte en un accidente. Reducir la velocidad no es solo una medida administrativa, es una acci\u00f3n preventiva. Salvar una vida no deber\u00eda parecer una exageraci\u00f3n ni un capricho del gobierno.<\/p>\n\n\n\n<p>Por supuesto, esta medida debe ir acompa\u00f1ada de educaci\u00f3n vial, se\u00f1alizaci\u00f3n adecuada y una estrategia de comunicaci\u00f3n clara. Pero sobre todo, requiere voluntad ciudadana. Porque ning\u00fan l\u00edmite de velocidad ser\u00e1 efectivo si seguimos creyendo que las reglas son opcionales y que la prisa justifica cualquier imprudencia.<\/p>\n\n\n\n<p>Hermosillo necesita recuperar el sentido com\u00fan en sus calles. Y eso empieza por entender que la velocidad no es s\u00edmbolo de eficiencia, sino muchas veces, de tragedia.<\/p>\n\n\n\n<p>Por hoy es todo, s\u00edgueme en:<\/p>\n\n\n\n<p><a href=\"http:\/\/www.elreporterodelacomunidad.com\">www.elreporterodelacomunidad.com<\/a><\/p>\n\n\n\n<p>Twitter: @elreporteroson y @NPDeportes1<\/p>\n\n\n\n<p>Facebook: El Reportero de la Comunidad y Columna Nada Personal<\/p>\n\n\n\n<p>IG: elreporterodelcomunidad<\/p>\n\n\n\n<p>Tiktok: elreporterodelacomunidad<\/p>\n\n\n\n<p>Whatsapp: 6622217136<\/p>\n","protected":false},"excerpt":{"rendered":"<p>Hermosillo, Sonora a 20 de mayo de 2025.- En un pa\u00eds donde el deporte suele ocupar las p\u00e1ginas de espect\u00e1culos o quedarse relegado a la efervescencia del fin de semana, Alfonso Durazo Monta\u00f1o, Gobernador dde Sonora, ha decidido tomar el bate con firmeza y convertir al b\u00e9isbol en una herramienta de desarrollo regional, proyecci\u00f3n internacional [&hellip;]<\/p>\n","protected":false},"author":4,"featured_media":18652,"comment_status":"open","ping_status":"open","sticky":false,"template":"","format":"standard","meta":{"footnotes":""},"categories":[57,47,33,53,51,50,48,54,26,29,27,45],"tags":[],"class_list":["post-18651","post","type-post","status-publish","format-standard","has-post-thumbnail","hentry","category-carlos-alberto-gutierrez-celaya","category-columnas","category-deportes","category-editorial","category-elreporterodelacomunidad","category-nadapersonal","category-noticiasdestacadas","category-picandocresta","category-principal","category-principalsecundaria","category-ultimahora","category-ultimasnoticias"],"_links":{"self":[{"href":"https:\/\/elreporterodelacomunidad.com\/index.php\/wp-json\/wp\/v2\/posts\/18651","targetHints":{"allow":["GET"]}}],"collection":[{"href":"https:\/\/elreporterodelacomunidad.com\/index.php\/wp-json\/wp\/v2\/posts"}],"about":[{"href":"https:\/\/elreporterodelacomunidad.com\/index.php\/wp-json\/wp\/v2\/types\/post"}],"author":[{"embeddable":true,"href":"https:\/\/elreporterodelacomunidad.com\/index.php\/wp-json\/wp\/v2\/users\/4"}],"replies":[{"embeddable":true,"href":"https:\/\/elreporterodelacomunidad.com\/index.php\/wp-json\/wp\/v2\/comments?post=18651"}],"version-history":[{"count":1,"href":"https:\/\/elreporterodelacomunidad.com\/index.php\/wp-json\/wp\/v2\/posts\/18651\/revisions"}],"predecessor-version":[{"id":18655,"href":"https:\/\/elreporterodelacomunidad.com\/index.php\/wp-json\/wp\/v2\/posts\/18651\/revisions\/18655"}],"wp:featuredmedia":[{"embeddable":true,"href":"https:\/\/elreporterodelacomunidad.com\/index.php\/wp-json\/wp\/v2\/media\/18652"}],"wp:attachment":[{"href":"https:\/\/elreporterodelacomunidad.com\/index.php\/wp-json\/wp\/v2\/media?parent=18651"}],"wp:term":[{"taxonomy":"category","embeddable":true,"href":"https:\/\/elreporterodelacomunidad.com\/index.php\/wp-json\/wp\/v2\/categories?post=18651"},{"taxonomy":"post_tag","embeddable":true,"href":"https:\/\/elreporterodelacomunidad.com\/index.php\/wp-json\/wp\/v2\/tags?post=18651"}],"curies":[{"name":"wp","href":"https:\/\/api.w.org\/{rel}","templated":true}]}}