{"id":186,"date":"2024-05-16T00:00:00","date_gmt":"2024-05-16T07:00:00","guid":{"rendered":"https:\/\/elreporterodelacomunidad.com\/index.php\/2024\/05\/16\/museo-regional-de-sonora-invita-a-celebrar-el-dia-internacional-de-los-museos-en-la-antigua-penitenciaria-del-estado\/"},"modified":"2024-05-18T21:51:11","modified_gmt":"2024-05-19T04:51:11","slug":"museo-regional-de-sonora-invita-a-celebrar-el-dia-internacional-de-los-museos-en-la-antigua-penitenciaria-del-estado","status":"publish","type":"post","link":"https:\/\/elreporterodelacomunidad.com\/index.php\/2024\/05\/16\/museo-regional-de-sonora-invita-a-celebrar-el-dia-internacional-de-los-museos-en-la-antigua-penitenciaria-del-estado\/","title":{"rendered":"Museo Regional de Sonora invita a celebrar el D\u00eda Internacional de los Museos en la Antigua Penitenciar\u00eda del Estado"},"content":{"rendered":"<p class=\"MsoNormal\">El Instituto Nacional de Antropolog\u00eda e Historia (INAH) en Sonora, a trav\u00e9s del Museo Regional de Sonora, invita al p\u00fablico en general a visitar la Antigua Penitenciar\u00eda de Sonora y sumarse a las actividades en el marco de la conmemoraci\u00f3n del D\u00eda Internacional de los Museos, el pr\u00f3ximo s\u00e1bado 18 de mayo de 2024 de 10:00 a 16:00 horas.<\/p>\n<p class=\"MsoNormal\">\n<p class=\"MsoNormal\">La visita a la Antigua Penitenciar\u00eda permite recorrer una exposici\u00f3n temporal sobre la Misi\u00f3n de Coc\u00f3spera, posteriormente los rincones de la c\u00e1rcel, celdas, patios, pared\u00f3n y calabozos, as\u00ed como conocer los muros y espacios en los que m\u00e1s de 800 presos estuvieron a principios del siglo XX y mediados del siglo XXI, finalizando con el espacio de los ni\u00f1os y ni\u00f1as para hacer actividades.<\/p>\n<p class=\"MsoNormal\">Como cada a\u00f1o, los museos se suman a distintas actividades a la conmemoraci\u00f3n establecida en 1977 por el Consejo Internacional de Museos (ICOM), la celebraci\u00f3n de este a\u00f1o lleva el lema \u201cMuseos para la educaci\u00f3n y la investigaci\u00f3n\u201d, acciones que se vienen desarrollando en el caso de del Museo Regional de Sonora y su estrecha vinculaci\u00f3n con el \u00e1rea de investigaci\u00f3n del INAH Sonora, de las cuales se han desprendido decenas de exposiciones temporales y actividades de divulgaci\u00f3n.<\/p>\n<p class=\"MsoNormal\">Adem\u00e1s, en esta ocasi\u00f3n se lleva a cabo una jornada especial donde el museo va a una escuela, a impartir durante toda una semana talleres educativos sobre \u201cPintura facial comca\u00e1c\u201d, con el objetivo de acercar a los estudiantes a conocer parte de las tradiciones y la cultura de los pueblos originarios de Sonora.<\/p>\n<p class=\"MsoNormal\">La Lic. Martha Olivia Sol\u00eds Zatara\u00edn, directora del recinto mencion\u00f3 que \u201cEl museo ha venido desarrollando diversas acciones que permiten acercar a distintos p\u00fablicos al conocimiento y disfrute del patrimonio cultural, en esta ocasi\u00f3n ofreceremos la visita a los calabozos, que ha sido una experiencia demandada por la sociedad en general, as\u00ed como actividades para ni\u00f1os sobre pueblos originarios, pintura rupestre y misiones de la Pimer\u00eda Alta, en el corredor de la entrada, ejercicios de enriquecimiento e intercambio cultural\u201d.<\/p>\n<p class=\"MsoNormal\">Se extiende la invitaci\u00f3n para visitar el Museo Regional de Sonora en esta jornada especial, el s\u00e1bado 18 de mayo, con un horario de 10:00 a 16:00 horas, para mayor informaci\u00f3n, pueden comunicarse al 662 217 2714 o al correo museo.son@inah.gob.mx.<\/p>\n","protected":false},"excerpt":{"rendered":"<p>El Instituto Nacional de Antropolog\u00eda e Historia (INAH) en Sonora, a trav\u00e9s del Museo Regional de Sonora, invita al p\u00fablico en general a visitar la Antigua Penitenciar\u00eda de Sonora y sumarse a las actividades en el marco de la conmemoraci\u00f3n del D\u00eda Internacional de los Museos, el pr\u00f3ximo s\u00e1bado 18 de mayo de 2024 de [&hellip;]<\/p>\n","protected":false},"author":1,"featured_media":499,"comment_status":"open","ping_status":"open","sticky":false,"template":"","format":"standard","meta":{"footnotes":""},"categories":[36],"tags":[],"class_list":["post-186","post","type-post","status-publish","format-standard","has-post-thumbnail","hentry","category-educacion"],"_links":{"self":[{"href":"https:\/\/elreporterodelacomunidad.com\/index.php\/wp-json\/wp\/v2\/posts\/186","targetHints":{"allow":["GET"]}}],"collection":[{"href":"https:\/\/elreporterodelacomunidad.com\/index.php\/wp-json\/wp\/v2\/posts"}],"about":[{"href":"https:\/\/elreporterodelacomunidad.com\/index.php\/wp-json\/wp\/v2\/types\/post"}],"author":[{"embeddable":true,"href":"https:\/\/elreporterodelacomunidad.com\/index.php\/wp-json\/wp\/v2\/users\/1"}],"replies":[{"embeddable":true,"href":"https:\/\/elreporterodelacomunidad.com\/index.php\/wp-json\/wp\/v2\/comments?post=186"}],"version-history":[{"count":1,"href":"https:\/\/elreporterodelacomunidad.com\/index.php\/wp-json\/wp\/v2\/posts\/186\/revisions"}],"predecessor-version":[{"id":498,"href":"https:\/\/elreporterodelacomunidad.com\/index.php\/wp-json\/wp\/v2\/posts\/186\/revisions\/498"}],"wp:featuredmedia":[{"embeddable":true,"href":"https:\/\/elreporterodelacomunidad.com\/index.php\/wp-json\/wp\/v2\/media\/499"}],"wp:attachment":[{"href":"https:\/\/elreporterodelacomunidad.com\/index.php\/wp-json\/wp\/v2\/media?parent=186"}],"wp:term":[{"taxonomy":"category","embeddable":true,"href":"https:\/\/elreporterodelacomunidad.com\/index.php\/wp-json\/wp\/v2\/categories?post=186"},{"taxonomy":"post_tag","embeddable":true,"href":"https:\/\/elreporterodelacomunidad.com\/index.php\/wp-json\/wp\/v2\/tags?post=186"}],"curies":[{"name":"wp","href":"https:\/\/api.w.org\/{rel}","templated":true}]}}