{"id":1856,"date":"2024-03-14T00:00:00","date_gmt":"2024-03-14T07:00:00","guid":{"rendered":"https:\/\/elreporterodelacomunidad.com\/index.php\/2024\/03\/14\/supervisan-gobernador-y-presidente-sistema-de-salud-en-sonora\/"},"modified":"2024-03-14T00:00:00","modified_gmt":"2024-03-14T07:00:00","slug":"supervisan-gobernador-y-presidente-sistema-de-salud-en-sonora","status":"publish","type":"post","link":"https:\/\/elreporterodelacomunidad.com\/index.php\/2024\/03\/14\/supervisan-gobernador-y-presidente-sistema-de-salud-en-sonora\/","title":{"rendered":"Supervisan Gobernador y Presidente sistema de salud en Sonora"},"content":{"rendered":"<div>Como parte del seguimiento a las acciones&nbsp; transferencia del sistema de salud en la entidad, en materia de infraestructura hospitalaria y de prestaci\u00f3n de servicios a la ciudadan\u00eda, el gobernador Alfonso Durazo Monta\u00f1o, y el presidente Andr\u00e9s Manuel L\u00f3pez Obrador, se reunieron con representantes de ese sector a nivel federal y estatal.<\/div>\n<div><\/div>\n<div>En el marco de esta reuni\u00f3n se firm\u00f3 un convenio para la posesi\u00f3n compartida para la transferencia de bienes muebles e inmuebles, se estableci\u00f3 la forma de colaboraci\u00f3n en materia de personal, infraestructura, equipamiento, medicamentos y dem\u00e1s insumos asociados para la prestaci\u00f3n gratuita de servicios de salud para las personas sin seguridad social.<\/div>\n<div><\/div>\n<div>Tambi\u00e9n se analiz\u00f3 la transferencia de subsidio para obra y equipamiento y la rehabilitaci\u00f3n y mantenimiento que se ha hecho en unidades de primer nivel, as\u00ed como el proceso del Hospital Comunitario de V\u00edcam Switch en su primera etapa, adem\u00e1s de las unidades m\u00e9dicas rurales en Belem Pitahaya, V\u00edcam Pueblo, T\u00f3rim, Loma de Guam\u00fachil.<\/div>\n<div><\/div>\n<div>Como parte de esta supervisi\u00f3n se constat\u00f3 la conclusi\u00f3n del proceso de transferencia de propiedad de inmuebles, as\u00ed como el proceso de transmisi\u00f3n de posesi\u00f3n compartida de unidades de salud. De igual forma se concluy\u00f3 el 100 por ciento de la transferencia de n\u00f3mina de 2 mil 402 empleados de origen federal, de un total de 4 mil 420 trabajadores que se contemplan para este proceso.<\/div>\n","protected":false},"excerpt":{"rendered":"<p>En el marco de esta reuni\u00f3n se firm\u00f3 un convenio para la posesi\u00f3n compartida para la transferencia de bienes muebles e inmuebles, se estableci\u00f3 la forma de colaboraci\u00f3n en materia de personal, infraestructura, equipamiento, medicamentos y dem\u00e1s insumos asociados para la prestaci\u00f3n gratuita de servicios de salud para las personas sin seguridad social.<\/p>\n","protected":false},"author":1,"featured_media":1857,"comment_status":"open","ping_status":"open","sticky":false,"template":"","format":"standard","meta":{"footnotes":""},"categories":[29],"tags":[],"class_list":["post-1856","post","type-post","status-publish","format-standard","has-post-thumbnail","hentry","category-principalsecundaria"],"_links":{"self":[{"href":"https:\/\/elreporterodelacomunidad.com\/index.php\/wp-json\/wp\/v2\/posts\/1856","targetHints":{"allow":["GET"]}}],"collection":[{"href":"https:\/\/elreporterodelacomunidad.com\/index.php\/wp-json\/wp\/v2\/posts"}],"about":[{"href":"https:\/\/elreporterodelacomunidad.com\/index.php\/wp-json\/wp\/v2\/types\/post"}],"author":[{"embeddable":true,"href":"https:\/\/elreporterodelacomunidad.com\/index.php\/wp-json\/wp\/v2\/users\/1"}],"replies":[{"embeddable":true,"href":"https:\/\/elreporterodelacomunidad.com\/index.php\/wp-json\/wp\/v2\/comments?post=1856"}],"version-history":[{"count":0,"href":"https:\/\/elreporterodelacomunidad.com\/index.php\/wp-json\/wp\/v2\/posts\/1856\/revisions"}],"wp:featuredmedia":[{"embeddable":true,"href":"https:\/\/elreporterodelacomunidad.com\/index.php\/wp-json\/wp\/v2\/media\/1857"}],"wp:attachment":[{"href":"https:\/\/elreporterodelacomunidad.com\/index.php\/wp-json\/wp\/v2\/media?parent=1856"}],"wp:term":[{"taxonomy":"category","embeddable":true,"href":"https:\/\/elreporterodelacomunidad.com\/index.php\/wp-json\/wp\/v2\/categories?post=1856"},{"taxonomy":"post_tag","embeddable":true,"href":"https:\/\/elreporterodelacomunidad.com\/index.php\/wp-json\/wp\/v2\/tags?post=1856"}],"curies":[{"name":"wp","href":"https:\/\/api.w.org\/{rel}","templated":true}]}}