{"id":18505,"date":"2025-05-15T18:21:06","date_gmt":"2025-05-16T01:21:06","guid":{"rendered":"https:\/\/elreporterodelacomunidad.com\/?p=18505"},"modified":"2025-05-15T18:21:09","modified_gmt":"2025-05-16T01:21:09","slug":"entrega-gobierno-de-sonora-reconocimientos-a-docentes-y-personal-cobach","status":"publish","type":"post","link":"https:\/\/elreporterodelacomunidad.com\/index.php\/2025\/05\/15\/entrega-gobierno-de-sonora-reconocimientos-a-docentes-y-personal-cobach\/","title":{"rendered":"Entrega Gobierno de Sonora reconocimientos a docentes y personal: Cobach."},"content":{"rendered":"\n<p>Hermosillo, Sonora a 15 de mayo de 2025.- Por 15, 20, 25 y 30 a\u00f1os de servicio y compromiso con la educaci\u00f3n de las y los j\u00f3venes sonorenses, el Colegio de Bachilleres del Estado de Sonora (Cobach) llev\u00f3 a cabo la ceremonia de entrega de reconocimientos y est\u00edmulos econ\u00f3micos a personal docente, directivo y administrativo, con motivo de la conmemoraci\u00f3n del D\u00eda del Maestro y la Maestra.<\/p>\n\n\n\n<p>El director general del Cobach, Rodrigo Arturo Rosas Burgos, encabez\u00f3 el evento acompa\u00f1ado por Martha Guadalupe Enr\u00edquez Cajigas, directora general de Educaci\u00f3n Media Superior de la SEC, en representaci\u00f3n del secretario de Educaci\u00f3n y Cultura, Froyl\u00e1n G\u00e1mez Gamboa.<\/p>\n\n\n\n<p>Durante la ceremonia se reconoci\u00f3 a 194 trabajadores: docentes, directivos, personal administrativo, de servicios, as\u00ed como a personas jubiladas, por su destacada trayectoria en favor de la educaci\u00f3n.<\/p>\n\n\n\n<p>Rosas Burgos destac\u00f3 que las y los homenajeados forman parte de una gran comunidad que, d\u00eda con d\u00eda, ofrece lo mejor de s\u00ed para brindar al estudiantado una educaci\u00f3n de calidad en el nivel medio superior. \u201cCon esfuerzo, entusiasmo, compromiso y dedicaci\u00f3n, se logra dar cumplimiento cabal a la tarea educativa que Cobach tiene encomendada por la sociedad sonorense\u201d, expres\u00f3.<\/p>\n\n\n\n<p>Record\u00f3 que esa tarea se ha cumplido desde 1975 \u2014a\u00f1o en que se fund\u00f3 Cobach, que hoy celebra su 50 aniversario\u2014, y afirm\u00f3 que la confianza de la sociedad sonorense en esta instituci\u00f3n permanece firme, gracias al profesionalismo y compromiso de su personal acad\u00e9mico y administrativo.<\/p>\n\n\n\n<p>En su mensaje, Enr\u00edquez Cajigas destac\u00f3 que las y los homenajeados representan a \u201cun Cobach comprometido, emp\u00e1tico, mesurado, inteligente y competente\u201d, y expres\u00f3 su orgullo por trabajar con maestras y maestros que dan un plus para que alumnas y alumnos obtengan excelentes promedios.<\/p>\n","protected":false},"excerpt":{"rendered":"<p>Hermosillo, Sonora a 15 de mayo de 2025.- Por 15, 20, 25 y 30 a\u00f1os de servicio y compromiso con la educaci\u00f3n de las y los j\u00f3venes sonorenses, el Colegio de Bachilleres del Estado de Sonora (Cobach) llev\u00f3 a cabo la ceremonia de entrega de reconocimientos y est\u00edmulos econ\u00f3micos a personal docente, directivo y administrativo, [&hellip;]<\/p>\n","protected":false},"author":4,"featured_media":18506,"comment_status":"open","ping_status":"open","sticky":false,"template":"","format":"standard","meta":{"footnotes":""},"categories":[36],"tags":[],"class_list":["post-18505","post","type-post","status-publish","format-standard","has-post-thumbnail","hentry","category-educacion"],"_links":{"self":[{"href":"https:\/\/elreporterodelacomunidad.com\/index.php\/wp-json\/wp\/v2\/posts\/18505","targetHints":{"allow":["GET"]}}],"collection":[{"href":"https:\/\/elreporterodelacomunidad.com\/index.php\/wp-json\/wp\/v2\/posts"}],"about":[{"href":"https:\/\/elreporterodelacomunidad.com\/index.php\/wp-json\/wp\/v2\/types\/post"}],"author":[{"embeddable":true,"href":"https:\/\/elreporterodelacomunidad.com\/index.php\/wp-json\/wp\/v2\/users\/4"}],"replies":[{"embeddable":true,"href":"https:\/\/elreporterodelacomunidad.com\/index.php\/wp-json\/wp\/v2\/comments?post=18505"}],"version-history":[{"count":1,"href":"https:\/\/elreporterodelacomunidad.com\/index.php\/wp-json\/wp\/v2\/posts\/18505\/revisions"}],"predecessor-version":[{"id":18507,"href":"https:\/\/elreporterodelacomunidad.com\/index.php\/wp-json\/wp\/v2\/posts\/18505\/revisions\/18507"}],"wp:featuredmedia":[{"embeddable":true,"href":"https:\/\/elreporterodelacomunidad.com\/index.php\/wp-json\/wp\/v2\/media\/18506"}],"wp:attachment":[{"href":"https:\/\/elreporterodelacomunidad.com\/index.php\/wp-json\/wp\/v2\/media?parent=18505"}],"wp:term":[{"taxonomy":"category","embeddable":true,"href":"https:\/\/elreporterodelacomunidad.com\/index.php\/wp-json\/wp\/v2\/categories?post=18505"},{"taxonomy":"post_tag","embeddable":true,"href":"https:\/\/elreporterodelacomunidad.com\/index.php\/wp-json\/wp\/v2\/tags?post=18505"}],"curies":[{"name":"wp","href":"https:\/\/api.w.org\/{rel}","templated":true}]}}