{"id":18364,"date":"2025-05-11T22:21:13","date_gmt":"2025-05-12T05:21:13","guid":{"rendered":"https:\/\/elreporterodelacomunidad.com\/?p=18364"},"modified":"2025-05-11T22:21:17","modified_gmt":"2025-05-12T05:21:17","slug":"columna-nada-personal-otra-vez-el-gusano-barrenador-hasta-cuando","status":"publish","type":"post","link":"https:\/\/elreporterodelacomunidad.com\/index.php\/2025\/05\/11\/columna-nada-personal-otra-vez-el-gusano-barrenador-hasta-cuando\/","title":{"rendered":"Columna Nada Personal: Otra vez el gusano barrenador&#8230; \u00bfHasta cu\u00e1ndo?."},"content":{"rendered":"\n<p>&#8220;Oootra vez??? \u00bfQu\u00e9 est\u00e1 pasando? No es serio. Ahora qu\u00e9 explicaci\u00f3n van a dar? \u00a1Alguien no est\u00e1 haciendo bien su tarea!&#8221;. Estas palabras del senador Manlio Fabio Beltrones Rivera no son simples quejas lanzadas al aire en redes sociales. Son un grito de indignaci\u00f3n y verdad. Porque otra vez \u2014s\u00ed, otra vez\u2014 la ganader\u00eda mexicana est\u00e1 pagando las consecuencias de una ineptitud oficial que ya no puede ocultarse tras declaraciones diplom\u00e1ticas.<\/p>\n\n\n\n<p>La suspensi\u00f3n de las importaciones de ganado mexicano por parte de Estados Unidos es un golpe brutal, no s\u00f3lo econ\u00f3mico, sino tambi\u00e9n moral para el sector productivo del norte del pa\u00eds. No estamos hablando de un error menor ni de una contingencia inesperada.<\/p>\n\n\n\n<p>Hablamos de un problema viejo, conocido, documentado, como lo es el gusano barrenador del ganado (GBG), cuya amenaza ha sido advertida durante meses y que, aun as\u00ed, se dej\u00f3 avanzar con una lentitud y descoordinaci\u00f3n indignantes.<\/p>\n\n\n\n<p>Mientras que el titular de la SADER, Julio Berdegu\u00e9, intenta apaciguar las aguas con frases como \u201cno estamos de acuerdo, pero confiamos en llegar a un acuerdo\u201d, los ganaderos de Sonora, Chihuahua, Coahuila y otros estados est\u00e1n viendo cerrar sus \u00fanicas ventanas de comercializaci\u00f3n por errores ajenos. \u00a1Confiar no es estrategia! \u00a1Confiar no es gesti\u00f3n sanitaria! En un tema de bioseguridad animal con impacto binacional, la omisi\u00f3n es tan peligrosa como la negligencia.<\/p>\n\n\n\n<p>El gusano barrenador no es una plaga cualquiera. Su reaparici\u00f3n en la frontera significa un retroceso de d\u00e9cadas. Estados Unidos tard\u00f3 30 a\u00f1os en erradicarlo la vez anterior. \u00bfY ahora esperan que el pa\u00eds del norte conf\u00ede en que M\u00e9xico lo resolver\u00e1 con promesas vagas y reuniones diplom\u00e1ticas? La secretaria Brooke Rollins fue clara: esto no es pol\u00edtica, es seguridad nacional. En cambio, aqu\u00ed seguimos simulando.<\/p>\n\n\n\n<p>La respuesta del Gobierno mexicano ha sido tard\u00eda, improvisada y reactiva. Que se est\u00e9n invirtiendo 165 millones de pesos y dispersando 90 millones de moscas est\u00e9riles suena bien, pero \u00bfpor qu\u00e9 no se hizo antes? \u00bfD\u00f3nde estuvo el monitoreo, la alerta temprana, el protocolo de contenci\u00f3n? \u00bfD\u00f3nde estuvieron los puentes con las organizaciones ganaderas que llevan meses advirtiendo del riesgo?<\/p>\n\n\n\n<p>Y mientras tanto, nuestros ganaderos enfrentan sequ\u00edas, inseguridad rural, precios bajos y ahora el cierre del mercado m\u00e1s importante. \u00bfY qu\u00e9 dice la federaci\u00f3n? Que se est\u00e1 \u201ctrabajando\u201d y que \u201cen dos semanas\u201d podr\u00eda haber avances. No, se\u00f1ores. La ganader\u00eda no sobrevive con declaraciones ni con tuits optimistas. Sobrevive con acciones firmes, decisiones t\u00e9cnicas y liderazgo real.<\/p>\n\n\n\n<p>La declaraci\u00f3n del PRI Sonora acierta al exigir una reuni\u00f3n urgente con los productores. Pero no basta con reuniones. Se necesitan compromisos presupuestales, apoyo directo, campa\u00f1as sanitarias regionales diferenciadas y una estructura t\u00e9cnica que realmente entienda que el norte del pa\u00eds no puede seguir siendo v\u00edctima de una pol\u00edtica agropecuaria que lo ignora o lo castiga.<\/p>\n\n\n\n<p>El campo, y en especial la ganader\u00eda, ya no aguantan m\u00e1s \u201cooootras veces\u201d. Es hora de que quienes toman decisiones se tomen en serio su tarea. Porque esta vez no s\u00f3lo est\u00e1 en juego el comercio, sino la credibilidad de todo un pa\u00eds.<\/p>\n\n\n\n<p class=\"has-text-align-center\"><img loading=\"lazy\" decoding=\"async\" width=\"500\" height=\"290\" class=\"wp-image-18366\" style=\"width: 500px;\" src=\"https:\/\/elreporterodelacomunidad.com\/wp-content\/uploads\/2025\/05\/np.jpg\" alt=\"\" srcset=\"https:\/\/elreporterodelacomunidad.com\/wp-content\/uploads\/2025\/05\/np.jpg 1080w, https:\/\/elreporterodelacomunidad.com\/wp-content\/uploads\/2025\/05\/np-300x174.jpg 300w, https:\/\/elreporterodelacomunidad.com\/wp-content\/uploads\/2025\/05\/np-1024x594.jpg 1024w, https:\/\/elreporterodelacomunidad.com\/wp-content\/uploads\/2025\/05\/np-768x445.jpg 768w, https:\/\/elreporterodelacomunidad.com\/wp-content\/uploads\/2025\/05\/np-750x435.jpg 750w\" sizes=\"auto, (max-width: 500px) 100vw, 500px\" \/><\/p>\n\n\n\n<p><strong>Grandes Ligas capacitar\u00e1 a entrenadores sonorenses: una oportunidad hist\u00f3rica.<\/strong><\/p>\n\n\n\n<p>Por primera vez en la historia del b\u00e9isbol en Sonora, entrenadores del estado recibir\u00e1n capacitaci\u00f3n directa de t\u00e9cnicos de Grandes Ligas (MLB), gracias a un programa impulsado por la oficina de desarrollo de la Major League Baseball para Latinoam\u00e9rica. Las sesiones comenzar\u00e1n este lunes 12 de mayo, de forma virtual, y marcar\u00e1n un hito en la profesionalizaci\u00f3n del b\u00e9isbol amateur en la regi\u00f3n.<\/p>\n\n\n\n<p>Henry Gonz\u00e1lez, Director del programa de Capacitaci\u00f3n de la MLB, fue quien dio luz verde a este esfuerzo sin precedentes, mediante el cual entrenadores sonorenses conocer\u00e1n t\u00e9cnicas modernas, fundamentos t\u00e9cnicos y estrategias empleadas en el m\u00e1ximo nivel del b\u00e9isbol mundial.<\/p>\n\n\n\n<p>La gesti\u00f3n local corre a cargo de Elpidio Serrano, coordinador del programa en Sonora, quien ha destacado la importancia de que este conocimiento t\u00e9cnico se replique hacia las categor\u00edas infantiles, juveniles y de adultos.<\/p>\n\n\n\n<p>Crist\u00f3bal Vargas Rodr\u00edguez, presidente de la Asociaci\u00f3n Estatal de B\u00e9isbol de Sonora, agradeci\u00f3 p\u00fablicamente a Gonz\u00e1lez por su confianza en el talento y compromiso del estado, asegurando que esta colaboraci\u00f3n representa un parteaguas para el desarrollo del b\u00e9isbol sonorense.<\/p>\n\n\n\n<p>El curso tendr\u00e1 una duraci\u00f3n aproximada de 20 d\u00edas e incluir\u00e1 evaluaciones por cada m\u00f3dulo. Quienes aprueben recibir\u00e1n un certificado oficial expedido por MLB. En esta primera etapa participar\u00e1n cerca de 90 entrenadores, divididos en dos grupos. Posteriormente, se prev\u00e9 una segunda fase enfocada en el reglamento del b\u00e9isbol amateur mexicano, incluyendo actualizaciones en categor\u00edas infantiles, juveniles y criterios de desempate.<\/p>\n\n\n\n<p>Este esfuerzo no solo profesionaliza a los entrenadores, sino que tambi\u00e9n siembra la base para una generaci\u00f3n futura m\u00e1s s\u00f3lida, mejor formada y lista para competir en cualquier nivel.<\/p>\n\n\n\n<p class=\"has-text-align-center\"><img loading=\"lazy\" decoding=\"async\" width=\"500\" height=\"627\" class=\"wp-image-18367\" style=\"width: 500px;\" src=\"https:\/\/elreporterodelacomunidad.com\/wp-content\/uploads\/2025\/05\/nn-1.jpg\" alt=\"\" srcset=\"https:\/\/elreporterodelacomunidad.com\/wp-content\/uploads\/2025\/05\/nn-1.jpg 1170w, https:\/\/elreporterodelacomunidad.com\/wp-content\/uploads\/2025\/05\/nn-1-239x300.jpg 239w, https:\/\/elreporterodelacomunidad.com\/wp-content\/uploads\/2025\/05\/nn-1-817x1024.jpg 817w, https:\/\/elreporterodelacomunidad.com\/wp-content\/uploads\/2025\/05\/nn-1-768x963.jpg 768w, https:\/\/elreporterodelacomunidad.com\/wp-content\/uploads\/2025\/05\/nn-1-750x940.jpg 750w, https:\/\/elreporterodelacomunidad.com\/wp-content\/uploads\/2025\/05\/nn-1-1140x1429.jpg 1140w\" sizes=\"auto, (max-width: 500px) 100vw, 500px\" \/><\/p>\n\n\n\n<p><strong>Karim L\u00f3pez inspira a la nueva generaci\u00f3n en Hermosillo<\/strong><\/p>\n\n\n\n<p>Con un ambiente de entusiasmo, aprendizaje y energ\u00eda, concluy\u00f3 el \u201cKarim L\u00f3pez Basketball Camp 2025\u201d en Hermosillo. El evento reuni\u00f3 a decenas de ni\u00f1as, ni\u00f1os y adolescentes, quienes vivieron d\u00edas intensos de pr\u00e1ctica deportiva, formaci\u00f3n t\u00e9cnica y diversi\u00f3n, de la mano del talentoso Karim L\u00f3pez, uno de los grandes prospectos mexicanos que apunta hacia el Draft de la NBA en 2026.<\/p>\n\n\n\n<p>Karim, orgullosamente hermosillense, no solo comparti\u00f3 su experiencia dentro de la duela, sino que tambi\u00e9n convivi\u00f3 de forma cercana con las y los participantes, sembrando en ellos el esp\u00edritu de disciplina, esfuerzo y pasi\u00f3n por el b\u00e1squetbol. Su presencia fue m\u00e1s que simb\u00f3lica: fue un ejemplo tangible de que los sue\u00f1os, con trabajo constante, pueden alcanzarse. El campamento fue ejecutado con un equipo de entrenadores altamente capacitado, que supo equilibrar la ense\u00f1anza con el disfrute del juego.<\/p>\n\n\n\n<p>Las actividades especiales, como el giveaway para ni\u00f1as y ni\u00f1os, a\u00f1adieron un toque de emoci\u00f3n extra al evento. Las sonrisas, los aprendizajes y la convivencia sana marcaron la esencia de este campamento, que seguramente dejar\u00e1 huella en quienes aspiran a seguir los pasos de Karim.<\/p>\n\n\n\n<p><strong>Por hoy es todo, s\u00edgueme en:<\/strong><\/p>\n\n\n\n<p>www.elreporterodelacomunidad.com<\/p>\n\n\n\n<p>Twitter: @elreporteroson y @NPDeportes1<\/p>\n\n\n\n<p>Facebook: El Reportero de la Comunidad y Columna Nada Personal<\/p>\n\n\n\n<p>IG: elreporterodelcomunidad<\/p>\n\n\n\n<p>Tiktok: elreporterodelacomunidad<\/p>\n\n\n\n<p>Whatsapp: 6622217136<\/p>\n","protected":false},"excerpt":{"rendered":"<p>&#8220;Oootra vez??? \u00bfQu\u00e9 est\u00e1 pasando? No es serio. Ahora qu\u00e9 explicaci\u00f3n van a dar? \u00a1Alguien no est\u00e1 haciendo bien su tarea!&#8221;. Estas palabras del senador Manlio Fabio Beltrones Rivera no son simples quejas lanzadas al aire en redes sociales. Son un grito de indignaci\u00f3n y verdad. Porque otra vez \u2014s\u00ed, otra vez\u2014 la ganader\u00eda mexicana [&hellip;]<\/p>\n","protected":false},"author":4,"featured_media":18365,"comment_status":"open","ping_status":"open","sticky":false,"template":"","format":"standard","meta":{"footnotes":""},"categories":[57,47,53,51,50,48,54,29,27,45],"tags":[],"class_list":["post-18364","post","type-post","status-publish","format-standard","has-post-thumbnail","hentry","category-carlos-alberto-gutierrez-celaya","category-columnas","category-editorial","category-elreporterodelacomunidad","category-nadapersonal","category-noticiasdestacadas","category-picandocresta","category-principalsecundaria","category-ultimahora","category-ultimasnoticias"],"_links":{"self":[{"href":"https:\/\/elreporterodelacomunidad.com\/index.php\/wp-json\/wp\/v2\/posts\/18364","targetHints":{"allow":["GET"]}}],"collection":[{"href":"https:\/\/elreporterodelacomunidad.com\/index.php\/wp-json\/wp\/v2\/posts"}],"about":[{"href":"https:\/\/elreporterodelacomunidad.com\/index.php\/wp-json\/wp\/v2\/types\/post"}],"author":[{"embeddable":true,"href":"https:\/\/elreporterodelacomunidad.com\/index.php\/wp-json\/wp\/v2\/users\/4"}],"replies":[{"embeddable":true,"href":"https:\/\/elreporterodelacomunidad.com\/index.php\/wp-json\/wp\/v2\/comments?post=18364"}],"version-history":[{"count":1,"href":"https:\/\/elreporterodelacomunidad.com\/index.php\/wp-json\/wp\/v2\/posts\/18364\/revisions"}],"predecessor-version":[{"id":18368,"href":"https:\/\/elreporterodelacomunidad.com\/index.php\/wp-json\/wp\/v2\/posts\/18364\/revisions\/18368"}],"wp:featuredmedia":[{"embeddable":true,"href":"https:\/\/elreporterodelacomunidad.com\/index.php\/wp-json\/wp\/v2\/media\/18365"}],"wp:attachment":[{"href":"https:\/\/elreporterodelacomunidad.com\/index.php\/wp-json\/wp\/v2\/media?parent=18364"}],"wp:term":[{"taxonomy":"category","embeddable":true,"href":"https:\/\/elreporterodelacomunidad.com\/index.php\/wp-json\/wp\/v2\/categories?post=18364"},{"taxonomy":"post_tag","embeddable":true,"href":"https:\/\/elreporterodelacomunidad.com\/index.php\/wp-json\/wp\/v2\/tags?post=18364"}],"curies":[{"name":"wp","href":"https:\/\/api.w.org\/{rel}","templated":true}]}}