{"id":1836,"date":"2024-03-15T00:00:00","date_gmt":"2024-03-15T07:00:00","guid":{"rendered":"https:\/\/elreporterodelacomunidad.com\/index.php\/2024\/03\/15\/35-anos-de-sentencia-para-mujer-por-el-homicidio-de-su-hijo\/"},"modified":"2024-03-15T00:00:00","modified_gmt":"2024-03-15T07:00:00","slug":"35-anos-de-sentencia-para-mujer-por-el-homicidio-de-su-hijo","status":"publish","type":"post","link":"https:\/\/elreporterodelacomunidad.com\/index.php\/2024\/03\/15\/35-anos-de-sentencia-para-mujer-por-el-homicidio-de-su-hijo\/","title":{"rendered":"35 a\u00f1os de sentencia para mujer por el homicidio de su hijo"},"content":{"rendered":"<div>Elementos de prueba presentados por la Fiscal\u00eda General de Justicia del Estado de Sonora (FGJES) permitieron a un Juez dictar sentencia condenatoria de 35 a\u00f1os de prisi\u00f3n para Gabriela \u201cN\u201d, de 18 a\u00f1os, como responsable del delito de homicidio infantil en agravio de su hijo de 10 meses, cometido el a\u00f1o pasado en Ciudad Obreg\u00f3n.<\/div>\n<div><\/div>\n<div>Diversos actos de investigaci\u00f3n determinaron que la mujer provoc\u00f3 la muerte del beb\u00e9 la madrugada del 21 de junio de 2023, despu\u00e9s de que el infante fue arrojado con fuerza hacia un sill\u00f3n y posteriormente cay\u00f3 al piso, mientras se encontraban en un domicilio ubicado en la colonia Real del Valle.<\/div>\n<div><\/div>\n<div>El golpe le provoc\u00f3 traumatismo craneoencef\u00e1lico severo con hemorragias internas y a pesar de que fue llevado con vida al Hospital del Ni\u00f1o y la Mujer de Cajeme, en Ciudad Obreg\u00f3n, el d\u00eda 28 de junio falleci\u00f3 a causa de las lesiones.<\/div>\n<div><\/div>\n<div>Gabriela \u201cN\u201d fue capturada el mismo d\u00eda de los hechos, 21 de junio, por los elementos de la Agencia Ministerial de Investigaci\u00f3n Criminal (AMIC), con base en una orden de aprehensi\u00f3n. El juicio en su contra inici\u00f3 el pasado 26 de febrero, el fallo condenatorio se realiz\u00f3 el 6 de marzo y las sanciones fueron otorgadas el 13 de marzo de este a\u00f1o.<\/div>\n<div><\/div>\n<div>La Fiscal\u00eda General de Justicia del Estado de Sonora (FGJES) en cumplimiento de sus funciones y atribuciones, contin\u00faa diariamente con sus tareas de investigaci\u00f3n para combatir la impunidad y garantizar a las v\u00edctimas el derecho de acceso a la justicia, y busca que los culpables de cometer delitos sean sancionados de manera ejemplar.<\/div>\n","protected":false},"excerpt":{"rendered":"<p>Elementos de prueba presentados por la Fiscal\u00eda General de Justicia del Estado de Sonora (FGJES) permitieron a un Juez dictar sentencia condenatoria de 35 a\u00f1os de prisi\u00f3n para Gabriela \u201cN\u201d, de 18 a\u00f1os, como responsable del delito de homicidio infantil en agravio de su hijo de 10 meses, cometido el a\u00f1o pasado en Ciudad Obreg\u00f3n. [&hellip;]<\/p>\n","protected":false},"author":1,"featured_media":1837,"comment_status":"open","ping_status":"open","sticky":false,"template":"","format":"standard","meta":{"footnotes":""},"categories":[32],"tags":[],"class_list":["post-1836","post","type-post","status-publish","format-standard","has-post-thumbnail","hentry","category-policiaca"],"_links":{"self":[{"href":"https:\/\/elreporterodelacomunidad.com\/index.php\/wp-json\/wp\/v2\/posts\/1836","targetHints":{"allow":["GET"]}}],"collection":[{"href":"https:\/\/elreporterodelacomunidad.com\/index.php\/wp-json\/wp\/v2\/posts"}],"about":[{"href":"https:\/\/elreporterodelacomunidad.com\/index.php\/wp-json\/wp\/v2\/types\/post"}],"author":[{"embeddable":true,"href":"https:\/\/elreporterodelacomunidad.com\/index.php\/wp-json\/wp\/v2\/users\/1"}],"replies":[{"embeddable":true,"href":"https:\/\/elreporterodelacomunidad.com\/index.php\/wp-json\/wp\/v2\/comments?post=1836"}],"version-history":[{"count":0,"href":"https:\/\/elreporterodelacomunidad.com\/index.php\/wp-json\/wp\/v2\/posts\/1836\/revisions"}],"wp:featuredmedia":[{"embeddable":true,"href":"https:\/\/elreporterodelacomunidad.com\/index.php\/wp-json\/wp\/v2\/media\/1837"}],"wp:attachment":[{"href":"https:\/\/elreporterodelacomunidad.com\/index.php\/wp-json\/wp\/v2\/media?parent=1836"}],"wp:term":[{"taxonomy":"category","embeddable":true,"href":"https:\/\/elreporterodelacomunidad.com\/index.php\/wp-json\/wp\/v2\/categories?post=1836"},{"taxonomy":"post_tag","embeddable":true,"href":"https:\/\/elreporterodelacomunidad.com\/index.php\/wp-json\/wp\/v2\/tags?post=1836"}],"curies":[{"name":"wp","href":"https:\/\/api.w.org\/{rel}","templated":true}]}}