{"id":18235,"date":"2025-05-07T23:00:06","date_gmt":"2025-05-08T06:00:06","guid":{"rendered":"https:\/\/elreporterodelacomunidad.com\/?p=18235"},"modified":"2025-05-07T23:00:09","modified_gmt":"2025-05-08T06:00:09","slug":"columna-nada-personal-que-nos-pasa-como-sociedad-el-horror-de-los-pinchazos-en-el-metro-de-la-cdmx","status":"publish","type":"post","link":"https:\/\/elreporterodelacomunidad.com\/index.php\/2025\/05\/07\/columna-nada-personal-que-nos-pasa-como-sociedad-el-horror-de-los-pinchazos-en-el-metro-de-la-cdmx\/","title":{"rendered":"Columna Nada Personal: \u00bfQu\u00e9 nos pasa como sociedad? El horror de los pinchazos en el metro de la CDMX."},"content":{"rendered":"\n<p><strong>Hermosillo, Sonora a 08 de mayo de 2025.- <\/strong>En el subterr\u00e1neo ritmo fren\u00e9tico de la Ciudad de M\u00e9xico, donde millones de personas se desplazan a diario en el metro, ha surgido una nueva y alarmante modalidad delictiva: los llamados \u201cpinchazos\u201d.<\/p>\n\n\n\n<p>No se trata de una simple molestia ni de un rumor urbano sin fundamento. A la fecha, 41 denuncias formales \u201433 de ellas dentro del Metro\u2014 confirman que estamos frente a un fen\u00f3meno que mezcla violencia, impunidad y un preocupante vac\u00edo institucional.<\/p>\n\n\n\n<p>El modus operandi es tan silencioso como aterrador: en medio del tumulto, las v\u00edctimas son inyectadas con una sustancia desconocida, presuntamente sedantes, que comienzan a hacer efecto casi de inmediato. Lo que sigue es una cadena de s\u00edntomas f\u00edsicos \u2014ardor, debilidad, adormecimiento, n\u00e1useas, somnolencia\u2014 y, en algunos casos, un acompa\u00f1amiento que simula ser solidario, a menudo de mujeres que aparentan \u201cayudar\u201d para luego posiblemente facilitar el robo, el abuso o algo a\u00fan peor.<\/p>\n\n\n\n<p>Las consecuencias para la salud f\u00edsica y mental de las v\u00edctimas son profundas. No s\u00f3lo deben lidiar con la agresi\u00f3n en s\u00ed y con los efectos de una sustancia desconocida que puede poner en riesgo su vida; tambi\u00e9n cargan con el trauma emocional, la ansiedad constante y el temor de volver a enfrentarse a una agresi\u00f3n invisible, inesperada, en un entorno que deber\u00eda ser seguro.<\/p>\n\n\n\n<p>Pero lo m\u00e1s inquietante no es s\u00f3lo la existencia de esta nueva modalidad criminal, sino la respuesta \u2014o la ausencia de ella\u2014 de las instituciones. V\u00edctimas han denunciado que en cl\u00ednicas del IMSS se minimizan los s\u00edntomas. \u201cEs la nueva forma de robar en el Metro\u201d, les han dicho, con una naturalidad que refleja no s\u00f3lo desinformaci\u00f3n, sino una peligrosa normalizaci\u00f3n de la violencia. \u00bfQu\u00e9 mensaje se env\u00eda cuando una agresi\u00f3n con sustancias potencialmente t\u00f3xicas es vista como algo cotidiano?<\/p>\n\n\n\n<p>Desde la perspectiva de seguridad p\u00fablica, la falta de vigilancia efectiva en los espacios de transporte masivo es alarmante. \u00bfD\u00f3nde est\u00e1n las c\u00e1maras? \u00bfD\u00f3nde est\u00e1n los protocolos de emergencia? \u00bfD\u00f3nde est\u00e1 la capacitaci\u00f3n al personal para atender a v\u00edctimas que claramente est\u00e1n bajo efectos de drogas o sustancias extra\u00f1as?<\/p>\n\n\n\n<p>Y desde la salud p\u00fablica, urge una respuesta articulada entre hospitales, laboratorios y autoridades sanitarias para identificar las sustancias utilizadas, determinar su peligrosidad y atender adecuadamente a las v\u00edctimas. Necesitamos protocolos m\u00e9dicos espec\u00edficos, estudios toxicol\u00f3gicos y seguimiento psicol\u00f3gico a quienes sobreviven estos ataques.<\/p>\n\n\n\n<p>Este fen\u00f3meno nos interpela como sociedad. \u00bfQu\u00e9 nos est\u00e1 pasando cuando agredir a alguien con una aguja en plena hora pico se vuelve una estrategia viable para delinquir? \u00bfC\u00f3mo llegamos a este punto de descomposici\u00f3n en el que ni siquiera el cuerpo ajeno es respetado en el espacio p\u00fablico?<\/p>\n\n\n\n<p>Frente a la violencia soterrada que se disfraza de accidente en el Metro, el silencio no puede ser la respuesta. Se requiere acci\u00f3n inmediata, institucional y social. Porque cada pinchazo no es s\u00f3lo una agresi\u00f3n; es una herida directa a nuestra idea misma de convivencia y seguridad.<\/p>\n\n\n\n<p class=\"has-text-align-center\"><img loading=\"lazy\" decoding=\"async\" width=\"500\" height=\"250\" class=\"wp-image-18237\" style=\"width: 500px;\" src=\"https:\/\/elreporterodelacomunidad.com\/wp-content\/uploads\/2025\/05\/1a870df9-0c9c-48f9-83a1-6dfb9f2b2024-1140x570-1.jpg\" alt=\"\" srcset=\"https:\/\/elreporterodelacomunidad.com\/wp-content\/uploads\/2025\/05\/1a870df9-0c9c-48f9-83a1-6dfb9f2b2024-1140x570-1.jpg 1140w, https:\/\/elreporterodelacomunidad.com\/wp-content\/uploads\/2025\/05\/1a870df9-0c9c-48f9-83a1-6dfb9f2b2024-1140x570-1-300x150.jpg 300w, https:\/\/elreporterodelacomunidad.com\/wp-content\/uploads\/2025\/05\/1a870df9-0c9c-48f9-83a1-6dfb9f2b2024-1140x570-1-1024x512.jpg 1024w, https:\/\/elreporterodelacomunidad.com\/wp-content\/uploads\/2025\/05\/1a870df9-0c9c-48f9-83a1-6dfb9f2b2024-1140x570-1-768x384.jpg 768w, https:\/\/elreporterodelacomunidad.com\/wp-content\/uploads\/2025\/05\/1a870df9-0c9c-48f9-83a1-6dfb9f2b2024-1140x570-1-360x180.jpg 360w, https:\/\/elreporterodelacomunidad.com\/wp-content\/uploads\/2025\/05\/1a870df9-0c9c-48f9-83a1-6dfb9f2b2024-1140x570-1-750x375.jpg 750w\" sizes=\"auto, (max-width: 500px) 100vw, 500px\" \/><\/p>\n\n\n\n<p class=\"has-text-align-center\"><strong>Infraestructura con rumbo: el Plan Nacional avanza en Sonora<\/strong><\/p>\n\n\n\n<p>En un claro ejemplo de coordinaci\u00f3n efectiva entre los gobiernos federal y estatal, el gobernador Alfonso Durazo Monta\u00f1o y la presidenta Claudia Sheinbaum Pardo consolidan avances estrat\u00e9gicos del Plan Nacional en territorio sonorense.<\/p>\n\n\n\n<p>Desde Palacio Nacional, se destac\u00f3 con firmeza el progreso en uno de los proyectos m\u00e1s emblem\u00e1ticos para la regi\u00f3n: la carretera Bavispe\u2013Nuevo Casas Grandes.<\/p>\n\n\n\n<p>Esta obra no solo representa una inversi\u00f3n significativa de mil 859 millones de pesos, sino que tambi\u00e9n se perfila como un motor de desarrollo para m\u00e1s de 115 mil habitantes de Sonora y Chihuahua.<\/p>\n\n\n\n<p>Con seis frentes activos de trabajo, 188 obreros y m\u00e1s de un centenar de m\u00e1quinas en operaci\u00f3n, el proyecto avanza con paso firme. La reducci\u00f3n de 95 minutos en tiempo de traslado no es menor: significa competitividad, ahorro y mayor seguridad para los usuarios de esta v\u00eda estrat\u00e9gica.<\/p>\n\n\n\n<p>Durazo fue enf\u00e1tico al se\u00f1alar que esta carretera es un eje prioritario para 2025. No es una promesa al aire, sino una realidad que ya se construye con maquinaria, concreto y visi\u00f3n de futuro. La participaci\u00f3n activa de la Secretar\u00eda de Infraestructura, Comunicaciones y Transportes, encabezada por Jes\u00fas Antonio Esteva Medina, fortalece a\u00fan m\u00e1s la certeza de cumplimiento.<\/p>\n\n\n\n<p>Pero el desarrollo vial no termina ah\u00ed. El gobierno estatal tambi\u00e9n da seguimiento puntual a la carretera Guaymas\u2013Chihuahua, otro de los pilares del llamado Plan Sonora. Con este proyecto, se busca detonar el desarrollo econ\u00f3mico y tur\u00edstico del puerto, abriendo nuevas rutas para la inversi\u00f3n y la conectividad regional.<\/p>\n\n\n\n<p class=\"has-text-align-center\"><img loading=\"lazy\" decoding=\"async\" width=\"500\" height=\"334\" class=\"wp-image-18238\" style=\"width: 500px;\" src=\"https:\/\/elreporterodelacomunidad.com\/wp-content\/uploads\/2025\/05\/495283734_1117242833764724_6319483988166100235_n-1.jpg\" alt=\"\" srcset=\"https:\/\/elreporterodelacomunidad.com\/wp-content\/uploads\/2025\/05\/495283734_1117242833764724_6319483988166100235_n-1.jpg 1600w, https:\/\/elreporterodelacomunidad.com\/wp-content\/uploads\/2025\/05\/495283734_1117242833764724_6319483988166100235_n-1-300x200.jpg 300w, https:\/\/elreporterodelacomunidad.com\/wp-content\/uploads\/2025\/05\/495283734_1117242833764724_6319483988166100235_n-1-1024x684.jpg 1024w, https:\/\/elreporterodelacomunidad.com\/wp-content\/uploads\/2025\/05\/495283734_1117242833764724_6319483988166100235_n-1-768x513.jpg 768w, https:\/\/elreporterodelacomunidad.com\/wp-content\/uploads\/2025\/05\/495283734_1117242833764724_6319483988166100235_n-1-1536x1025.jpg 1536w, https:\/\/elreporterodelacomunidad.com\/wp-content\/uploads\/2025\/05\/495283734_1117242833764724_6319483988166100235_n-1-750x501.jpg 750w, https:\/\/elreporterodelacomunidad.com\/wp-content\/uploads\/2025\/05\/495283734_1117242833764724_6319483988166100235_n-1-1140x761.jpg 1140w\" sizes=\"auto, (max-width: 500px) 100vw, 500px\" \/><\/p>\n\n\n\n<p class=\"has-text-align-center\"><strong>Alfonso Durazo mueve sus piezas en el gabinete estatal del Gobierno del Estado de Sonora.<\/strong><\/p>\n\n\n\n<p>El gobernador de Sonora, Alfonso Durazo, tom\u00f3 protesta a Braulio Mart\u00ednez como secretario de Seguridad P\u00fablica y a Paloma Ter\u00e1n como titular de la Coordinaci\u00f3n General del Sistema Estatal de Comunicaci\u00f3n Social.<\/p>\n\n\n\n<p><strong>Por hoy es todo, s\u00edgueme en:<\/strong><\/p>\n\n\n\n<p>www.elreporterodelacomunidad.com<\/p>\n\n\n\n<p>Twitter: @elreporteroson y @NPDeportes1<\/p>\n\n\n\n<p>Facebook: El Reportero de la Comunidad y Columna Nada Personal<\/p>\n\n\n\n<p>IG: elreporterodelcomunidad<\/p>\n\n\n\n<p>Tiktok: elreporterodelacomunidad<\/p>\n\n\n\n<p>Whatsapp: 6622217136<\/p>\n","protected":false},"excerpt":{"rendered":"<p>Hermosillo, Sonora a 08 de mayo de 2025.- En el subterr\u00e1neo ritmo fren\u00e9tico de la Ciudad de M\u00e9xico, donde millones de personas se desplazan a diario en el metro, ha surgido una nueva y alarmante modalidad delictiva: los llamados \u201cpinchazos\u201d. No se trata de una simple molestia ni de un rumor urbano sin fundamento. A [&hellip;]<\/p>\n","protected":false},"author":4,"featured_media":18236,"comment_status":"open","ping_status":"open","sticky":false,"template":"","format":"standard","meta":{"footnotes":""},"categories":[57,47,53,51,34,50,48,54,26,29,27,45],"tags":[],"class_list":["post-18235","post","type-post","status-publish","format-standard","has-post-thumbnail","hentry","category-carlos-alberto-gutierrez-celaya","category-columnas","category-editorial","category-elreporterodelacomunidad","category-general","category-nadapersonal","category-noticiasdestacadas","category-picandocresta","category-principal","category-principalsecundaria","category-ultimahora","category-ultimasnoticias"],"_links":{"self":[{"href":"https:\/\/elreporterodelacomunidad.com\/index.php\/wp-json\/wp\/v2\/posts\/18235","targetHints":{"allow":["GET"]}}],"collection":[{"href":"https:\/\/elreporterodelacomunidad.com\/index.php\/wp-json\/wp\/v2\/posts"}],"about":[{"href":"https:\/\/elreporterodelacomunidad.com\/index.php\/wp-json\/wp\/v2\/types\/post"}],"author":[{"embeddable":true,"href":"https:\/\/elreporterodelacomunidad.com\/index.php\/wp-json\/wp\/v2\/users\/4"}],"replies":[{"embeddable":true,"href":"https:\/\/elreporterodelacomunidad.com\/index.php\/wp-json\/wp\/v2\/comments?post=18235"}],"version-history":[{"count":1,"href":"https:\/\/elreporterodelacomunidad.com\/index.php\/wp-json\/wp\/v2\/posts\/18235\/revisions"}],"predecessor-version":[{"id":18239,"href":"https:\/\/elreporterodelacomunidad.com\/index.php\/wp-json\/wp\/v2\/posts\/18235\/revisions\/18239"}],"wp:featuredmedia":[{"embeddable":true,"href":"https:\/\/elreporterodelacomunidad.com\/index.php\/wp-json\/wp\/v2\/media\/18236"}],"wp:attachment":[{"href":"https:\/\/elreporterodelacomunidad.com\/index.php\/wp-json\/wp\/v2\/media?parent=18235"}],"wp:term":[{"taxonomy":"category","embeddable":true,"href":"https:\/\/elreporterodelacomunidad.com\/index.php\/wp-json\/wp\/v2\/categories?post=18235"},{"taxonomy":"post_tag","embeddable":true,"href":"https:\/\/elreporterodelacomunidad.com\/index.php\/wp-json\/wp\/v2\/tags?post=18235"}],"curies":[{"name":"wp","href":"https:\/\/api.w.org\/{rel}","templated":true}]}}