{"id":1810,"date":"2024-03-18T00:00:00","date_gmt":"2024-03-18T07:00:00","guid":{"rendered":"https:\/\/elreporterodelacomunidad.com\/index.php\/2024\/03\/18\/detienen-a-5-personas-por-agresion-armada-a-maestros-en-sonoyta\/"},"modified":"2024-05-18T22:24:56","modified_gmt":"2024-05-19T05:24:56","slug":"detienen-a-5-personas-por-agresion-armada-a-maestros-en-sonoyta","status":"publish","type":"post","link":"https:\/\/elreporterodelacomunidad.com\/index.php\/2024\/03\/18\/detienen-a-5-personas-por-agresion-armada-a-maestros-en-sonoyta\/","title":{"rendered":"Detienen a 5 personas por agresi\u00f3n armada a maestros en Sonoyta&nbsp;"},"content":{"rendered":"<p class=\"MsoNormal\">Despu\u00e9s de que se diera a conocer que durante la madrugada del 15 de marzo seis maestros y la s\u00edndico de Sonoyta fueron v\u00edctimas de una agresi\u00f3n armada, la cual tuvo como resultado la muerte de un docente, la Vicefiscal\u00eda de Investigaci\u00f3n de la Fiscal\u00eda General de Justicia del Estado de Sonora (Fgjes) inform\u00f3 que hay 5 personas detenidas.<\/p>\n<p class=\"MsoNormal\">El Vicefiscal de Investigaci\u00f3n, Jes\u00fas Francisco Moreno, comparti\u00f3 que la l\u00ednea de investigaci\u00f3n es una condici\u00f3n por parte del grupo armado hacia los maestros, de lo cual comunic\u00f3, todo indica a que dicho grupo agresor les hizo la indicaci\u00f3n de detenerse y el veh\u00edculo donde viajaban los maestros no se detuvo.<\/p>\n<p class=\"MsoNormal\">&#8220;Los maestros se dirig\u00edan provenientes de Puerto Pe\u00f1asco a Sonoyta y lamentablemente hubo una agresi\u00f3n por parte de un veh\u00edculo, de una vagoneta, se dice que probablemente particip\u00f3 otro veh\u00edculo. En esta agresi\u00f3n desafortunadamente la l\u00ednea que hasta este momento tenemos, fue una confusi\u00f3n: les hicieron la parada, los maestros no se quisieron detener y a causa de esto, por la confusi\u00f3n, inicia la agresi\u00f3n donde lamentablemente fallece uno de ellos&#8221;, detall\u00f3.<\/p>\n<p class=\"MsoNormal\">Traslado a hospitales<\/p>\n<p class=\"MsoNormal\">Jes\u00fas Francisco Moreno precis\u00f3 que los maestros que resultaron lesionados, as\u00ed como la s\u00edndico de Sonoyta, fueron trasladados a diversos nosocomios para recibir atenci\u00f3n m\u00e9dica especializada. As\u00ed mismo, declar\u00f3 que una maestra tiene un pron\u00f3stico reservado y se encuentra en un nosocomio en Mexicali, Baja California.<\/p>\n<p class=\"MsoNormal\">Precis\u00f3 que durante el 18 de marzo se realiz\u00f3 la detenci\u00f3n de dos personas m\u00e1s que pudieran estar vinculadas a esta agresi\u00f3n, dando un total de 5 detenidos por estos hechos.<\/p>\n<p class=\"MsoNormal\">&#8220;Se encuentran de momento a nuestra disposici\u00f3n, se les encontr\u00f3 cinco fusiles de asalto y un veh\u00edculo que creemos est\u00e1 relacionado con estos hechos, de esta manera estamos efectuado en este momento las pruebas periciales de microdatos y microcomparativas para establecer de manera tajante si participaron o no&#8221;, dijo.<\/p>\n<p class=\"MsoNormal\">Para finalizar, el vicefiscal descart\u00f3 que esto pudiera tratarse de un atentado por el tema electoral, pues mencion\u00f3 que &#8220;no hay datos que indiquen que tenga que ver con una cuesti\u00f3n electoral&#8221;.<\/p>\n","protected":false},"excerpt":{"rendered":"<p>El vicefiscal descart\u00f3 que la agresi\u00f3n est\u00e9 relacionada con el proceso electoral.<\/p>\n","protected":false},"author":1,"featured_media":1811,"comment_status":"open","ping_status":"open","sticky":false,"template":"","format":"standard","meta":{"footnotes":""},"categories":[32],"tags":[],"class_list":["post-1810","post","type-post","status-publish","format-standard","has-post-thumbnail","hentry","category-policiaca"],"_links":{"self":[{"href":"https:\/\/elreporterodelacomunidad.com\/index.php\/wp-json\/wp\/v2\/posts\/1810","targetHints":{"allow":["GET"]}}],"collection":[{"href":"https:\/\/elreporterodelacomunidad.com\/index.php\/wp-json\/wp\/v2\/posts"}],"about":[{"href":"https:\/\/elreporterodelacomunidad.com\/index.php\/wp-json\/wp\/v2\/types\/post"}],"author":[{"embeddable":true,"href":"https:\/\/elreporterodelacomunidad.com\/index.php\/wp-json\/wp\/v2\/users\/1"}],"replies":[{"embeddable":true,"href":"https:\/\/elreporterodelacomunidad.com\/index.php\/wp-json\/wp\/v2\/comments?post=1810"}],"version-history":[{"count":1,"href":"https:\/\/elreporterodelacomunidad.com\/index.php\/wp-json\/wp\/v2\/posts\/1810\/revisions"}],"predecessor-version":[{"id":1812,"href":"https:\/\/elreporterodelacomunidad.com\/index.php\/wp-json\/wp\/v2\/posts\/1810\/revisions\/1812"}],"wp:featuredmedia":[{"embeddable":true,"href":"https:\/\/elreporterodelacomunidad.com\/index.php\/wp-json\/wp\/v2\/media\/1811"}],"wp:attachment":[{"href":"https:\/\/elreporterodelacomunidad.com\/index.php\/wp-json\/wp\/v2\/media?parent=1810"}],"wp:term":[{"taxonomy":"category","embeddable":true,"href":"https:\/\/elreporterodelacomunidad.com\/index.php\/wp-json\/wp\/v2\/categories?post=1810"},{"taxonomy":"post_tag","embeddable":true,"href":"https:\/\/elreporterodelacomunidad.com\/index.php\/wp-json\/wp\/v2\/tags?post=1810"}],"curies":[{"name":"wp","href":"https:\/\/api.w.org\/{rel}","templated":true}]}}