{"id":181,"date":"2024-05-16T00:00:00","date_gmt":"2024-05-16T07:00:00","guid":{"rendered":"https:\/\/elreporterodelacomunidad.com\/index.php\/2024\/05\/16\/sentencian-a-joven-de-28-anos-por-matar-a-hombre-de-48-en-hermosillo\/"},"modified":"2024-05-18T21:51:04","modified_gmt":"2024-05-19T04:51:04","slug":"sentencian-a-joven-de-28-anos-por-matar-a-hombre-de-48-en-hermosillo","status":"publish","type":"post","link":"https:\/\/elreporterodelacomunidad.com\/index.php\/2024\/05\/16\/sentencian-a-joven-de-28-anos-por-matar-a-hombre-de-48-en-hermosillo\/","title":{"rendered":"Sentencian a joven de 28 a\u00f1os por matar a hombre de 48 en Hermosillo"},"content":{"rendered":"<p class=\"MsoNormal\">La Fiscal\u00eda General de Justicia del Estado de Sonora (FGJES) logr\u00f3 que un juez dictara una sentencia de 31 a\u00f1os y 3 meses de prisi\u00f3n para Luis Enrique \u201cN\u201d, de 28 a\u00f1os, por el delito de homicidio calificado con ventaja en perjuicio de Gerardo \u201cN\u201d, de 48 a\u00f1os.<\/p>\n<p class=\"MsoNormal\">\n<p class=\"MsoNormal\">El fatal incidente tuvo lugar el 13 de abril de 2021, cuando Luis Enrique atac\u00f3 a la v\u00edctima frente a un establecimiento de comida en la colonia La Matanza, en Hermosillo, Sonora.<\/p>\n<p class=\"MsoNormal\">Tras una aparente interacci\u00f3n con la v\u00edctima, el acusado desenfund\u00f3 un arma de fuego y le dispar\u00f3 en varias ocasiones, caus\u00e1ndole lesiones que acabaron con la vida de Gerardo en el lugar del suceso.<\/p>\n<p class=\"MsoNormal\">Acciones de investigaci\u00f3n<\/p>\n<p class=\"MsoNormal\">La Fiscal\u00eda inici\u00f3 de inmediato las investigaciones pertinentes, obteniendo una orden de aprehensi\u00f3n que fue ejecutada por la Agencia Ministerial de Investigaci\u00f3n Criminal (AMIC). Posteriormente, se procedi\u00f3 con el proceso legal conforme a Derecho.<\/p>\n<p class=\"MsoNormal\">El proceso culmin\u00f3 con una condena de m\u00e1s de 31 a\u00f1os de prisi\u00f3n para Luis Enrique \u201cN\u201d, quien actualmente cumple su sentencia en un Centro de Reinserci\u00f3n Social (CERESO).<\/p>\n","protected":false},"excerpt":{"rendered":"<p>Luis Enrique \u201cN\u201d, de 28 a\u00f1os, atac\u00f3 a la v\u00edctima de 48 frente a un establecimiento de comida en la colonia La Matanza, en Hermosillo, Sonora.<\/p>\n","protected":false},"author":1,"featured_media":491,"comment_status":"open","ping_status":"open","sticky":false,"template":"","format":"standard","meta":{"footnotes":""},"categories":[32],"tags":[],"class_list":["post-181","post","type-post","status-publish","format-standard","has-post-thumbnail","hentry","category-policiaca"],"_links":{"self":[{"href":"https:\/\/elreporterodelacomunidad.com\/index.php\/wp-json\/wp\/v2\/posts\/181","targetHints":{"allow":["GET"]}}],"collection":[{"href":"https:\/\/elreporterodelacomunidad.com\/index.php\/wp-json\/wp\/v2\/posts"}],"about":[{"href":"https:\/\/elreporterodelacomunidad.com\/index.php\/wp-json\/wp\/v2\/types\/post"}],"author":[{"embeddable":true,"href":"https:\/\/elreporterodelacomunidad.com\/index.php\/wp-json\/wp\/v2\/users\/1"}],"replies":[{"embeddable":true,"href":"https:\/\/elreporterodelacomunidad.com\/index.php\/wp-json\/wp\/v2\/comments?post=181"}],"version-history":[{"count":1,"href":"https:\/\/elreporterodelacomunidad.com\/index.php\/wp-json\/wp\/v2\/posts\/181\/revisions"}],"predecessor-version":[{"id":490,"href":"https:\/\/elreporterodelacomunidad.com\/index.php\/wp-json\/wp\/v2\/posts\/181\/revisions\/490"}],"wp:featuredmedia":[{"embeddable":true,"href":"https:\/\/elreporterodelacomunidad.com\/index.php\/wp-json\/wp\/v2\/media\/491"}],"wp:attachment":[{"href":"https:\/\/elreporterodelacomunidad.com\/index.php\/wp-json\/wp\/v2\/media?parent=181"}],"wp:term":[{"taxonomy":"category","embeddable":true,"href":"https:\/\/elreporterodelacomunidad.com\/index.php\/wp-json\/wp\/v2\/categories?post=181"},{"taxonomy":"post_tag","embeddable":true,"href":"https:\/\/elreporterodelacomunidad.com\/index.php\/wp-json\/wp\/v2\/tags?post=181"}],"curies":[{"name":"wp","href":"https:\/\/api.w.org\/{rel}","templated":true}]}}