{"id":1804,"date":"2024-03-18T00:00:00","date_gmt":"2024-03-18T07:00:00","guid":{"rendered":"https:\/\/elreporterodelacomunidad.com\/index.php\/2024\/03\/18\/elon-musk-y-spacex-iluminaron-el-cielo-de-sonora\/"},"modified":"2024-05-18T22:24:50","modified_gmt":"2024-05-19T05:24:50","slug":"elon-musk-y-spacex-iluminaron-el-cielo-de-sonora","status":"publish","type":"post","link":"https:\/\/elreporterodelacomunidad.com\/index.php\/2024\/03\/18\/elon-musk-y-spacex-iluminaron-el-cielo-de-sonora\/","title":{"rendered":"Elon Musk y SpaceX iluminaron el cielo de Sonora"},"content":{"rendered":"<p class=\"MsoNormal\">Entre la noche que reci\u00e9n ca\u00eda este lunes, miles de sonorenses vieron c\u00f3mo se ilumin\u00f3 el cielo con una estela que fue ampliamente visible desde varios municipios de Sonora, un evento que tiene como explicaci\u00f3n el trabajo que realizan las empresas SpaceX y Starlink del empresario sudafricano, Elon Musk.<\/p>\n<p class=\"MsoNormal\">No es la primera vez que este fen\u00f3meno llama la atenci\u00f3n de propios y extra\u00f1os que voltearon a ver el cielo para contemplar el trayecto del cohete Falcon 9, el cual tiene como misi\u00f3n lanzar a la orbita baja terrestre los sat\u00e9lites de internet de Starlink.<\/p>\n<p class=\"MsoNormal\">El que hasta hoy ha sido el trayecto m\u00e1s visible de este cohete para el territorio sonorense fue anunciado por la misma SpaceX a trav\u00e9s de la red social X (tambi\u00e9n propiedad de Elon Musk) a las 15:47 horas (tiempo de Sonora), misi\u00f3n que se explic\u00f3 tendr\u00eda lugar desde el estado de California, Estados Unidos.<\/p>\n<p class=\"MsoNormal\">En esta ocasi\u00f3n, fueron un total de 22 los sat\u00e9lites lanzados a la \u00f3rbita baja mediante un cohete Falcon 9, el cual tiene como caracter\u00edstica el ser reutilizable, ya que las diferentes partes que le conforman vuelven a la tierra para volver a ser utilizadas en pr\u00f3ximas misiones.<\/p>\n<p class=\"MsoNormal\">En una transmisi\u00f3n en vivo por X en la cuenta de SpaceX se puede ver el momento del lanzamiento del cohete, mismo que despeg\u00f3 desde la Base Vandenberg de la Fuerza A\u00e9rea en California alrededor de las 19:30 horas.<\/p>\n<p class=\"MsoNormal\">El recorrido de la fase 1 de este cohete dur\u00f3 un tiempo aproximado de 10 minutos, por lo que las im\u00e1genes captadas y compartidas en redes sociales pueden tener lugar entre su despegue y punto m\u00e1s alto que fue 110 kil\u00f3metros, as\u00ed como en su reingreso a la tierra hasta llegar a la plataforma aut\u00f3noma aeroespacial (Droneship) &#039;Of Course I Still Love You&#039; ubicada en el Oc\u00e9ano Pac\u00edfico.<\/p>\n<p class=\"MsoNormal\">A las 20:35 horas, SpaceX confirm\u00f3 el lanzamiento exitoso de sat\u00e9lites en la \u00f3rbita baja de la tierra, poniendo fin as\u00ed a una m\u00e1s de las misiones de SpaceX para Starlink.<\/p>\n","protected":false},"excerpt":{"rendered":"<p>Alrededor de las 19:30 horas de este lunes, las im\u00e1genes de una gran estela de luz cruzando el cielo sonorense dej\u00f3 sorprendida a la ciudadan\u00eda, pero la explicaci\u00f3n no es m\u00e1s que una de las tantas misiones de la empresa aeroespacial de Elon Musk, SpaceX.<\/p>\n","protected":false},"author":1,"featured_media":1805,"comment_status":"open","ping_status":"open","sticky":false,"template":"","format":"standard","meta":{"footnotes":""},"categories":[29],"tags":[],"class_list":["post-1804","post","type-post","status-publish","format-standard","has-post-thumbnail","hentry","category-principalsecundaria"],"_links":{"self":[{"href":"https:\/\/elreporterodelacomunidad.com\/index.php\/wp-json\/wp\/v2\/posts\/1804","targetHints":{"allow":["GET"]}}],"collection":[{"href":"https:\/\/elreporterodelacomunidad.com\/index.php\/wp-json\/wp\/v2\/posts"}],"about":[{"href":"https:\/\/elreporterodelacomunidad.com\/index.php\/wp-json\/wp\/v2\/types\/post"}],"author":[{"embeddable":true,"href":"https:\/\/elreporterodelacomunidad.com\/index.php\/wp-json\/wp\/v2\/users\/1"}],"replies":[{"embeddable":true,"href":"https:\/\/elreporterodelacomunidad.com\/index.php\/wp-json\/wp\/v2\/comments?post=1804"}],"version-history":[{"count":1,"href":"https:\/\/elreporterodelacomunidad.com\/index.php\/wp-json\/wp\/v2\/posts\/1804\/revisions"}],"predecessor-version":[{"id":1806,"href":"https:\/\/elreporterodelacomunidad.com\/index.php\/wp-json\/wp\/v2\/posts\/1804\/revisions\/1806"}],"wp:featuredmedia":[{"embeddable":true,"href":"https:\/\/elreporterodelacomunidad.com\/index.php\/wp-json\/wp\/v2\/media\/1805"}],"wp:attachment":[{"href":"https:\/\/elreporterodelacomunidad.com\/index.php\/wp-json\/wp\/v2\/media?parent=1804"}],"wp:term":[{"taxonomy":"category","embeddable":true,"href":"https:\/\/elreporterodelacomunidad.com\/index.php\/wp-json\/wp\/v2\/categories?post=1804"},{"taxonomy":"post_tag","embeddable":true,"href":"https:\/\/elreporterodelacomunidad.com\/index.php\/wp-json\/wp\/v2\/tags?post=1804"}],"curies":[{"name":"wp","href":"https:\/\/api.w.org\/{rel}","templated":true}]}}