{"id":18026,"date":"2025-05-01T21:00:44","date_gmt":"2025-05-02T04:00:44","guid":{"rendered":"https:\/\/elreporterodelacomunidad.com\/?p=18026"},"modified":"2025-05-01T21:00:48","modified_gmt":"2025-05-02T04:00:48","slug":"columna-nada-personal-nacori-chico-y-la-batalla-por-el-agua-un-paso-firme-hacia-la-seguridad-hidrica","status":"publish","type":"post","link":"https:\/\/elreporterodelacomunidad.com\/index.php\/2025\/05\/01\/columna-nada-personal-nacori-chico-y-la-batalla-por-el-agua-un-paso-firme-hacia-la-seguridad-hidrica\/","title":{"rendered":"Columna Nada Personal: N\u00e1cori Chico y la batalla por el agua: un paso firme hacia la seguridad h\u00eddrica."},"content":{"rendered":"\n<p><strong>Por: Carlos Alberto Guti\u00e9rrez Celaya.<\/strong><\/p>\n\n\n\n<p>Hermosillo, Sonora a 02 de mayo de 2025.- La seguridad h\u00eddrica en las regiones m\u00e1s apartadas de Sonora ha dejado de ser una promesa abstracta para convertirse en una prioridad tangible de gobierno. Un claro ejemplo se vive hoy en N\u00e1cori Chico, donde el gobernador Alfonso Durazo Monta\u00f1o impulsa una serie de acciones estrat\u00e9gicas para garantizar el abasto de agua potable con una inversi\u00f3n superior a los siete millones de pesos. No se trata s\u00f3lo de perforar pozos, sino de atacar el problema desde su ra\u00edz: la infraestructura deficiente y el uso ineficiente del recurso.<\/p>\n\n\n\n<p>Con la supervisi\u00f3n directa de la jefa de la Oficina del Ejecutivo Estatal, <strong>Paulina Oca\u00f1a<\/strong>; del titular de la Comisi\u00f3n Estatal del Agua, Ariel Monge, y del alcalde Guillermo Anaya, se constataron avances significativos: un tercer pozo profundo en proceso y dos m\u00e1s rehabilitados ya aportan un caudal conjunto de 10 litros por segundo. Esta cantidad es t\u00e9cnicamente suficiente para abastecer a la poblaci\u00f3n local. Sin embargo, el verdadero desaf\u00edo est\u00e1 bajo tierra: casi el 80% del agua se perd\u00eda por fugas en una red obsoleta.<\/p>\n\n\n\n<p>Este dato revela una verdad inc\u00f3moda pero com\u00fan en muchos municipios rurales del pa\u00eds: no basta con tener agua, hay que saber conducirla y preservarla. Por ello, el proyecto no se limita a perforaciones. Incluye tambi\u00e9n un plan intensivo de sectorizaci\u00f3n, reparaci\u00f3n de fugas, distribuci\u00f3n emergente mediante pipas y desazolve de redes sanitarias y tanques de regulaci\u00f3n. Estas medidas no solo buscan restaurar el flujo h\u00eddrico, sino dignificar el acceso al agua como derecho humano b\u00e1sico.<\/p>\n\n\n\n<p>En un contexto de crisis clim\u00e1tica, donde la disponibilidad del agua se convierte en uno de los mayores retos para los gobiernos, este tipo de acciones deben mirarse con seriedad. Son apuestas estructurales por la resiliencia comunitaria y por una gesti\u00f3n moderna del recurso h\u00eddrico. N\u00e1cori Chico, pese a su tama\u00f1o, nos ofrece una lecci\u00f3n clara: la seguridad del agua comienza por el compromiso pol\u00edtico, pero se consolida con obras concretas y una visi\u00f3n integral del problema.<\/p>\n\n\n\n<p>Hoy m\u00e1s que nunca, hablar de agua es hablar de justicia social. Y si el ejemplo de N\u00e1cori Chico se replica en otros municipios, estaremos avanzando no solo hacia un Sonora m\u00e1s sustentable, sino hacia un pa\u00eds m\u00e1s equitativo en su acceso al agua.<\/p>\n\n\n\n<p class=\"has-text-align-center\"><img loading=\"lazy\" decoding=\"async\" width=\"500\" height=\"333\" class=\"wp-image-18028\" style=\"width: 500px;\" src=\"https:\/\/elreporterodelacomunidad.com\/wp-content\/uploads\/2025\/05\/descarga-2.png\" alt=\"\" srcset=\"https:\/\/elreporterodelacomunidad.com\/wp-content\/uploads\/2025\/05\/descarga-2.png 1920w, https:\/\/elreporterodelacomunidad.com\/wp-content\/uploads\/2025\/05\/descarga-2-300x200.png 300w, https:\/\/elreporterodelacomunidad.com\/wp-content\/uploads\/2025\/05\/descarga-2-1024x681.png 1024w, https:\/\/elreporterodelacomunidad.com\/wp-content\/uploads\/2025\/05\/descarga-2-768x511.png 768w, https:\/\/elreporterodelacomunidad.com\/wp-content\/uploads\/2025\/05\/descarga-2-1536x1022.png 1536w, https:\/\/elreporterodelacomunidad.com\/wp-content\/uploads\/2025\/05\/descarga-2-750x499.png 750w, https:\/\/elreporterodelacomunidad.com\/wp-content\/uploads\/2025\/05\/descarga-2-1140x758.png 1140w\" sizes=\"auto, (max-width: 500px) 100vw, 500px\" \/><\/p>\n\n\n\n<p><strong>Cabildo Infantil: pol\u00edtica con voz de futuro.<\/strong><\/p>\n\n\n\n<p>En tiempos donde la pol\u00edtica suele asociarse con desencanto ciudadano, el Ayuntamiento de Hermosillo ha puesto el reflector en una experiencia profundamente revitalizante: la toma de protesta del 38\u00ba Cabildo Infantil y del IV Consejo Municipal Infantil. M\u00e1s all\u00e1 del acto simb\u00f3lico, el evento encabezado por el alcalde <strong>Antonio \u201cTo\u00f1o\u201d Astiazar\u00e1n<\/strong> y su esposa, Patricia Ruibal, presidenta del DIF Hermosillo, proyecta una visi\u00f3n pol\u00edtica que incluye, escucha y apuesta por el futuro.<\/p>\n\n\n\n<p>La presencia de ni\u00f1as y ni\u00f1os en espacios tradicionalmente reservados para adultos marca un viraje necesario en la forma en que concebimos la participaci\u00f3n c\u00edvica. No es menor que estos peque\u00f1os ciudadanos hayan definido como prioridad la promoci\u00f3n de una cultura del cuidado del agua. En una ciudad golpeada hist\u00f3ricamente por la escasez h\u00eddrica, esta elecci\u00f3n no solo resulta pertinente, sino reveladora: la ni\u00f1ez est\u00e1 observando con claridad d\u00f3nde se juega el porvenir.<\/p>\n\n\n\n<p>To\u00f1o Astiazar\u00e1n no escatim\u00f3 palabras al asegurar que las ideas del Cabildo Infantil \u201cno ser\u00e1n letra muerta\u201d. El desaf\u00edo ahora es demostrarlo con hechos. Si se logra canalizar las propuestas de esta generaci\u00f3n con mecanismos reales de seguimiento y retroalimentaci\u00f3n, Hermosillo podr\u00eda sentar un precedente nacional en cuanto a gobernanza participativa desde la infancia.<\/p>\n\n\n\n<p>La participaci\u00f3n de figuras como Nery Ruiz Arvizu, presidente del Consejo Estatal Electoral, subraya la seriedad del evento. Su reconocimiento al car\u00e1cter hist\u00f3rico del programa \u201438 ediciones consecutivas\u2014 es un recordatorio de que la institucionalidad tambi\u00e9n se construye con constancia y convicci\u00f3n. No se trata de formar peque\u00f1os pol\u00edticos, sino de sembrar ciudadan\u00eda responsable desde temprana edad.<\/p>\n\n\n\n<p>La voz de Zarina Roch\u00edn Alc\u00e1ntar, presidenta infantil electa, resume el esp\u00edritu del momento: \u201cCada gota cuenta\u201d. En esa frase resuena tanto el compromiso ambiental como la esperanza de una nueva narrativa pol\u00edtica. Una en la que, por una vez, las decisiones no se toman solo en oficinas blindadas, sino tambi\u00e9n en el coraz\u00f3n de quienes apenas comienzan a imaginar el pa\u00eds que quieren habitar.<\/p>\n\n\n\n<p>Iniciativas como esta no resuelven por s\u00ed solas los grandes problemas de gobernanza, pero s\u00ed abren la puerta a una transformaci\u00f3n de fondo: una pol\u00edtica que se construye con di\u00e1logo intergeneracional, empat\u00eda y visi\u00f3n de largo plazo. Hermosillo, al menos en este terreno, da una lecci\u00f3n que otros municipios har\u00edan bien en seguir.<\/p>\n\n\n\n<p class=\"has-text-align-center\"><img loading=\"lazy\" decoding=\"async\" width=\"500\" height=\"319\" class=\"wp-image-18029\" style=\"width: 500px;\" src=\"https:\/\/elreporterodelacomunidad.com\/wp-content\/uploads\/2025\/05\/12a72ff1-04b4-4a46-a17c-817b0a17cbb8-1.jpg\" alt=\"\" srcset=\"https:\/\/elreporterodelacomunidad.com\/wp-content\/uploads\/2025\/05\/12a72ff1-04b4-4a46-a17c-817b0a17cbb8-1.jpg 1600w, https:\/\/elreporterodelacomunidad.com\/wp-content\/uploads\/2025\/05\/12a72ff1-04b4-4a46-a17c-817b0a17cbb8-1-300x192.jpg 300w, https:\/\/elreporterodelacomunidad.com\/wp-content\/uploads\/2025\/05\/12a72ff1-04b4-4a46-a17c-817b0a17cbb8-1-1024x654.jpg 1024w, https:\/\/elreporterodelacomunidad.com\/wp-content\/uploads\/2025\/05\/12a72ff1-04b4-4a46-a17c-817b0a17cbb8-1-768x491.jpg 768w, https:\/\/elreporterodelacomunidad.com\/wp-content\/uploads\/2025\/05\/12a72ff1-04b4-4a46-a17c-817b0a17cbb8-1-1536x981.jpg 1536w, https:\/\/elreporterodelacomunidad.com\/wp-content\/uploads\/2025\/05\/12a72ff1-04b4-4a46-a17c-817b0a17cbb8-1-750x479.jpg 750w, https:\/\/elreporterodelacomunidad.com\/wp-content\/uploads\/2025\/05\/12a72ff1-04b4-4a46-a17c-817b0a17cbb8-1-1140x728.jpg 1140w\" sizes=\"auto, (max-width: 500px) 100vw, 500px\" \/><\/p>\n\n\n\n<p><strong>D\u00eda del Trabajo en Sonora: entre logros y deudas pendientes.<\/strong><\/p>\n\n\n\n<p>Cada 1 de mayo, la conmemoraci\u00f3n del D\u00eda del Trabajo en Sonora \u2014como en el resto del pa\u00eds\u2014 va m\u00e1s all\u00e1 de un desfile: es un term\u00f3metro pol\u00edtico, un escenario de exigencia y de balance. Este 2025 no fue la excepci\u00f3n. El Gobierno del Estado, encabezado por el secretario de Gobierno <strong>Adolfo Salazar Razo<\/strong> en representaci\u00f3n del gobernador Alfonso Durazo, presidi\u00f3 un evento donde lo simb\u00f3lico y lo concreto se cruzaron: reconocimiento a avances laborales y presentaci\u00f3n de nuevas demandas sindicales.<\/p>\n\n\n\n<p>El acompa\u00f1amiento de figuras clave como Paulina Oca\u00f1a Encinas, jefa de la Oficina del Ejecutivo Estatal; David Soto Alday, secretario del Trabajo, y Froyl\u00e1n G\u00e1mez, de Educaci\u00f3n y Cultura, no fue casual. Representaron los sectores que hist\u00f3ricamente han sostenido los mayores desaf\u00edos gremiales: la educaci\u00f3n, la administraci\u00f3n p\u00fablica y el empleo formal. La presencia del aparato estatal en pleno fue le\u00edda por los contingentes como una se\u00f1al de apertura, pero tambi\u00e9n de expectativa.<\/p>\n\n\n\n<p>El discurso oficial enfatiz\u00f3 una cifra contundente: una tasa de desempleo del 1.3%, la m\u00e1s baja en la historia de Sonora y de toda la frontera norte. Un dato que sin duda habla de pol\u00edticas de atracci\u00f3n de inversi\u00f3n, programas de vinculaci\u00f3n laboral y un entorno econ\u00f3mico relativamente estable. Sin embargo, en los pasillos gremiales, la estad\u00edstica convive con otra realidad: empleos a\u00fan precarios, falta de basificaci\u00f3n, y la creciente presi\u00f3n por la mejora salarial frente a un entorno inflacionario que erosiona el poder adquisitivo.<\/p>\n\n\n\n<p>El sindicalismo sonorense aprovech\u00f3 la jornada no solo para agradecer avances, sino para recordar pendientes. La legitimaci\u00f3n de contratos colectivos, la revisi\u00f3n de condiciones laborales en sectores esenciales como salud y educaci\u00f3n, y la exigencia de justicia laboral en casos espec\u00edficos siguen siendo temas sin resolver. El desfile fue tambi\u00e9n una asamblea p\u00fablica a cielo abierto, donde cada cartel y consigna carg\u00f3 con a\u00f1os de lucha acumulada.<\/p>\n\n\n\n<p>El secretario Salazar Razo habl\u00f3 de un \u201cgobierno democr\u00e1tico, de puertas abiertas, aliado de la clase trabajadora\u201d. La frase resuena con fuerza en el contexto actual, donde la reforma laboral obliga no solo a escuchar a los sindicatos, sino a generar condiciones de participaci\u00f3n genuina y corresponsable. No basta con administrar la agenda laboral; se requiere voluntad pol\u00edtica para transformarla.<\/p>\n\n\n\n<p>El reto, en adelante, es no permitir que este D\u00eda del Trabajo se quede en el ritual. El verdadero desfile que cuenta es el del cumplimiento de compromisos. Si Sonora aspira a consolidarse como un referente de justicia laboral en el pa\u00eds, debe acompa\u00f1ar cada cifra con derechos garantizados, cada acto con resultados y cada compromiso con acci\u00f3n concreta.<\/p>\n\n\n\n<p><strong>Por hoy es todo, s\u00edgueme en:<\/strong><\/p>\n\n\n\n<p>www.elreporterodelacomunidad.com<\/p>\n\n\n\n<p>Twitter: @elreporteroson y @NPDeportes1<\/p>\n\n\n\n<p>Facebook: El Reportero de la Comunidad y Columna Nada Personal<\/p>\n\n\n\n<p>IG: elreporterodelcomunidad<\/p>\n\n\n\n<p>Tiktok: elreporterodelacomunidad<\/p>\n\n\n\n<p>Whatsapp: 6622217136<\/p>\n","protected":false},"excerpt":{"rendered":"<p>Por: Carlos Alberto Guti\u00e9rrez Celaya. Hermosillo, Sonora a 02 de mayo de 2025.- La seguridad h\u00eddrica en las regiones m\u00e1s apartadas de Sonora ha dejado de ser una promesa abstracta para convertirse en una prioridad tangible de gobierno. Un claro ejemplo se vive hoy en N\u00e1cori Chico, donde el gobernador Alfonso Durazo Monta\u00f1o impulsa una [&hellip;]<\/p>\n","protected":false},"author":4,"featured_media":18027,"comment_status":"open","ping_status":"open","sticky":false,"template":"","format":"standard","meta":{"footnotes":""},"categories":[57,47,53,51,34,50,48,54,26,29,27,45],"tags":[],"class_list":["post-18026","post","type-post","status-publish","format-standard","has-post-thumbnail","hentry","category-carlos-alberto-gutierrez-celaya","category-columnas","category-editorial","category-elreporterodelacomunidad","category-general","category-nadapersonal","category-noticiasdestacadas","category-picandocresta","category-principal","category-principalsecundaria","category-ultimahora","category-ultimasnoticias"],"_links":{"self":[{"href":"https:\/\/elreporterodelacomunidad.com\/index.php\/wp-json\/wp\/v2\/posts\/18026","targetHints":{"allow":["GET"]}}],"collection":[{"href":"https:\/\/elreporterodelacomunidad.com\/index.php\/wp-json\/wp\/v2\/posts"}],"about":[{"href":"https:\/\/elreporterodelacomunidad.com\/index.php\/wp-json\/wp\/v2\/types\/post"}],"author":[{"embeddable":true,"href":"https:\/\/elreporterodelacomunidad.com\/index.php\/wp-json\/wp\/v2\/users\/4"}],"replies":[{"embeddable":true,"href":"https:\/\/elreporterodelacomunidad.com\/index.php\/wp-json\/wp\/v2\/comments?post=18026"}],"version-history":[{"count":1,"href":"https:\/\/elreporterodelacomunidad.com\/index.php\/wp-json\/wp\/v2\/posts\/18026\/revisions"}],"predecessor-version":[{"id":18030,"href":"https:\/\/elreporterodelacomunidad.com\/index.php\/wp-json\/wp\/v2\/posts\/18026\/revisions\/18030"}],"wp:featuredmedia":[{"embeddable":true,"href":"https:\/\/elreporterodelacomunidad.com\/index.php\/wp-json\/wp\/v2\/media\/18027"}],"wp:attachment":[{"href":"https:\/\/elreporterodelacomunidad.com\/index.php\/wp-json\/wp\/v2\/media?parent=18026"}],"wp:term":[{"taxonomy":"category","embeddable":true,"href":"https:\/\/elreporterodelacomunidad.com\/index.php\/wp-json\/wp\/v2\/categories?post=18026"},{"taxonomy":"post_tag","embeddable":true,"href":"https:\/\/elreporterodelacomunidad.com\/index.php\/wp-json\/wp\/v2\/tags?post=18026"}],"curies":[{"name":"wp","href":"https:\/\/api.w.org\/{rel}","templated":true}]}}