{"id":178,"date":"2024-05-16T00:00:00","date_gmt":"2024-05-16T07:00:00","guid":{"rendered":"https:\/\/elreporterodelacomunidad.com\/index.php\/2024\/05\/16\/incautan-en-espana-1-8-toneladas-de-metanfetamina-del-cartel-de-sinaloa\/"},"modified":"2024-05-18T21:51:00","modified_gmt":"2024-05-19T04:51:00","slug":"incautan-en-espana-1-8-toneladas-de-metanfetamina-del-cartel-de-sinaloa","status":"publish","type":"post","link":"https:\/\/elreporterodelacomunidad.com\/index.php\/2024\/05\/16\/incautan-en-espana-1-8-toneladas-de-metanfetamina-del-cartel-de-sinaloa\/","title":{"rendered":"Incautan en Espa\u00f1a 1.8 toneladas de metanfetamina del C\u00e1rtel de Sinaloa"},"content":{"rendered":"<p class=\"MsoNormal\">La polic\u00eda espa\u00f1ola comunic\u00f3 la incautaci\u00f3n de mil 800 kilogramos de metanfetamina que el C\u00e1rtel de Sinaloa intentaba enviar a Europa, y arrest\u00f3 a cinco personas, incluyendo al l\u00edder mexicano de la operaci\u00f3n.<\/p>\n<p class=\"MsoNormal\">\n<p class=\"MsoNormal\">El hallazgo tuvo lugar en la provincia de Alicante, en el este de Espa\u00f1a, y se considera \u201cla mayor incautaci\u00f3n\u201d de esta droga en el pa\u00eds y la segunda m\u00e1s grande en Europa, seg\u00fan Antonio Mart\u00ednez Duarte, jefe de la Unidad de Droga y Crimen Organizado (UDYCO) de la Polic\u00eda Nacional, durante una rueda de prensa en Madrid.<\/p>\n<p class=\"MsoNormal\">Mart\u00ednez Duarte tambi\u00e9n mencion\u00f3 que uno de los detenidos es de nacionalidad mexicana y presuntamente est\u00e1 relacionado con el C\u00e1rtel de Sinaloa, aunque no se proporcion\u00f3 su identidad.<\/p>\n<p class=\"MsoNormal\">El C\u00e1rtel de Sinaloa es uno de los grupos criminales m\u00e1s antiguos, grandes y violentos de M\u00e9xico, cuyo poder\u00edo se mantiene pese a las detenciones de su fundador Joaqu\u00edn \u201cEl Chapo\u201d Guzm\u00e1n, o la m\u00e1s reciente de su hijo Ovidio, en enero de 2023. Ambos fueron extraditados y est\u00e1n encarcelados en Estados Unidos.<\/p>\n<p class=\"MsoNormal\">Incautaci\u00f3n de drogas y dinero<\/p>\n<p class=\"MsoNormal\">Adem\u00e1s de las drogas, la Polic\u00eda Nacional espa\u00f1ola se incaut\u00f3 de dinero en efectivo, cinco veh\u00edculos, documentaci\u00f3n y un arma detonadora. Los cinco detenidos son un mexicano, una rumana y el resto espa\u00f1oles.<\/p>\n<p class=\"MsoNormal\">La polic\u00eda espa\u00f1ola estima que se trat\u00f3 de una operaci\u00f3n de narcotr\u00e1fico puntual y \u201cque las organizaciones mexicanas no est\u00e1n asentadas\u201d de manera permanente en Espa\u00f1a, aclar\u00f3 Mart\u00ednez Duarte.<\/p>\n<p class=\"MsoNormal\">\u201cEstas organizaciones env\u00edan a un hombre de confianza que es el encargado de controlar que la operaci\u00f3n se haga conforme a sus intereses\u201d, y \u201cuna vez que esos intereses terminan, regresa a su pa\u00eds\u201d, aclar\u00f3.<\/p>\n<p class=\"MsoNormal\">La droga confiscada proced\u00eda de M\u00e9xico y ten\u00eda como destino el centro de Europa. Espa\u00f1a es uno de los principales puntos de entrada de droga a Europa.<\/p>\n","protected":false},"excerpt":{"rendered":"<p>Antonio Mart\u00ednez Duarte, jefe de la Unidad de Droga y Crimen Organizado (UDYCO) de la Polic\u00eda Nacional,&nbsp;mencion\u00f3 que uno de los detenidos es de nacionalidad mexicana y presuntamente est\u00e1 relacionado con el C\u00e1rtel de Sinaloa, aunque no se proporcion\u00f3 su identidad.<\/p>\n","protected":false},"author":1,"featured_media":485,"comment_status":"open","ping_status":"open","sticky":false,"template":"","format":"standard","meta":{"footnotes":""},"categories":[29],"tags":[],"class_list":["post-178","post","type-post","status-publish","format-standard","has-post-thumbnail","hentry","category-principalsecundaria"],"_links":{"self":[{"href":"https:\/\/elreporterodelacomunidad.com\/index.php\/wp-json\/wp\/v2\/posts\/178","targetHints":{"allow":["GET"]}}],"collection":[{"href":"https:\/\/elreporterodelacomunidad.com\/index.php\/wp-json\/wp\/v2\/posts"}],"about":[{"href":"https:\/\/elreporterodelacomunidad.com\/index.php\/wp-json\/wp\/v2\/types\/post"}],"author":[{"embeddable":true,"href":"https:\/\/elreporterodelacomunidad.com\/index.php\/wp-json\/wp\/v2\/users\/1"}],"replies":[{"embeddable":true,"href":"https:\/\/elreporterodelacomunidad.com\/index.php\/wp-json\/wp\/v2\/comments?post=178"}],"version-history":[{"count":1,"href":"https:\/\/elreporterodelacomunidad.com\/index.php\/wp-json\/wp\/v2\/posts\/178\/revisions"}],"predecessor-version":[{"id":484,"href":"https:\/\/elreporterodelacomunidad.com\/index.php\/wp-json\/wp\/v2\/posts\/178\/revisions\/484"}],"wp:featuredmedia":[{"embeddable":true,"href":"https:\/\/elreporterodelacomunidad.com\/index.php\/wp-json\/wp\/v2\/media\/485"}],"wp:attachment":[{"href":"https:\/\/elreporterodelacomunidad.com\/index.php\/wp-json\/wp\/v2\/media?parent=178"}],"wp:term":[{"taxonomy":"category","embeddable":true,"href":"https:\/\/elreporterodelacomunidad.com\/index.php\/wp-json\/wp\/v2\/categories?post=178"},{"taxonomy":"post_tag","embeddable":true,"href":"https:\/\/elreporterodelacomunidad.com\/index.php\/wp-json\/wp\/v2\/tags?post=178"}],"curies":[{"name":"wp","href":"https:\/\/api.w.org\/{rel}","templated":true}]}}