{"id":1761,"date":"2024-03-20T00:00:00","date_gmt":"2024-03-20T07:00:00","guid":{"rendered":"https:\/\/elreporterodelacomunidad.com\/index.php\/2024\/03\/20\/integra-fgr-investigacion-contra-dos-personas-por-transporte-de-49-migrantes\/"},"modified":"2024-03-20T00:00:00","modified_gmt":"2024-03-20T07:00:00","slug":"integra-fgr-investigacion-contra-dos-personas-por-transporte-de-49-migrantes","status":"publish","type":"post","link":"https:\/\/elreporterodelacomunidad.com\/index.php\/2024\/03\/20\/integra-fgr-investigacion-contra-dos-personas-por-transporte-de-49-migrantes\/","title":{"rendered":"Integra FGR investigaci\u00f3n contra dos personas por transporte de 49 migrantes"},"content":{"rendered":"<p class=\"MsoNormal\">El Ministerio P\u00fablico de la Fiscal\u00eda General de la Rep\u00fablica (FGR) en su Fiscal\u00eda Federal en el Estado de Sonora, inici\u00f3 Carpeta de Investigaci\u00f3n en contra de dos personas por su probable responsabilidad en la comisi\u00f3n del delito de violaci\u00f3n a la Ley de Migraci\u00f3n, en su vertiente de Transporte de Personas Migrantes.<\/p>\n<p class=\"MsoNormal\">De acuerdo con la Carpeta de Investigaci\u00f3n, este hecho fue registrado cuando elementos de la Polic\u00eda Municipal, en el Boulevard Enrique Maz\u00f3n L\u00f3pez, colonia La Victoria, en Hermosillo, Sonora, detuvieron a dos personas que transportaban a 49 migrantes originarios de Guatemala, Colombia, Honduras y Ecuador, los cuales no contaban con la documentaci\u00f3n correspondiente.<\/p>\n<p class=\"MsoNormal\">Por estos hechos los detenidos fueron puestos a disposici\u00f3n del Fiscal Federal, quien inici\u00f3 la Carpeta de Investigaci\u00f3n por un delito de violaci\u00f3n a la Ley de Migraci\u00f3n, en su vertiente de Transporte de Personas Migrantes e integra la respectiva carpeta con la informaci\u00f3n de los dict\u00e1menes periciales de la Polic\u00eda Federal Ministerial (MPF).<\/p>\n","protected":false},"excerpt":{"rendered":"<p>El Ministerio P\u00fablico de la Fiscal\u00eda General de la Rep\u00fablica (FGR) en su Fiscal\u00eda Federal en el Estado de Sonora, inici\u00f3 Carpeta de Investigaci\u00f3n en contra de dos personas por su probable responsabilidad en la comisi\u00f3n del delito de violaci\u00f3n a la Ley de Migraci\u00f3n, en su vertiente de Transporte de Personas Migrantes. De acuerdo [&hellip;]<\/p>\n","protected":false},"author":1,"featured_media":1762,"comment_status":"open","ping_status":"open","sticky":false,"template":"","format":"standard","meta":{"footnotes":""},"categories":[32],"tags":[],"class_list":["post-1761","post","type-post","status-publish","format-standard","has-post-thumbnail","hentry","category-policiaca"],"_links":{"self":[{"href":"https:\/\/elreporterodelacomunidad.com\/index.php\/wp-json\/wp\/v2\/posts\/1761","targetHints":{"allow":["GET"]}}],"collection":[{"href":"https:\/\/elreporterodelacomunidad.com\/index.php\/wp-json\/wp\/v2\/posts"}],"about":[{"href":"https:\/\/elreporterodelacomunidad.com\/index.php\/wp-json\/wp\/v2\/types\/post"}],"author":[{"embeddable":true,"href":"https:\/\/elreporterodelacomunidad.com\/index.php\/wp-json\/wp\/v2\/users\/1"}],"replies":[{"embeddable":true,"href":"https:\/\/elreporterodelacomunidad.com\/index.php\/wp-json\/wp\/v2\/comments?post=1761"}],"version-history":[{"count":0,"href":"https:\/\/elreporterodelacomunidad.com\/index.php\/wp-json\/wp\/v2\/posts\/1761\/revisions"}],"wp:featuredmedia":[{"embeddable":true,"href":"https:\/\/elreporterodelacomunidad.com\/index.php\/wp-json\/wp\/v2\/media\/1762"}],"wp:attachment":[{"href":"https:\/\/elreporterodelacomunidad.com\/index.php\/wp-json\/wp\/v2\/media?parent=1761"}],"wp:term":[{"taxonomy":"category","embeddable":true,"href":"https:\/\/elreporterodelacomunidad.com\/index.php\/wp-json\/wp\/v2\/categories?post=1761"},{"taxonomy":"post_tag","embeddable":true,"href":"https:\/\/elreporterodelacomunidad.com\/index.php\/wp-json\/wp\/v2\/tags?post=1761"}],"curies":[{"name":"wp","href":"https:\/\/api.w.org\/{rel}","templated":true}]}}