{"id":17504,"date":"2025-04-14T21:34:05","date_gmt":"2025-04-15T04:34:05","guid":{"rendered":"https:\/\/elreporterodelacomunidad.com\/?p=17504"},"modified":"2025-04-14T21:34:10","modified_gmt":"2025-04-15T04:34:10","slug":"columna-nada-personal-un-nuevo-horizonte-para-la-asocrodes","status":"publish","type":"post","link":"https:\/\/elreporterodelacomunidad.com\/index.php\/2025\/04\/14\/columna-nada-personal-un-nuevo-horizonte-para-la-asocrodes\/","title":{"rendered":"Columna Nada Personal: Un nuevo horizonte para la ASOCRODES."},"content":{"rendered":"\n<p><strong>Hermosillo, Sonora a 15 de abril de 2025.-<\/strong> En el vibrante mundo del periodismo deportivo, donde cada palabra cuenta y cada historia tiene el poder de inspirar, la Asociaci\u00f3n de Cronistas Deportivos de Sonora (ASOCRODES) se erige como un faro de esperanza y profesionalismo. Fundada el 10 de junio de 2000, esta organizaci\u00f3n ha sido un pilar fundamental en el reconocimiento y la capacitaci\u00f3n de periodistas y cronistas deportivos en Sonora. En un contexto donde la informaci\u00f3n fluye a raudales, es vital que quienes la transmiten cuenten con las herramientas necesarias para hacerlo de manera efectiva y \u00e9tica.<\/p>\n\n\n\n<p>Recientemente, en una reuni\u00f3n en el Congreso del Estado &nbsp;con la presidenta de la Comisi\u00f3n del Deporte, la diputada Marcela Valenzuela y Norberto Barraza, se discutieron temas cruciales que marcar\u00e1n el rumbo de la asociaci\u00f3n en los pr\u00f3ximos a\u00f1os.<\/p>\n\n\n\n<p>La nueva mesa directiva, encabezada por Pedro Samuel V\u00e1squez Delgado, se ha comprometido a llevar a ASOCRODES hacia un futuro prometedor. Con un plan de trabajo que incluye la realizaci\u00f3n del Congreso Nacional de Cronistas Deportivos en Sonora y la creaci\u00f3n de un programa de radio semanal, se busca no solo visibilizar el trabajo de los cronistas, sino tambi\u00e9n fortalecer la comunidad period\u00edstica en la regi\u00f3n.<br><br>Cabe mencionar, que el pasado 22 de febrero, en el Congreso Estatal de Cronistas Deportivos, se nombr\u00f3 una nueva mesa directiva, quedando Pedro Samuel V\u00e1squez Delgado, como Presidente; Jos\u00e9 Abel L\u00f3pez Rodr\u00edguez, como Vicepresidente; Ignacio Romero Navarrete, como Tesorero; Isauro Jer\u00e9z Roch\u00edn, como Secretario y Jos\u00e9 Pablo Valencia Dom\u00ednguez, Asesor.<\/p>\n\n\n\n<p class=\"has-text-align-center\"><img loading=\"lazy\" decoding=\"async\" width=\"500\" height=\"281\" class=\"wp-image-17506\" style=\"width: 500px;\" src=\"https:\/\/elreporterodelacomunidad.com\/wp-content\/uploads\/2025\/04\/ad5f5390-f0af-4d07-ac25-273e4b9afe74.jpg\" alt=\"\" srcset=\"https:\/\/elreporterodelacomunidad.com\/wp-content\/uploads\/2025\/04\/ad5f5390-f0af-4d07-ac25-273e4b9afe74.jpg 1280w, https:\/\/elreporterodelacomunidad.com\/wp-content\/uploads\/2025\/04\/ad5f5390-f0af-4d07-ac25-273e4b9afe74-300x169.jpg 300w, https:\/\/elreporterodelacomunidad.com\/wp-content\/uploads\/2025\/04\/ad5f5390-f0af-4d07-ac25-273e4b9afe74-1024x575.jpg 1024w, https:\/\/elreporterodelacomunidad.com\/wp-content\/uploads\/2025\/04\/ad5f5390-f0af-4d07-ac25-273e4b9afe74-768x431.jpg 768w, https:\/\/elreporterodelacomunidad.com\/wp-content\/uploads\/2025\/04\/ad5f5390-f0af-4d07-ac25-273e4b9afe74-750x421.jpg 750w, https:\/\/elreporterodelacomunidad.com\/wp-content\/uploads\/2025\/04\/ad5f5390-f0af-4d07-ac25-273e4b9afe74-1140x640.jpg 1140w\" sizes=\"auto, (max-width: 500px) 100vw, 500px\" \/><\/p>\n\n\n\n<p>Uno de los aspectos m\u00e1s emocionantes de este nuevo ciclo es la apertura hacia nuevos integrantes. La inclusi\u00f3n de un alumno del doctorado en Ciencias Sociales de El Colegio de Sonora, quien investiga el beisbol de Hermosillo entre 1945 y 1972, es un claro ejemplo de c\u00f3mo ASOCRODES est\u00e1 dispuesta a abrazar nuevas voces y perspectivas.<\/p>\n\n\n\n<p>Este tipo de iniciativas no solo enriquecen la asociaci\u00f3n, sino que tambi\u00e9n aseguran que la historia del deporte en Sonora siga siendo contada con pasi\u00f3n y rigor.<br><br>Las gu\u00edas del plan de trabajo para 2025-2026 son ambiciosas y necesarias. Desde charlas sobre accesibilidad a servicios de salud y vivienda, hasta capacitaciones en nuevas tecnolog\u00edas y desarrollo de contenidos, cada acci\u00f3n est\u00e1 dise\u00f1ada para empoderar a los miembros de ASOCRODES. La creaci\u00f3n de delegaciones municipales y regionales tambi\u00e9n es un paso significativo hacia la descentralizaci\u00f3n y el fortalecimiento de la voz period\u00edstica en todo el estado.<\/p>\n\n\n\n<p>Adem\u00e1s, el acercamiento a instituciones gubernamentales y asociaciones deportivas es fundamental para establecer alianzas que beneficien a todos los involucrados en el \u00e1mbito deportivo. La colaboraci\u00f3n con el Sindicato de la Industria de la Radio y Televisi\u00f3n (STIRTT) y otros foros de periodistas en Sonora es una estrategia clave para crear un entorno laboral m\u00e1s solidario y cooperativo.<br><br>En este nuevo cap\u00edtulo, ASOCRODES no solo busca ser un referente en el periodismo deportivo, sino tambi\u00e9n un espacio donde cada miembro pueda crecer, aprender y contribuir al desarrollo del deporte en Sonora. Con un compromiso renovado y una visi\u00f3n clara, la asociaci\u00f3n est\u00e1 lista para enfrentar los desaf\u00edos del futuro y seguir siendo un pilar en la cr\u00f3nica deportiva de nuestro pa\u00eds. \u00a1Adelante, ASOCRODES! El camino est\u00e1 lleno de oportunidades y el deporte nos espera.<\/p>\n\n\n\n<p class=\"has-text-align-center\"><img loading=\"lazy\" decoding=\"async\" width=\"500\" height=\"375\" class=\"wp-image-17507\" style=\"width: 500px;\" src=\"https:\/\/elreporterodelacomunidad.com\/wp-content\/uploads\/2025\/04\/490357966_1193296216139538_3630174253786237616_n.jpg\" alt=\"\" srcset=\"https:\/\/elreporterodelacomunidad.com\/wp-content\/uploads\/2025\/04\/490357966_1193296216139538_3630174253786237616_n.jpg 1600w, https:\/\/elreporterodelacomunidad.com\/wp-content\/uploads\/2025\/04\/490357966_1193296216139538_3630174253786237616_n-300x225.jpg 300w, https:\/\/elreporterodelacomunidad.com\/wp-content\/uploads\/2025\/04\/490357966_1193296216139538_3630174253786237616_n-1024x768.jpg 1024w, https:\/\/elreporterodelacomunidad.com\/wp-content\/uploads\/2025\/04\/490357966_1193296216139538_3630174253786237616_n-768x576.jpg 768w, https:\/\/elreporterodelacomunidad.com\/wp-content\/uploads\/2025\/04\/490357966_1193296216139538_3630174253786237616_n-1536x1152.jpg 1536w, https:\/\/elreporterodelacomunidad.com\/wp-content\/uploads\/2025\/04\/490357966_1193296216139538_3630174253786237616_n-750x563.jpg 750w, https:\/\/elreporterodelacomunidad.com\/wp-content\/uploads\/2025\/04\/490357966_1193296216139538_3630174253786237616_n-1140x855.jpg 1140w\" sizes=\"auto, (max-width: 500px) 100vw, 500px\" \/><\/p>\n\n\n\n<p><strong>Seguridad y Esparcimiento en Semana Santa: Un Compromiso del Ayuntamiento de Hermosillo.<\/strong><\/p>\n\n\n\n<p>La Semana Santa es un momento de reflexi\u00f3n, pero tambi\u00e9n de esparcimiento y convivencia familiar. En Hermosillo, el Gobierno Municipal ha tomado la delantera al coordinar un operativo que busca garantizar la seguridad y el bienestar de los vacacionistas que visitan la ciudad del 17 al 20 de abril de 2025. Este esfuerzo, liderado por el Presidente Municipal Antonio \u201cTo\u00f1o\u201d Astiazar\u00e1n, es un claro ejemplo de c\u00f3mo la administraci\u00f3n p\u00fablica puede trabajar en conjunto para ofrecer un ambiente seguro y ordenado durante una de las temporadas m\u00e1s concurridas del a\u00f1o.<br><br>El despliegue de 480 personas, que incluye a elementos de la Polic\u00eda Preventiva, Bomberos, y Servicios P\u00fablicos, es un testimonio del compromiso del Ayuntamiento con la seguridad de sus ciudadanos y visitantes. La presencia de agentes en puntos estrat\u00e9gicos, especialmente en Bah\u00eda de Kino, donde se concentra la mayor afluencia de turistas, es fundamental para prevenir incidentes y garantizar que todos puedan disfrutar de las maravillas que ofrece esta hermosa regi\u00f3n.<br><br>Sin embargo, la seguridad no es solo responsabilidad de las autoridades. El llamado a la ciudadan\u00eda para que act\u00fae con prudencia y responsabilidad es igualmente crucial. Mantener los veh\u00edculos en buen estado, conducir con paciencia y respetar los l\u00edmites de velocidad son acciones que cada uno de nosotros puede tomar para contribuir a un ambiente m\u00e1s seguro. La colaboraci\u00f3n entre el gobierno y la comunidad es esencial para que esta Semana Santa sea memorable por las razones correctas.<\/p>\n\n\n\n<p class=\"has-text-align-center\"><img loading=\"lazy\" decoding=\"async\" width=\"500\" height=\"278\" class=\"wp-image-17508\" style=\"width: 500px;\" src=\"https:\/\/elreporterodelacomunidad.com\/wp-content\/uploads\/2025\/04\/Coordina-Ayuntamiento-de-Hermosillo-Operativo-de-Semana-Santa-2025-con-seguridad-y-orden-para-vacacionistas1-1.jpg\" alt=\"\" srcset=\"https:\/\/elreporterodelacomunidad.com\/wp-content\/uploads\/2025\/04\/Coordina-Ayuntamiento-de-Hermosillo-Operativo-de-Semana-Santa-2025-con-seguridad-y-orden-para-vacacionistas1-1.jpg 1600w, https:\/\/elreporterodelacomunidad.com\/wp-content\/uploads\/2025\/04\/Coordina-Ayuntamiento-de-Hermosillo-Operativo-de-Semana-Santa-2025-con-seguridad-y-orden-para-vacacionistas1-1-300x167.jpg 300w, https:\/\/elreporterodelacomunidad.com\/wp-content\/uploads\/2025\/04\/Coordina-Ayuntamiento-de-Hermosillo-Operativo-de-Semana-Santa-2025-con-seguridad-y-orden-para-vacacionistas1-1-1024x569.jpg 1024w, https:\/\/elreporterodelacomunidad.com\/wp-content\/uploads\/2025\/04\/Coordina-Ayuntamiento-de-Hermosillo-Operativo-de-Semana-Santa-2025-con-seguridad-y-orden-para-vacacionistas1-1-768x427.jpg 768w, https:\/\/elreporterodelacomunidad.com\/wp-content\/uploads\/2025\/04\/Coordina-Ayuntamiento-de-Hermosillo-Operativo-de-Semana-Santa-2025-con-seguridad-y-orden-para-vacacionistas1-1-1536x853.jpg 1536w, https:\/\/elreporterodelacomunidad.com\/wp-content\/uploads\/2025\/04\/Coordina-Ayuntamiento-de-Hermosillo-Operativo-de-Semana-Santa-2025-con-seguridad-y-orden-para-vacacionistas1-1-750x417.jpg 750w, https:\/\/elreporterodelacomunidad.com\/wp-content\/uploads\/2025\/04\/Coordina-Ayuntamiento-de-Hermosillo-Operativo-de-Semana-Santa-2025-con-seguridad-y-orden-para-vacacionistas1-1-1140x633.jpg 1140w\" sizes=\"auto, (max-width: 500px) 100vw, 500px\" \/><\/p>\n\n\n\n<p>Adem\u00e1s de la seguridad, el operativo tambi\u00e9n contempla un enfoque en la limpieza y el cuidado del medio ambiente. Con un incremento en la generaci\u00f3n de desechos en Bah\u00eda de Kino, el Ayuntamiento ha implementado medidas para manejar adecuadamente el aumento de basura, asegurando que las playas se mantengan limpias y agradables para todos. La colocaci\u00f3n de contenedores y el despliegue de personal de limpieza son pasos necesarios para preservar la belleza natural de la regi\u00f3n.<br><br>El componente de salud tambi\u00e9n es una prioridad. La implementaci\u00f3n de corredores cardio protegidos y la disponibilidad de servicios m\u00e9dicos en puntos estrat\u00e9gicos son medidas que demuestran un enfoque integral hacia el bienestar de los visitantes. La prevenci\u00f3n de accidentes y la atenci\u00f3n oportuna son aspectos que no deben pasarse por alto, y el compromiso del Ayuntamiento en este sentido es digno de reconocimiento.<\/p>\n\n\n\n<p>Finalmente, la oferta de actividades recreativas, como paseos gratuitos en calandria el\u00e9ctrica y eventos familiares, a\u00f1ade un valor significativo a la experiencia de los visitantes. Estas iniciativas no solo fomentan el turismo, sino que tambi\u00e9n promueven la convivencia y el disfrute en familia, elementos esenciales en estas festividades.<br><br>En conclusi\u00f3n, el operativo de Semana Santa 2025 del Ayuntamiento de Hermosillo es un ejemplo de c\u00f3mo la planificaci\u00f3n y la colaboraci\u00f3n pueden resultar en un evento exitoso y seguro. La seguridad, el esparcimiento y la limpieza son pilares fundamentales que, al ser atendidos de manera conjunta, garantizan que tanto los hermosillenses como los visitantes disfruten de una celebraci\u00f3n memorable. Con un compromiso renovado y un enfoque proactivo, Hermosillo se posiciona como un destino seguro y acogedor para todos. \u00a1Que esta Semana Santa sea una oportunidad para disfrutar y crear recuerdos inolvidables!<\/p>\n\n\n\n<p><strong>El Compromiso de Paulina Oca\u00f1a con el Turismo Ecol\u00f3gico en Sonora.<\/strong><strong><br><\/strong><br>Con la llegada de la Semana Santa, el Centro Ecol\u00f3gico de Sonora se prepara para recibir a familias que buscan disfrutar de un espacio seguro y educativo. Bajo la direcci\u00f3n del gobernador Alfonso Durazo Monta\u00f1o, se han realizado importantes mejoras en este lugar emblem\u00e1tico, y Paulina Oca\u00f1a, jefa de Oficina del Ejecutivo Estatal, ha sido una figura clave en este proceso. Su compromiso con el desarrollo del turismo local y la conciencia ecol\u00f3gica se refleja en cada acci\u00f3n emprendida.<br><br>Oca\u00f1a ha enfatizado la importancia de fomentar un ambiente que no solo celebre la biodiversidad nativa, sino que tambi\u00e9n eduque a los visitantes sobre la necesidad de cuidar nuestro entorno. Durante la inauguraci\u00f3n de las nuevas \u00e1reas del Centro Ecol\u00f3gico, invit\u00f3 a la ciudadan\u00eda a disfrutar de las vacaciones de manera responsable, participando en actividades que promueven el respeto por la naturaleza. Este enfoque no solo enriquece la experiencia de los visitantes, sino que tambi\u00e9n contribuye a la formaci\u00f3n de una comunidad m\u00e1s consciente y comprometida con el medio ambiente.<\/p>\n\n\n\n<p>Adem\u00e1s, la entrega de un nuevo cami\u00f3n para el Ecosafari y un veh\u00edculo utilitario para el mantenimiento del lugar son ejemplos tangibles del esfuerzo por mejorar la infraestructura del Centro Ecol\u00f3gico. Estas acciones no solo facilitan la visita de las familias, sino que tambi\u00e9n aseguran que el espacio se mantenga en \u00f3ptimas condiciones para futuras generaciones.<\/p>\n\n\n\n<p>El Centro Ecol\u00f3gico se est\u00e1 consolidando como un destino clave para el esparcimiento y la educaci\u00f3n en Sonora. Gracias al trabajo de paulina Oca\u00f1a y su equipo, este espacio se convierte en un puente entre la comunidad y la riqueza natural de la regi\u00f3n.<\/p>\n\n\n\n<p>En resumen, el esfuerzo de Paulina Oca\u00f1a por fortalecer el Centro Ecol\u00f3gico es un claro ejemplo de c\u00f3mo el liderazgo y la visi\u00f3n pueden transformar espacios p\u00fablicos en lugares de aprendizaje y disfrute. Con su dedicaci\u00f3n, se est\u00e1 construyendo un futuro m\u00e1s sostenible y consciente para todos los sonorenses.<\/p>\n\n\n\n<p class=\"has-text-align-center\"><img loading=\"lazy\" decoding=\"async\" width=\"500\" height=\"333\" class=\"wp-image-17509\" style=\"width: 500px;\" src=\"https:\/\/elreporterodelacomunidad.com\/wp-content\/uploads\/2025\/04\/a2636b4f-83a1-4867-952f-0c48cd137425-1.jpg\" alt=\"\" srcset=\"https:\/\/elreporterodelacomunidad.com\/wp-content\/uploads\/2025\/04\/a2636b4f-83a1-4867-952f-0c48cd137425-1.jpg 1600w, https:\/\/elreporterodelacomunidad.com\/wp-content\/uploads\/2025\/04\/a2636b4f-83a1-4867-952f-0c48cd137425-1-300x200.jpg 300w, https:\/\/elreporterodelacomunidad.com\/wp-content\/uploads\/2025\/04\/a2636b4f-83a1-4867-952f-0c48cd137425-1-1024x682.jpg 1024w, https:\/\/elreporterodelacomunidad.com\/wp-content\/uploads\/2025\/04\/a2636b4f-83a1-4867-952f-0c48cd137425-1-768x512.jpg 768w, https:\/\/elreporterodelacomunidad.com\/wp-content\/uploads\/2025\/04\/a2636b4f-83a1-4867-952f-0c48cd137425-1-1536x1023.jpg 1536w, https:\/\/elreporterodelacomunidad.com\/wp-content\/uploads\/2025\/04\/a2636b4f-83a1-4867-952f-0c48cd137425-1-750x500.jpg 750w, https:\/\/elreporterodelacomunidad.com\/wp-content\/uploads\/2025\/04\/a2636b4f-83a1-4867-952f-0c48cd137425-1-1140x760.jpg 1140w\" sizes=\"auto, (max-width: 500px) 100vw, 500px\" \/><\/p>\n\n\n\n<p><strong>Por hoy es todo, s\u00edgueme en:<\/strong><\/p>\n\n\n\n<p>www.elreporterodelacomunidad.com<\/p>\n\n\n\n<p>Twitter: @elreporteroson y @NPDeportes1<\/p>\n\n\n\n<p>Facebook: El Reportero de la Comunidad y Columna Nada Personal<\/p>\n\n\n\n<p>IG: elreporterodelcomunidad<\/p>\n\n\n\n<p>Tiktok: elreporterodelacomunidad<\/p>\n\n\n\n<p>Whatsapp: 6622217136<\/p>\n","protected":false},"excerpt":{"rendered":"<p>Hermosillo, Sonora a 15 de abril de 2025.- En el vibrante mundo del periodismo deportivo, donde cada palabra cuenta y cada historia tiene el poder de inspirar, la Asociaci\u00f3n de Cronistas Deportivos de Sonora (ASOCRODES) se erige como un faro de esperanza y profesionalismo. Fundada el 10 de junio de 2000, esta organizaci\u00f3n ha sido [&hellip;]<\/p>\n","protected":false},"author":4,"featured_media":17505,"comment_status":"open","ping_status":"open","sticky":false,"template":"","format":"standard","meta":{"footnotes":""},"categories":[57,47,33,53,51,34,50,48,54,26,29,27,45],"tags":[],"class_list":["post-17504","post","type-post","status-publish","format-standard","has-post-thumbnail","hentry","category-carlos-alberto-gutierrez-celaya","category-columnas","category-deportes","category-editorial","category-elreporterodelacomunidad","category-general","category-nadapersonal","category-noticiasdestacadas","category-picandocresta","category-principal","category-principalsecundaria","category-ultimahora","category-ultimasnoticias"],"_links":{"self":[{"href":"https:\/\/elreporterodelacomunidad.com\/index.php\/wp-json\/wp\/v2\/posts\/17504","targetHints":{"allow":["GET"]}}],"collection":[{"href":"https:\/\/elreporterodelacomunidad.com\/index.php\/wp-json\/wp\/v2\/posts"}],"about":[{"href":"https:\/\/elreporterodelacomunidad.com\/index.php\/wp-json\/wp\/v2\/types\/post"}],"author":[{"embeddable":true,"href":"https:\/\/elreporterodelacomunidad.com\/index.php\/wp-json\/wp\/v2\/users\/4"}],"replies":[{"embeddable":true,"href":"https:\/\/elreporterodelacomunidad.com\/index.php\/wp-json\/wp\/v2\/comments?post=17504"}],"version-history":[{"count":1,"href":"https:\/\/elreporterodelacomunidad.com\/index.php\/wp-json\/wp\/v2\/posts\/17504\/revisions"}],"predecessor-version":[{"id":17510,"href":"https:\/\/elreporterodelacomunidad.com\/index.php\/wp-json\/wp\/v2\/posts\/17504\/revisions\/17510"}],"wp:featuredmedia":[{"embeddable":true,"href":"https:\/\/elreporterodelacomunidad.com\/index.php\/wp-json\/wp\/v2\/media\/17505"}],"wp:attachment":[{"href":"https:\/\/elreporterodelacomunidad.com\/index.php\/wp-json\/wp\/v2\/media?parent=17504"}],"wp:term":[{"taxonomy":"category","embeddable":true,"href":"https:\/\/elreporterodelacomunidad.com\/index.php\/wp-json\/wp\/v2\/categories?post=17504"},{"taxonomy":"post_tag","embeddable":true,"href":"https:\/\/elreporterodelacomunidad.com\/index.php\/wp-json\/wp\/v2\/tags?post=17504"}],"curies":[{"name":"wp","href":"https:\/\/api.w.org\/{rel}","templated":true}]}}