{"id":1718,"date":"2024-03-21T00:00:00","date_gmt":"2024-03-21T07:00:00","guid":{"rendered":"https:\/\/elreporterodelacomunidad.com\/index.php\/2024\/03\/21\/maestros-en-sonora-pide-seguridad-ante-ataque-armado-en-sonoyta\/"},"modified":"2024-03-21T00:00:00","modified_gmt":"2024-03-21T07:00:00","slug":"maestros-en-sonora-pide-seguridad-ante-ataque-armado-en-sonoyta","status":"publish","type":"post","link":"https:\/\/elreporterodelacomunidad.com\/index.php\/2024\/03\/21\/maestros-en-sonora-pide-seguridad-ante-ataque-armado-en-sonoyta\/","title":{"rendered":"Maestros en Sonora pide seguridad ante ataque armado en Sonoyta"},"content":{"rendered":"<p class=\"MsoNormal\">Representantes del gremio magisterial de Sonora, solicitaron a las autoridades en general, mayores medidas de seguridad para proteger a docentes en las diferentes regiones donde laboran.<\/p>\n<p class=\"MsoNormal\">Ante el reciente ataque que cost\u00f3 la vida a un docente en Sonoyta el pasado s\u00e1bado, Javier Ceballos Corral secretario general de la Secci\u00f3n 54 del Sindicato Nacional de Trabajadores de la Educaci\u00f3n (SNTE) en Sonora, inst\u00f3 a reforzar la seguridad en toda la regi\u00f3n para salvaguardar a los educadores y a la comunidad en general.<\/p>\n<p class=\"MsoNormal\">Dijo que se trat\u00f3 de un tr\u00e1gico incidente, donde seis maestros fueron agredidos por individuos armados presuntamente en un ret\u00e9n falso, por lo que resalt\u00f3 la necesidad de brindar protecci\u00f3n a los 17 mil maestros en la entidad, sin importar su afiliaci\u00f3n sindical.<\/p>\n<p class=\"MsoNormal\">Agreg\u00f3 que el docente que perdi\u00f3 la vida pertenencia a la Secci\u00f3n 28 del SNTE, sin embargo, se trata de un solo gremio a nivel nacional al que pertenecen, es por ello por lo que se solidarizan.<\/p>\n<p class=\"MsoNormal\">Ceballos Corral abund\u00f3 que independientemente de la Secci\u00f3n a la que pertenecen todos los docentes deben sentirse seguros al transitar por la regi\u00f3n.<\/p>\n<p class=\"MsoNormal\">Destac\u00f3 que se cuenta con una Mesa de Seguridad instalada en la Secretar\u00eda de Educaci\u00f3n, que replica los esfuerzos a nivel estatal para abordar la creciente inseguridad en los alrededores de las escuelas.<\/p>\n<p class=\"MsoNormal\">&#8220;De los cinco maestros heridos, cuatro han sido dados de alta, mientras que uno permanece bajo atenci\u00f3n m\u00e9dica en un hospital de Mexicali por lo que estamos atentos a su evoluci\u00f3n&#8221;, expres\u00f3.<\/p>\n<p class=\"MsoNormal\">En ese sentido dijo que ante esta situaci\u00f3n sirve como un llamado de alerta urgente para implementar medidas efectivas que garanticen la seguridad de los educadores y la comunidad en Sonora.<\/p>\n<p class=\"MsoNormal\">El dirigente magisterial, dijo que as\u00ed como se quiere y busca el esclarecimiento de los hechos y justicia para los docentes, tambi\u00e9n se necesita seguridad para el desarrollo de las actividades de los compa\u00f1eros de profesi\u00f3n.<\/p>\n","protected":false},"excerpt":{"rendered":"<p>Ante el reciente ataque que cost\u00f3 la vida a un docente en Sonoyta el pasado s\u00e1bado, el secretario general de la Secci\u00f3n 54 del SNTE lanz\u00f3 un llamado a las autoridades.<\/p>\n","protected":false},"author":1,"featured_media":1719,"comment_status":"open","ping_status":"open","sticky":false,"template":"","format":"standard","meta":{"footnotes":""},"categories":[32],"tags":[],"class_list":["post-1718","post","type-post","status-publish","format-standard","has-post-thumbnail","hentry","category-policiaca"],"_links":{"self":[{"href":"https:\/\/elreporterodelacomunidad.com\/index.php\/wp-json\/wp\/v2\/posts\/1718","targetHints":{"allow":["GET"]}}],"collection":[{"href":"https:\/\/elreporterodelacomunidad.com\/index.php\/wp-json\/wp\/v2\/posts"}],"about":[{"href":"https:\/\/elreporterodelacomunidad.com\/index.php\/wp-json\/wp\/v2\/types\/post"}],"author":[{"embeddable":true,"href":"https:\/\/elreporterodelacomunidad.com\/index.php\/wp-json\/wp\/v2\/users\/1"}],"replies":[{"embeddable":true,"href":"https:\/\/elreporterodelacomunidad.com\/index.php\/wp-json\/wp\/v2\/comments?post=1718"}],"version-history":[{"count":0,"href":"https:\/\/elreporterodelacomunidad.com\/index.php\/wp-json\/wp\/v2\/posts\/1718\/revisions"}],"wp:featuredmedia":[{"embeddable":true,"href":"https:\/\/elreporterodelacomunidad.com\/index.php\/wp-json\/wp\/v2\/media\/1719"}],"wp:attachment":[{"href":"https:\/\/elreporterodelacomunidad.com\/index.php\/wp-json\/wp\/v2\/media?parent=1718"}],"wp:term":[{"taxonomy":"category","embeddable":true,"href":"https:\/\/elreporterodelacomunidad.com\/index.php\/wp-json\/wp\/v2\/categories?post=1718"},{"taxonomy":"post_tag","embeddable":true,"href":"https:\/\/elreporterodelacomunidad.com\/index.php\/wp-json\/wp\/v2\/tags?post=1718"}],"curies":[{"name":"wp","href":"https:\/\/api.w.org\/{rel}","templated":true}]}}