{"id":17175,"date":"2025-04-06T21:01:40","date_gmt":"2025-04-07T04:01:40","guid":{"rendered":"https:\/\/elreporterodelacomunidad.com\/?p=17175"},"modified":"2025-04-06T22:00:59","modified_gmt":"2025-04-07T05:00:59","slug":"columna-nada-personal-cuando-el-boxeo-sonorense-fue-noqueado-por-la-politica","status":"publish","type":"post","link":"https:\/\/elreporterodelacomunidad.com\/index.php\/2025\/04\/06\/columna-nada-personal-cuando-el-boxeo-sonorense-fue-noqueado-por-la-politica\/","title":{"rendered":"Columna: Nada Personal: Cuando el boxeo sonorense fue noqueado por la pol\u00edtica."},"content":{"rendered":"\n<p><strong>Hermosillo, Sonora a 07 de abril de 2025.-<\/strong> Este domingo, lo que debi\u00f3 ser una jornada de inspiraci\u00f3n, disciplina y homenaje a nuestros grandes talentos del ring, termin\u00f3 convertido en un acto pol\u00edtico disfrazado de evento deportivo. En el marco del D\u00eda Internacional del Deporte para el Desarrollo y la Paz, se llev\u00f3 a cabo en todo M\u00e9xico la denominada Clase Nacional de Boxeo, impulsada por la presidenta Claudia Sheinbaum con el objetivo de promover el deporte como v\u00eda de bienestar, paz y transformaci\u00f3n social. Sin embargo, en Sonora, el mensaje se perdi\u00f3 entre discursos vac\u00edos y ausencias imperdonables.<\/p>\n\n\n\n<p>Lo que se vivi\u00f3 no fue una clase de boxeo, ni una verdadera celebraci\u00f3n del deporte. Fue, en esencia, un mitin pol\u00edtico. Los verdaderos protagonistas del ring brillaron por su ausencia. No estuvieron las figuras que han puesto en alto el nombre de Sonora: \u201cTayson\u201d M\u00e1rquez, Jos\u00e9 Alfredo Caballero, Jos\u00e9 Luis Castillo, Bryan \u201cLatino\u201d Acosta. Tampoco acudieron promotores de gran trayectoria como Rafa y Diego Soto, Evaristo Ochoa o Ger\u00f3nimo Aldana. Ni siquiera fue convocado el Dr. Ricardo Montreal, director de la Comisi\u00f3n de Box, Lucha Libre y Artes Marciales Mixtas del Estado y m\u00e9dico titular del Consejo Mundial de Boxeo. La tambi\u00e9n ignorada X\u00f3chitl Lagarda, directora de la Universidad WBC, con sede en Sonora, fue otro nombre ausente.<\/p>\n\n\n\n<p>En contraste, la primera fila estuvo ocupada por funcionarios de la actual administraci\u00f3n: el secretario de Gobierno, Adolfo Salazar Razo; el titular de la SEC, Froyl\u00e1n G\u00e1mez Gamboa; la secretaria de la Oficina del Ejecutivo Estatal, Paulina Oca\u00f1a Encinas; y la secretar\u00eda de las Mujeres, Sheila Hern\u00e1ndez Alcaraz, todos cumpliendo con la consigna institucional. Se habl\u00f3 de que Sonora es tierra de campeones, de que no pod\u00eda quedarse atr\u00e1s en esta jornada nacional. Pero los campeones no estaban. El discurso qued\u00f3 sin respaldo, sin credibilidad y, sobre todo, sin rostros del boxeo real.<\/p>\n\n\n\n<p>La contradicci\u00f3n fue evidente: se ensalz\u00f3 el papel del deporte, pero se excluy\u00f3 a quienes lo construyen d\u00eda a d\u00eda desde los gimnasios, desde los barrios, desde el esfuerzo silencioso. Se perdi\u00f3 una oportunidad invaluable para conectar a los nuevos talentos con sus \u00eddolos, para inspirar a los ni\u00f1os y j\u00f3venes con historias vivas de lucha y \u00e9xito.<\/p>\n\n\n\n<p>La campeona mundial de CMB, Camila Zamorano, no fue invitada, pero llego junto a compa\u00f1eros donde entrena y se qued\u00f3 entre el p\u00fablico, no la subieron al templete y menos le hicieron un reconocimiento en el evento principal. Solo, al t\u00e9rmino del mismo, la llamaron para tomarse unas fotos.<\/p>\n\n\n\n<p>Lo ocurrido es reflejo de un problema m\u00e1s profundo: el uso del deporte como escenograf\u00eda pol\u00edtica. Una postal institucional sin contenido, sin alma y sin estrategia.<\/p>\n\n\n\n<p>Importante se\u00f1alar la falta de liderazgo y operaci\u00f3n pol\u00edtica del director de CODESON, Erubiel Durazo, quien no logr\u00f3 convocar a los campeones actuales ni a las leyendas del boxeo sonorense a convivir con las nuevas generaciones. Lo que pudo ser una experiencia formativa y motivadora para cientos de futuros pugilistas, termin\u00f3 siendo un evento hueco, superficial y desconectado de la esencia del deporte. Una oportunidad desperdiciada que deja en claro que, en Sonora, el ring del boxeo est\u00e1 siendo ocupado por quienes nunca han lanzado un golpe\u2026 ni recibido uno.<\/p>\n\n\n\n<p class=\"has-text-align-center\"><img loading=\"lazy\" decoding=\"async\" width=\"500\" height=\"333\" class=\"wp-image-17177\" style=\"width: 500px;\" src=\"https:\/\/elreporterodelacomunidad.com\/wp-content\/uploads\/2025\/04\/485963370_1217472487052994_2112102091483401631_n.jpg\" alt=\"\" srcset=\"https:\/\/elreporterodelacomunidad.com\/wp-content\/uploads\/2025\/04\/485963370_1217472487052994_2112102091483401631_n.jpg 1600w, https:\/\/elreporterodelacomunidad.com\/wp-content\/uploads\/2025\/04\/485963370_1217472487052994_2112102091483401631_n-300x200.jpg 300w, https:\/\/elreporterodelacomunidad.com\/wp-content\/uploads\/2025\/04\/485963370_1217472487052994_2112102091483401631_n-1024x682.jpg 1024w, https:\/\/elreporterodelacomunidad.com\/wp-content\/uploads\/2025\/04\/485963370_1217472487052994_2112102091483401631_n-768x512.jpg 768w, https:\/\/elreporterodelacomunidad.com\/wp-content\/uploads\/2025\/04\/485963370_1217472487052994_2112102091483401631_n-1536x1023.jpg 1536w, https:\/\/elreporterodelacomunidad.com\/wp-content\/uploads\/2025\/04\/485963370_1217472487052994_2112102091483401631_n-750x500.jpg 750w, https:\/\/elreporterodelacomunidad.com\/wp-content\/uploads\/2025\/04\/485963370_1217472487052994_2112102091483401631_n-1140x760.jpg 1140w\" sizes=\"auto, (max-width: 500px) 100vw, 500px\" \/><\/p>\n","protected":false},"excerpt":{"rendered":"<p>Hermosillo, Sonora a 07 de abril de 2025.- Este domingo, lo que debi\u00f3 ser una jornada de inspiraci\u00f3n, disciplina y homenaje a nuestros grandes talentos del ring, termin\u00f3 convertido en un acto pol\u00edtico disfrazado de evento deportivo. En el marco del D\u00eda Internacional del Deporte para el Desarrollo y la Paz, se llev\u00f3 a cabo [&hellip;]<\/p>\n","protected":false},"author":4,"featured_media":17176,"comment_status":"open","ping_status":"open","sticky":false,"template":"","format":"standard","meta":{"footnotes":""},"categories":[57,47,33,53,51,34,50,48,54,39,26,29,27,45],"tags":[],"class_list":["post-17175","post","type-post","status-publish","format-standard","has-post-thumbnail","hentry","category-carlos-alberto-gutierrez-celaya","category-columnas","category-deportes","category-editorial","category-elreporterodelacomunidad","category-general","category-nadapersonal","category-noticiasdestacadas","category-picandocresta","category-politica","category-principal","category-principalsecundaria","category-ultimahora","category-ultimasnoticias"],"_links":{"self":[{"href":"https:\/\/elreporterodelacomunidad.com\/index.php\/wp-json\/wp\/v2\/posts\/17175","targetHints":{"allow":["GET"]}}],"collection":[{"href":"https:\/\/elreporterodelacomunidad.com\/index.php\/wp-json\/wp\/v2\/posts"}],"about":[{"href":"https:\/\/elreporterodelacomunidad.com\/index.php\/wp-json\/wp\/v2\/types\/post"}],"author":[{"embeddable":true,"href":"https:\/\/elreporterodelacomunidad.com\/index.php\/wp-json\/wp\/v2\/users\/4"}],"replies":[{"embeddable":true,"href":"https:\/\/elreporterodelacomunidad.com\/index.php\/wp-json\/wp\/v2\/comments?post=17175"}],"version-history":[{"count":2,"href":"https:\/\/elreporterodelacomunidad.com\/index.php\/wp-json\/wp\/v2\/posts\/17175\/revisions"}],"predecessor-version":[{"id":17185,"href":"https:\/\/elreporterodelacomunidad.com\/index.php\/wp-json\/wp\/v2\/posts\/17175\/revisions\/17185"}],"wp:featuredmedia":[{"embeddable":true,"href":"https:\/\/elreporterodelacomunidad.com\/index.php\/wp-json\/wp\/v2\/media\/17176"}],"wp:attachment":[{"href":"https:\/\/elreporterodelacomunidad.com\/index.php\/wp-json\/wp\/v2\/media?parent=17175"}],"wp:term":[{"taxonomy":"category","embeddable":true,"href":"https:\/\/elreporterodelacomunidad.com\/index.php\/wp-json\/wp\/v2\/categories?post=17175"},{"taxonomy":"post_tag","embeddable":true,"href":"https:\/\/elreporterodelacomunidad.com\/index.php\/wp-json\/wp\/v2\/tags?post=17175"}],"curies":[{"name":"wp","href":"https:\/\/api.w.org\/{rel}","templated":true}]}}