{"id":1712,"date":"2024-03-22T00:00:00","date_gmt":"2024-03-22T07:00:00","guid":{"rendered":"https:\/\/elreporterodelacomunidad.com\/index.php\/2024\/03\/22\/subsidio-de-cfe-en-sonora-iniciara-desde-abril-firman-convenio\/"},"modified":"2024-05-18T22:22:28","modified_gmt":"2024-05-19T05:22:28","slug":"subsidio-de-cfe-en-sonora-iniciara-desde-abril-firman-convenio","status":"publish","type":"post","link":"https:\/\/elreporterodelacomunidad.com\/index.php\/2024\/03\/22\/subsidio-de-cfe-en-sonora-iniciara-desde-abril-firman-convenio\/","title":{"rendered":"Subsidio de CFE en Sonora iniciar\u00e1 desde abril; firman convenio"},"content":{"rendered":"<p class=\"MsoNormal\">Este viernes el gobernador Alfonso Durazo confirm\u00f3 a los cientos de ciudadanos reunidos en Palacio de Gobierno, que se firm\u00f3 el convenio con CFE para la ampliaci\u00f3n del subsidio de energ\u00eda el\u00e9ctrica, para adelantarlo un mes, es decir, iniciar\u00e1 a partir de este 1 de abril y hasta el 31 de octubre del presente a\u00f1o; adem\u00e1s de un ajuste tarifario a las tarifas.<\/p>\n<p class=\"MsoNormal\">\n<p class=\"MsoNormal\">Con esta medida podr\u00e1n beneficiarse alrededor de 1.7 millones de usuarios en todo el estado, logrando tambi\u00e9n un ahorro del 50% en el pago de los recibos de la CFE durante la temporada de verano.<\/p>\n<p class=\"MsoNormal\">Desde temprana hora, el gobernador Alfonso Durazo Monta\u00f1o atendi\u00f3 al contingente de la Uni\u00f3n de Usuarios que se instal\u00f3 por fuera de Palacio de Gobierno, a quienes inform\u00f3 que se hab\u00eda tenido un atraso en el arribo de los directivos de la paraestatal a esta capital para signar el documento en el que se establecen los punto antes mencionados.<\/p>\n<p class=\"MsoNormal\">Despu\u00e9s de algunas horas y de que permaneci\u00f3 la protesta por integrantes de la sociedad, el mandatario sali\u00f3 a informar a los presentes esa noticia, pero debido a la veda electoral solo se limit\u00f3 a expresar: &#8220;Misi\u00f3n cumplida&#8221;.<\/p>\n<p class=\"MsoNormal\">&#8220;El acuerdo que firmamos hoy con la CFE, es un hecho hist\u00f3rico para todas las familias sonorenses. Incrementamos los rangos de consumo, todos los municipios tendr\u00e1n tarifa 1F, y el subsidio de electricidad ser\u00e1 de abril a octubre, a partir de este a\u00f1o&#8221;, detall\u00f3.<\/p>\n<p class=\"MsoNormal\">Uni\u00f3n de Usuarios marcha por las calles de Hermosillo<\/p>\n<p class=\"MsoNormal\">Este viernes por la ma\u00f1ana, integrantes de la Uni\u00f3n de Usuarios de Hermosillo (UUH) salieron a las calles para exigir a las autoridades estatales y federales que se aplique la ampliaci\u00f3n del subsidio a la tarifa 1F, adem\u00e1s del ajuste a los rangos tarifarios, ya que hoy se venc\u00eda el plazo.<\/p>\n<p class=\"MsoNormal\">Los manifestantes se congregaron en las oficinas de la Comisi\u00f3n Federal de Electricidad (CFE), ubicadas en la avenida Matamoros. De ah\u00ed, partieron hasta Palacio de Gobierno, donde Alfonso Durazo Monta\u00f1o los recibi\u00f3.<\/p>\n<p class=\"MsoNormal\">\u00bfC\u00f3mo queda el convenio con CFE?<\/p>\n<p class=\"MsoNormal\">Mart\u00edn Mendoza Hern\u00e1ndez, director de Suministro B\u00e1sico de la CFE declar\u00f3 que tras analizarse la propuesta que present\u00f3 el ejecutivo estatal el a\u00f1o pasado, se determin\u00f3 validar solo un mes, en este caso abril, para que entre en el esquema del subsidio, puesto que en noviembre se determin\u00f3 que no hab\u00eda tanta generaci\u00f3n de consumo adicional.Los manifestantes se congregaron en las oficinas de la Comisi\u00f3n Federal de Electricidad (CFE), ubicadas en la avenida Matamoros.<\/p>\n<p class=\"MsoNormal\">&#8220;El convenio que \u00e9l (Durazo) ofreci\u00f3 y que trabajamos desde el a\u00f1o pasado en su proyecto, lo formalizamos. Son 1,460 millones de pesos valen esos siete meses que se van ampliar (de abril a octubre); se va a aprovechar al 90 % el beneficio a todos los usuarios en el estado y agarrar\u00e1 un rango cerca de los 4 mil 500 kilowatts hora en promedio a los que est\u00e1n en la tarifa 1F&#8221;, expuso el representante de la empresa.<\/p>\n<p class=\"MsoNormal\">Todo lo econ\u00f3mico que se derive de ese anuncio lo absorbe la Secretar\u00eda de Hacienda a nivel federal, adem\u00e1s de que cada usuario tendr\u00e1 cerca de un 50 % de reducci\u00f3n en las tarifas en comparaci\u00f3n con el a\u00f1o pasado con los ajustes al rango tarifario.<\/p>\n<p class=\"MsoNormal\">Subsidio ser\u00e1 de siete meses<\/p>\n<p class=\"MsoNormal\">El subsidio a la tarifa 1F ser\u00e1 en un periodo de siete meses, un mes m\u00e1s que el a\u00f1o pasado, que fue de mayo a octubre; adem\u00e1s que los kilowatt-hora baratos ser\u00e1n en rangos de: los primeros mil 200 kWh a 72 centavos y de mil 200 a 2 mil 500 kWh en 91 centavos.<\/p>\n<p class=\"MsoNormal\">Actualmente se cobra a partir de 2 mil 500 kWh en dos pesos con 21 centavos, situaci\u00f3n que elev\u00f3 hasta en un 500% los montos facturados en cada cuenta, aunado al 7 % que subi\u00f3 el costo de la energ\u00eda por la cuesti\u00f3n de la inflaci\u00f3n en el 2023.<\/p>\n<p class=\"MsoNormal\">Con esta firma de convenio, los sonorenses podr\u00e1n encender los aires acondicionados desde el 1 de abril hasta el 31 de octubre, con el subsidio en el costo.<\/p>\n<p class=\"MsoNormal\">Anteriormente, este subsidio comenzaba desde mayo. Sin embargo, ante las altas temperaturas que comienzan a registrarse desde abril, se busc\u00f3 la gesti\u00f3n de que iniciara desde abril.<\/p>\n<p class=\"MsoNormal\">Con informaci\u00f3n de Gabriel Ben\u00edtez.<\/p>\n","protected":false},"excerpt":{"rendered":"<p>El gobernador Alfonso Durazo anunci\u00f3 que se firm\u00f3 el convenio con CFE para ampliar el plazo del subsidio a la tarifa de energ\u00eda el\u00e9ctrica en Sonora.<\/p>\n","protected":false},"author":1,"featured_media":1713,"comment_status":"open","ping_status":"open","sticky":false,"template":"","format":"standard","meta":{"footnotes":""},"categories":[29],"tags":[],"class_list":["post-1712","post","type-post","status-publish","format-standard","has-post-thumbnail","hentry","category-principalsecundaria"],"_links":{"self":[{"href":"https:\/\/elreporterodelacomunidad.com\/index.php\/wp-json\/wp\/v2\/posts\/1712","targetHints":{"allow":["GET"]}}],"collection":[{"href":"https:\/\/elreporterodelacomunidad.com\/index.php\/wp-json\/wp\/v2\/posts"}],"about":[{"href":"https:\/\/elreporterodelacomunidad.com\/index.php\/wp-json\/wp\/v2\/types\/post"}],"author":[{"embeddable":true,"href":"https:\/\/elreporterodelacomunidad.com\/index.php\/wp-json\/wp\/v2\/users\/1"}],"replies":[{"embeddable":true,"href":"https:\/\/elreporterodelacomunidad.com\/index.php\/wp-json\/wp\/v2\/comments?post=1712"}],"version-history":[{"count":1,"href":"https:\/\/elreporterodelacomunidad.com\/index.php\/wp-json\/wp\/v2\/posts\/1712\/revisions"}],"predecessor-version":[{"id":1714,"href":"https:\/\/elreporterodelacomunidad.com\/index.php\/wp-json\/wp\/v2\/posts\/1712\/revisions\/1714"}],"wp:featuredmedia":[{"embeddable":true,"href":"https:\/\/elreporterodelacomunidad.com\/index.php\/wp-json\/wp\/v2\/media\/1713"}],"wp:attachment":[{"href":"https:\/\/elreporterodelacomunidad.com\/index.php\/wp-json\/wp\/v2\/media?parent=1712"}],"wp:term":[{"taxonomy":"category","embeddable":true,"href":"https:\/\/elreporterodelacomunidad.com\/index.php\/wp-json\/wp\/v2\/categories?post=1712"},{"taxonomy":"post_tag","embeddable":true,"href":"https:\/\/elreporterodelacomunidad.com\/index.php\/wp-json\/wp\/v2\/tags?post=1712"}],"curies":[{"name":"wp","href":"https:\/\/api.w.org\/{rel}","templated":true}]}}