{"id":1700,"date":"2024-03-22T00:00:00","date_gmt":"2024-03-22T07:00:00","guid":{"rendered":"https:\/\/elreporterodelacomunidad.com\/index.php\/2024\/03\/22\/cae-implicado-en-secuestro-en-san-luis-rio-colorado\/"},"modified":"2024-03-22T00:00:00","modified_gmt":"2024-03-22T07:00:00","slug":"cae-implicado-en-secuestro-en-san-luis-rio-colorado","status":"publish","type":"post","link":"https:\/\/elreporterodelacomunidad.com\/index.php\/2024\/03\/22\/cae-implicado-en-secuestro-en-san-luis-rio-colorado\/","title":{"rendered":"<b style=\"color: rgb(36, 36, 36); font-family: &quot;Segoe UI&quot;, &quot;Segoe UI Web (West European)&quot;, &quot;Segoe UI&quot;, -apple-system, BlinkMacSystemFont, Roboto, &quot;Helvetica Neue&quot;, sans-serif; font-size: 15px; text-align: center;\">Cae implicado en secuestro en San Luis R\u00edo Colorado<\/b>"},"content":{"rendered":"<p align=\"center\" style=\"text-align: left; color: rgb(36, 36, 36); font-family: &quot;Segoe UI&quot;, &quot;Segoe UI Web (West European)&quot;, &quot;Segoe UI&quot;, -apple-system, BlinkMacSystemFont, Roboto, &quot;Helvetica Neue&quot;, sans-serif; font-size: 15px; background-color: rgb(255, 255, 255);\">Elementos de la Agencia Ministerial de Investigaci\u00f3n Criminal (AMIC) capturaron a Roberto \u201cN\u201d, mediante una orden de aprehensi\u00f3n, debido a su posible participaci\u00f3n en el secuestro de David \u201cN\u201d, registrado el pasado 16 de marzo de 2024 en San Luis R\u00edo Colorado, Sonora.<\/p>\n<p style=\"color: rgb(36, 36, 36); font-family: &quot;Segoe UI&quot;, &quot;Segoe UI Web (West European)&quot;, &quot;Segoe UI&quot;, -apple-system, BlinkMacSystemFont, Roboto, &quot;Helvetica Neue&quot;, sans-serif; font-size: 15px; background-color: rgb(255, 255, 255);\">Las indagatorias realizadas por el personal de la Subdelegaci\u00f3n para la Investigaci\u00f3n de Homicidios, Feminicidios, Personas Desaparecidas o no Localizadas y Delitos de Relevancia dieron como resultado la obtenci\u00f3n de s\u00f3lidos datos de prueba para establecer la presunta responsabilidad del sujeto.<\/p>\n<p style=\"color: rgb(36, 36, 36); font-family: &quot;Segoe UI&quot;, &quot;Segoe UI Web (West European)&quot;, &quot;Segoe UI&quot;, -apple-system, BlinkMacSystemFont, Roboto, &quot;Helvetica Neue&quot;, sans-serif; font-size: 15px; background-color: rgb(255, 255, 255);\">Dentro de la carpeta de investigaci\u00f3n por el delito de secuestro agravado, el detenido figura como la persona que, en compa\u00f1\u00eda de varios individuos, lleg\u00f3 a un domicilio ubicado en la avenida Zaragoza entre 36 y 37, con violencia sometieron a la v\u00edctima para luego subirla a un veh\u00edculo y llevarla a un inmueble en la colonia La Grullita.<\/p>\n<p style=\"color: rgb(36, 36, 36); font-family: &quot;Segoe UI&quot;, &quot;Segoe UI Web (West European)&quot;, &quot;Segoe UI&quot;, -apple-system, BlinkMacSystemFont, Roboto, &quot;Helvetica Neue&quot;, sans-serif; font-size: 15px; background-color: rgb(255, 255, 255);\">David \u201cN\u201d permaneci\u00f3 contra su voluntad en el lugar, donde era golpeado e interrogado por sus captores, hasta que el 18 de marzo aprovech\u00f3 un descuido de los sujetos para escapar corriendo y ponerse a salvo.<\/p>\n<p style=\"color: rgb(36, 36, 36); font-family: &quot;Segoe UI&quot;, &quot;Segoe UI Web (West European)&quot;, &quot;Segoe UI&quot;, -apple-system, BlinkMacSystemFont, Roboto, &quot;Helvetica Neue&quot;, sans-serif; font-size: 15px; background-color: rgb(255, 255, 255);\">Para el 20 de marzo, el agente del Ministerio P\u00fablico solicit\u00f3 y obtuvo la orden de aprehensi\u00f3n contra Roberto \u201cN\u201d, la cual se cumpliment\u00f3 el mismo d\u00eda a las 22:10 horas. Por lo tanto, ser\u00eda presentado ante el Juez en la audiencia que determinar\u00e1 su situaci\u00f3n legal.<\/p>\n<p style=\"color: rgb(36, 36, 36); font-family: &quot;Segoe UI&quot;, &quot;Segoe UI Web (West European)&quot;, &quot;Segoe UI&quot;, -apple-system, BlinkMacSystemFont, Roboto, &quot;Helvetica Neue&quot;, sans-serif; font-size: 15px; background-color: rgb(255, 255, 255);\">La Fiscal\u00eda General de Justicia del Estado de Sonora (FGJES) contin\u00faa con las investigaciones del caso para garantizar el derecho de acceso a la justicia de la v\u00edctima y su familia, para as\u00ed llevar al imputado ante los tribunales en busca de una sanci\u00f3n ejemplar<\/p>\n","protected":false},"excerpt":{"rendered":"<p>Elementos de la Agencia Ministerial de Investigaci\u00f3n Criminal (AMIC) capturaron a Roberto \u201cN\u201d, mediante una orden de aprehensi\u00f3n, debido a su posible participaci\u00f3n en el secuestro de David \u201cN\u201d, registrado el pasado 16 de marzo de 2024 en San Luis R\u00edo Colorado, Sonora. Las indagatorias realizadas por el personal de la Subdelegaci\u00f3n para la Investigaci\u00f3n [&hellip;]<\/p>\n","protected":false},"author":1,"featured_media":1701,"comment_status":"open","ping_status":"open","sticky":false,"template":"","format":"standard","meta":{"footnotes":""},"categories":[32],"tags":[],"class_list":["post-1700","post","type-post","status-publish","format-standard","has-post-thumbnail","hentry","category-policiaca"],"_links":{"self":[{"href":"https:\/\/elreporterodelacomunidad.com\/index.php\/wp-json\/wp\/v2\/posts\/1700","targetHints":{"allow":["GET"]}}],"collection":[{"href":"https:\/\/elreporterodelacomunidad.com\/index.php\/wp-json\/wp\/v2\/posts"}],"about":[{"href":"https:\/\/elreporterodelacomunidad.com\/index.php\/wp-json\/wp\/v2\/types\/post"}],"author":[{"embeddable":true,"href":"https:\/\/elreporterodelacomunidad.com\/index.php\/wp-json\/wp\/v2\/users\/1"}],"replies":[{"embeddable":true,"href":"https:\/\/elreporterodelacomunidad.com\/index.php\/wp-json\/wp\/v2\/comments?post=1700"}],"version-history":[{"count":0,"href":"https:\/\/elreporterodelacomunidad.com\/index.php\/wp-json\/wp\/v2\/posts\/1700\/revisions"}],"wp:featuredmedia":[{"embeddable":true,"href":"https:\/\/elreporterodelacomunidad.com\/index.php\/wp-json\/wp\/v2\/media\/1701"}],"wp:attachment":[{"href":"https:\/\/elreporterodelacomunidad.com\/index.php\/wp-json\/wp\/v2\/media?parent=1700"}],"wp:term":[{"taxonomy":"category","embeddable":true,"href":"https:\/\/elreporterodelacomunidad.com\/index.php\/wp-json\/wp\/v2\/categories?post=1700"},{"taxonomy":"post_tag","embeddable":true,"href":"https:\/\/elreporterodelacomunidad.com\/index.php\/wp-json\/wp\/v2\/tags?post=1700"}],"curies":[{"name":"wp","href":"https:\/\/api.w.org\/{rel}","templated":true}]}}