{"id":16906,"date":"2025-03-30T21:07:19","date_gmt":"2025-03-31T04:07:19","guid":{"rendered":"https:\/\/elreporterodelacomunidad.com\/?p=16906"},"modified":"2025-03-30T21:07:27","modified_gmt":"2025-03-31T04:07:27","slug":"columna-nada-personal-la-burocracia-del-imss-y-el-sufrimiento-de-las-familias-sonorenses-el-protagonismo-politico-de-don-antonio-perez-y-el-futuro-de-checo-perez-en-la-formula-1","status":"publish","type":"post","link":"https:\/\/elreporterodelacomunidad.com\/index.php\/2025\/03\/30\/columna-nada-personal-la-burocracia-del-imss-y-el-sufrimiento-de-las-familias-sonorenses-el-protagonismo-politico-de-don-antonio-perez-y-el-futuro-de-checo-perez-en-la-formula-1\/","title":{"rendered":"Columna Nada Personal: La Burocracia del IMSS y el sufrimiento de las familias sonorenses. El protagonismo pol\u00edtico de Don Antonio P\u00e9rez y el futuro de Checo P\u00e9rez en la F\u00f3rmula 1."},"content":{"rendered":"\n<p><\/p>\n\n\n\n<p>Al Pueblo Pan y Circo. Este fin de semana estuvo la presidenta de M\u00e9xico, Claudia Sheinbaum Pardo en Sonora en una gira m\u00e1s por la entidad\u2026. Perooo\u2026..<\/p>\n\n\n\n<p>Hermosillo, Sonora a 31 de marzo de 2025.- Es inaceptable que en pleno siglo XXI, el proceso de gesti\u00f3n de pensiones del Instituto Mexicano del Seguro Social (IMSS) se haya convertido en un laberinto burocr\u00e1tico que castiga a las familias en duelo.<\/p>\n\n\n\n<p>En Sonora, y en todo M\u00e9xico, los tr\u00e1mites para acceder a pensiones por fallecimiento pueden extenderse hasta 10 meses, un tiempo que es una burla para quienes ya est\u00e1n lidiando con la p\u00e9rdida de un ser querido. Esta situaci\u00f3n no solo es ineficiente, sino que revela una alarmante falta de humanidad y sensibilidad por parte de los funcionarios encargados de estos procesos.<\/p>\n\n\n\n<p><br>La actual delegada del IMSS en Sonora, la Dra. Ang\u00e9lica Mariel Mart\u00ednez L\u00f3pez, debe asumir la responsabilidad de su cargo y dejar de mirar hacia otro lado. Su gesti\u00f3n ha sido marcada por la inacci\u00f3n y la indiferencia ante el sufrimiento de las familias sonorenses.<\/p>\n\n\n\n<p>\u00bfC\u00f3mo es posible que en un momento tan cr\u00edtico, donde la econom\u00eda familiar se tambalea, no se tomen medidas urgentes para agilizar estos tr\u00e1mites? La burocracia del IMSS es la peor evaluada y, sin duda, una de las m\u00e1s insensibles del gobierno federal. Esta realidad es un reflejo de un sistema que ha perdido su rumbo y que parece haber olvidado su misi\u00f3n principal: servir a la ciudadan\u00eda.<\/p>\n\n\n\n<p>Es vergonzoso que, al ser cuestionados sobre los retrasos, los funcionarios se limiten a echarse la culpa unos a otros, como si eso pudiera justificar la agon\u00eda que viven las familias afectadas. La famosa frase \u201cSi no pueden, renuncien\u201d nunca ha sido tan pertinente. Si los funcionarios no son capaces de cumplir con su deber de manera eficiente y compasiva, es hora de que se hagan a un lado y dejen el camino libre a quienes realmente se preocupan por el bienestar de la gente.<\/p>\n\n\n\n<p><br>Las familias sonorenses no solo enfrentan el dolor de la p\u00e9rdida, sino que tambi\u00e9n deben lidiar con la angustia de no tener dinero para comer. La falta de sensibilidad en la gesti\u00f3n de estos tr\u00e1mites es una ofensa a la dignidad humana. La burocracia no puede ser una excusa para perpetuar el sufrimiento de quienes ya est\u00e1n en una situaci\u00f3n vulnerable. Es fundamental que se implementen reformas que prioricen la atenci\u00f3n humana y la eficiencia en la administraci\u00f3n del IMSS.<\/p>\n\n\n\n<p>Es hora de exigir un cambio radical en la forma en que se manejan estos procesos. Las familias no pueden seguir siendo v\u00edctimas de un sistema que parece haber olvidado su prop\u00f3sito fundamental. La vida de las personas no puede esperar, y el dolor de la p\u00e9rdida no debe ser agravado por la ineficiencia de quienes tienen la responsabilidad de servir. La indignaci\u00f3n debe transformarse en acci\u00f3n, y es momento de que los ciudadanos exijan a sus representantes que act\u00faen con la urgencia y la sensibilidad que esta situaci\u00f3n demanda. \u00a1Basta de burocracia insensible! \u00a1Es hora de un cambio real!<\/p>\n\n\n\n<p class=\"has-text-align-center\"><img loading=\"lazy\" decoding=\"async\" width=\"500\" height=\"282\" class=\"wp-image-16908\" style=\"width: 500px;\" src=\"https:\/\/elreporterodelacomunidad.com\/wp-content\/uploads\/2025\/03\/RKSPKMGX3JGJLI7GBBNQHLYCAM.jpg\" alt=\"\" srcset=\"https:\/\/elreporterodelacomunidad.com\/wp-content\/uploads\/2025\/03\/RKSPKMGX3JGJLI7GBBNQHLYCAM.jpg 1776w, https:\/\/elreporterodelacomunidad.com\/wp-content\/uploads\/2025\/03\/RKSPKMGX3JGJLI7GBBNQHLYCAM-300x169.jpg 300w, https:\/\/elreporterodelacomunidad.com\/wp-content\/uploads\/2025\/03\/RKSPKMGX3JGJLI7GBBNQHLYCAM-1024x577.jpg 1024w, https:\/\/elreporterodelacomunidad.com\/wp-content\/uploads\/2025\/03\/RKSPKMGX3JGJLI7GBBNQHLYCAM-768x432.jpg 768w, https:\/\/elreporterodelacomunidad.com\/wp-content\/uploads\/2025\/03\/RKSPKMGX3JGJLI7GBBNQHLYCAM-1536x865.jpg 1536w, https:\/\/elreporterodelacomunidad.com\/wp-content\/uploads\/2025\/03\/RKSPKMGX3JGJLI7GBBNQHLYCAM-750x422.jpg 750w, https:\/\/elreporterodelacomunidad.com\/wp-content\/uploads\/2025\/03\/RKSPKMGX3JGJLI7GBBNQHLYCAM-1140x642.jpg 1140w\" sizes=\"auto, (max-width: 500px) 100vw, 500px\" \/><\/p>\n\n\n\n<p><strong>El protagonismo pol\u00edtico de Don Antonio P\u00e9rez y el futuro de Checo P\u00e9rez en la F\u00f3rmula 1.<\/strong><\/p>\n\n\n\n<p>El nombre de Sergio &#8220;Checo&#8221; P\u00e9rez es un referente para el automovilismo mexicano. Su presencia en la F\u00f3rmula 1 ha sido motivo de orgullo para millones de mexicanos que siguen con pasi\u00f3n cada una de sus carreras.<\/p>\n\n\n\n<p>Sin embargo, en los \u00faltimos meses, ha sido su padre, Don Antonio P\u00e9rez, quien ha acaparado m\u00e1s t\u00edtulos que su propio hijo. La incesante necesidad de protagonismo del ex diputado de Morena por Jalisco ha generado m\u00e1s dudas sobre el futuro de Checo que certezas sobre su carrera.<\/p>\n\n\n\n<p>Don Antonio, como buen pol\u00edtico mexicano, no pierde la oportunidad de hacer declaraciones que prometen mucho, pero que rara vez se cumplen. Primero, en una muestra de optimismo quiz\u00e1s poco realista, asegur\u00f3 que su hijo no dejar\u00eda Red Bull, pues hab\u00eda un contrato firmado. No obstante, al concluir la temporada pasada, la sorpresiva salida de Checo del equipo fue un golpe a la credibilidad de las afirmaciones de Don Antonio, que se vio obligado a ajustar su discurso.<\/p>\n\n\n\n<p>Pero esto no ha sido todo. En diversas entrevistas recientes, Don Antonio ha comenzado a sentenciar que &#8220;la carrera de Checo P\u00e9rez ha terminado&#8221;, y que su hijo no tiene m\u00e1s intenciones de seguir en el mundo de los monoplazas. Si bien puede interpretarse como una forma de proteger a su hijo de los constantes rumores y presiones, lo cierto es que este tipo de declaraciones no solo confunden a los seguidores, sino que tambi\u00e9n alimentan un ambiente de incertidumbre que no ayuda en nada a la figura del piloto.<\/p>\n\n\n\n<p>Lo preocupante de estas afirmaciones no es solo la contradicci\u00f3n de las mismas, sino la forma en que Don Antonio se ha convertido en un actor central del espect\u00e1culo medi\u00e1tico, eclipsando a su hijo en un deporte donde el protagonismo debe estar en la pista, no en los reflectores. Mientras Checo P\u00e9rez, con humildad y profesionalismo, se mantiene concentrado en su futuro, su padre sigue siendo la voz ruidosa que genera controversia y divisi\u00f3n.<\/p>\n\n\n\n<p>\u00bfSe volver\u00e1 a equivocar Don Antonio y podremos ver a Checo P\u00e9rez en Cadillac el pr\u00f3ximo a\u00f1o? Es una posibilidad, pero una que no debe depender de las afirmaciones o predicciones de un hombre que parece m\u00e1s interesado en alimentar su ego pol\u00edtico que en garantizar el bienestar y el futuro de su hijo. La f\u00f3rmula del \u00e9xito en el automovilismo no se construye sobre promesas vac\u00edas ni sobre declaraciones espectaculares, sino sobre trabajo, dedicaci\u00f3n y, sobre todo, la autonom\u00eda del piloto para tomar sus propias decisiones.<\/p>\n\n\n\n<p>Checo P\u00e9rez ha demostrado a lo largo de su carrera que sabe lo que quiere y lo que necesita para seguir creciendo. Es momento de que su padre deje de ocupar los titulares y permita que el verdadero protagonista del show, Checo, sea el que se lleve toda la atenci\u00f3n.<\/p>\n\n\n\n<p>Por hoy es todo, s\u00edgueme en:<\/p>\n\n\n\n<p>www.elreporterodelacomunidad.com<\/p>\n\n\n\n<p>Twitter: @elreporteroson y @NPDeportes1<\/p>\n\n\n\n<p>Facebook: El Reportero de la Comunidad y Columna Nada Personal<\/p>\n\n\n\n<p>IG: elreporterodelcomunidad<\/p>\n\n\n\n<p>Tiktok: elreporterodelacomunidad<\/p>\n\n\n\n<p>Whatsapp: 6622217136<\/p>\n","protected":false},"excerpt":{"rendered":"<p>Al Pueblo Pan y Circo. Este fin de semana estuvo la presidenta de M\u00e9xico, Claudia Sheinbaum Pardo en Sonora en una gira m\u00e1s por la entidad\u2026. Perooo\u2026.. Hermosillo, Sonora a 31 de marzo de 2025.- Es inaceptable que en pleno siglo XXI, el proceso de gesti\u00f3n de pensiones del Instituto Mexicano del Seguro Social (IMSS) [&hellip;]<\/p>\n","protected":false},"author":4,"featured_media":16907,"comment_status":"open","ping_status":"open","sticky":false,"template":"","format":"standard","meta":{"footnotes":""},"categories":[57,47,33,53,51,34,50,48,54,26,29,38,27,45],"tags":[],"class_list":["post-16906","post","type-post","status-publish","format-standard","has-post-thumbnail","hentry","category-carlos-alberto-gutierrez-celaya","category-columnas","category-deportes","category-editorial","category-elreporterodelacomunidad","category-general","category-nadapersonal","category-noticiasdestacadas","category-picandocresta","category-principal","category-principalsecundaria","category-salud","category-ultimahora","category-ultimasnoticias"],"_links":{"self":[{"href":"https:\/\/elreporterodelacomunidad.com\/index.php\/wp-json\/wp\/v2\/posts\/16906","targetHints":{"allow":["GET"]}}],"collection":[{"href":"https:\/\/elreporterodelacomunidad.com\/index.php\/wp-json\/wp\/v2\/posts"}],"about":[{"href":"https:\/\/elreporterodelacomunidad.com\/index.php\/wp-json\/wp\/v2\/types\/post"}],"author":[{"embeddable":true,"href":"https:\/\/elreporterodelacomunidad.com\/index.php\/wp-json\/wp\/v2\/users\/4"}],"replies":[{"embeddable":true,"href":"https:\/\/elreporterodelacomunidad.com\/index.php\/wp-json\/wp\/v2\/comments?post=16906"}],"version-history":[{"count":1,"href":"https:\/\/elreporterodelacomunidad.com\/index.php\/wp-json\/wp\/v2\/posts\/16906\/revisions"}],"predecessor-version":[{"id":16909,"href":"https:\/\/elreporterodelacomunidad.com\/index.php\/wp-json\/wp\/v2\/posts\/16906\/revisions\/16909"}],"wp:featuredmedia":[{"embeddable":true,"href":"https:\/\/elreporterodelacomunidad.com\/index.php\/wp-json\/wp\/v2\/media\/16907"}],"wp:attachment":[{"href":"https:\/\/elreporterodelacomunidad.com\/index.php\/wp-json\/wp\/v2\/media?parent=16906"}],"wp:term":[{"taxonomy":"category","embeddable":true,"href":"https:\/\/elreporterodelacomunidad.com\/index.php\/wp-json\/wp\/v2\/categories?post=16906"},{"taxonomy":"post_tag","embeddable":true,"href":"https:\/\/elreporterodelacomunidad.com\/index.php\/wp-json\/wp\/v2\/tags?post=16906"}],"curies":[{"name":"wp","href":"https:\/\/api.w.org\/{rel}","templated":true}]}}