{"id":1683,"date":"2024-03-24T00:00:00","date_gmt":"2024-03-24T07:00:00","guid":{"rendered":"https:\/\/elreporterodelacomunidad.com\/index.php\/2024\/03\/24\/sofocan-incendio-en-casa-de-empeno-de-la-colonia-sahuaro\/"},"modified":"2024-03-24T00:00:00","modified_gmt":"2024-03-24T07:00:00","slug":"sofocan-incendio-en-casa-de-empeno-de-la-colonia-sahuaro","status":"publish","type":"post","link":"https:\/\/elreporterodelacomunidad.com\/index.php\/2024\/03\/24\/sofocan-incendio-en-casa-de-empeno-de-la-colonia-sahuaro\/","title":{"rendered":"Sofocan incendio en casa de empe\u00f1o de la colonia Sahuaro&nbsp;"},"content":{"rendered":"<p class=\"MsoNormal\">Un incendio ocurrido este domingo en una casa de empe\u00f1o dej\u00f3 como saldo solo da\u00f1os materiales luego de ser atendido por los Bomberos de Hermosillo; el hecho se present\u00f3 en la colonia Sahuaro.<\/p>\n<p class=\"MsoNormal\">\n<p class=\"MsoNormal\">Fue cerca de las 9:50 de la ma\u00f1ana cuando un empleado del negocio en cuesti\u00f3n se percat\u00f3 de la presencia de humo en las instalaciones, de modo que realiz\u00f3 un llamado a la l\u00ednea de emergencias para solicitar apoyo.<\/p>\n<p class=\"MsoNormal\">Al lugar, ubicado en el cruce de la avenida De los Yaquis y la calle Carlos Balderrama, acudieron agentes de la Polic\u00eda Municipal de Hermosillo como primeros respondientes, seguidos de oficiales del Departamento de Bomberos de la ciudad.<\/p>\n<p class=\"MsoNormal\">Origen del incendio<\/p>\n<p class=\"MsoNormal\">Estos \u00faltimos, luego de contener el fuego y evaluar la situaci\u00f3n, determinaron que el incidente se origin\u00f3 en el mostrador del establecimiento, por lo que emitieron las recomendaciones correspondientes y se retiraron del lugar. No fue necesaria la presencia de param\u00e9dicos.<\/p>\n","protected":false},"excerpt":{"rendered":"<p>Elementos del Departamentos de Bomberos determinaron que el incendio se origin\u00f3 en el mostrador del establecimiento.<\/p>\n","protected":false},"author":1,"featured_media":1684,"comment_status":"open","ping_status":"open","sticky":false,"template":"","format":"standard","meta":{"footnotes":""},"categories":[32],"tags":[],"class_list":["post-1683","post","type-post","status-publish","format-standard","has-post-thumbnail","hentry","category-policiaca"],"_links":{"self":[{"href":"https:\/\/elreporterodelacomunidad.com\/index.php\/wp-json\/wp\/v2\/posts\/1683","targetHints":{"allow":["GET"]}}],"collection":[{"href":"https:\/\/elreporterodelacomunidad.com\/index.php\/wp-json\/wp\/v2\/posts"}],"about":[{"href":"https:\/\/elreporterodelacomunidad.com\/index.php\/wp-json\/wp\/v2\/types\/post"}],"author":[{"embeddable":true,"href":"https:\/\/elreporterodelacomunidad.com\/index.php\/wp-json\/wp\/v2\/users\/1"}],"replies":[{"embeddable":true,"href":"https:\/\/elreporterodelacomunidad.com\/index.php\/wp-json\/wp\/v2\/comments?post=1683"}],"version-history":[{"count":0,"href":"https:\/\/elreporterodelacomunidad.com\/index.php\/wp-json\/wp\/v2\/posts\/1683\/revisions"}],"wp:featuredmedia":[{"embeddable":true,"href":"https:\/\/elreporterodelacomunidad.com\/index.php\/wp-json\/wp\/v2\/media\/1684"}],"wp:attachment":[{"href":"https:\/\/elreporterodelacomunidad.com\/index.php\/wp-json\/wp\/v2\/media?parent=1683"}],"wp:term":[{"taxonomy":"category","embeddable":true,"href":"https:\/\/elreporterodelacomunidad.com\/index.php\/wp-json\/wp\/v2\/categories?post=1683"},{"taxonomy":"post_tag","embeddable":true,"href":"https:\/\/elreporterodelacomunidad.com\/index.php\/wp-json\/wp\/v2\/tags?post=1683"}],"curies":[{"name":"wp","href":"https:\/\/api.w.org\/{rel}","templated":true}]}}