{"id":16382,"date":"2025-03-12T17:52:41","date_gmt":"2025-03-13T00:52:41","guid":{"rendered":"https:\/\/elreporterodelacomunidad.com\/?p=16382"},"modified":"2025-03-12T17:52:44","modified_gmt":"2025-03-13T00:52:44","slug":"anuncia-sec-sonora-modificacion-de-horario-de-clases-por-bajas-temperaturas","status":"publish","type":"post","link":"https:\/\/elreporterodelacomunidad.com\/index.php\/2025\/03\/12\/anuncia-sec-sonora-modificacion-de-horario-de-clases-por-bajas-temperaturas\/","title":{"rendered":"Anuncia SEC Sonora modificaci\u00f3n de horario de clases por bajas temperaturas."},"content":{"rendered":"\n<p>La medida aplicar\u00e1 en 29 municipios de la entidad.<\/p>\n\n\n\n<p>Hermosillo, Sonora a 12 de marzo de 2025.- Para proteger la salud de la comunidad escolar, el 13 y 14 de marzo se modificar\u00e1 el horario de clases en 29 municipios de la entidad, ante los pron\u00f3sticos de bajas temperaturas, anunci\u00f3 Froyl\u00e1n G\u00e1mez Gamboa.<\/p>\n\n\n\n<p>El titular de la Secretar\u00eda de Educaci\u00f3n y Cultura (SEC) precis\u00f3 que con base a las recomendaciones de la Coordinaci\u00f3n Estatal de Protecci\u00f3n Civil (CEPC), la entrada a clases ser\u00e1 una hora despu\u00e9s, en el turno matutino, en escuelas p\u00fablicas y particulares de nivel b\u00e1sico.<\/p>\n\n\n\n<p>Especific\u00f3 que los municipios donde se aplicar\u00e1 dicha medida preventiva para proteger la salud de la comunidad escolar son: Altar, \u00c1til, Caborca, Oquitoa, Pitiquito, Puerto Pe\u00f1asco, San Luis R\u00edo Colorado, General Plutarco El\u00edas Calles, Trincheras, Arizpe, Bacoachi y Cananea.<\/p>\n\n\n\n<p>Asimismo, en Cucurpe, \u00cdmuris, Magdalena, Naco, Nogales, Santa Cruz, S\u00e1ric, Tubutama, Agua Prieta, Bacad\u00e9huachi, Bacerac, Bavispe, Fronteras, Huachinera, N\u00e1cori Chico, Nacozari de Garc\u00eda y Villa Hidalgo.<\/p>\n\n\n\n<p>G\u00e1mez Gamboa abund\u00f3 que, seg\u00fan datos proporcionados por la CEPC, la llegada de un frente fr\u00edo podr\u00eda generar ca\u00edda de aguanieve, descenso de temperaturas y probabilidad de lluvias en el noreste, norte y noroeste de la entidad.<\/p>\n\n\n\n<p>El funcionario estatal exhort\u00f3 a la sociedad en general a permanecer atenta a cualquier aviso que emitan las autoridades correspondientes a trav\u00e9s de los medios oficiales de informaci\u00f3n. En el resto de la entidad las clases se llevar\u00e1n a cabo en el horario regular.<\/p>\n","protected":false},"excerpt":{"rendered":"<p>La medida aplicar\u00e1 en 29 municipios de la entidad. Hermosillo, Sonora a 12 de marzo de 2025.- Para proteger la salud de la comunidad escolar, el 13 y 14 de marzo se modificar\u00e1 el horario de clases en 29 municipios de la entidad, ante los pron\u00f3sticos de bajas temperaturas, anunci\u00f3 Froyl\u00e1n G\u00e1mez Gamboa. El titular [&hellip;]<\/p>\n","protected":false},"author":4,"featured_media":16383,"comment_status":"open","ping_status":"open","sticky":false,"template":"","format":"standard","meta":{"footnotes":""},"categories":[36],"tags":[],"class_list":["post-16382","post","type-post","status-publish","format-standard","has-post-thumbnail","hentry","category-educacion"],"_links":{"self":[{"href":"https:\/\/elreporterodelacomunidad.com\/index.php\/wp-json\/wp\/v2\/posts\/16382","targetHints":{"allow":["GET"]}}],"collection":[{"href":"https:\/\/elreporterodelacomunidad.com\/index.php\/wp-json\/wp\/v2\/posts"}],"about":[{"href":"https:\/\/elreporterodelacomunidad.com\/index.php\/wp-json\/wp\/v2\/types\/post"}],"author":[{"embeddable":true,"href":"https:\/\/elreporterodelacomunidad.com\/index.php\/wp-json\/wp\/v2\/users\/4"}],"replies":[{"embeddable":true,"href":"https:\/\/elreporterodelacomunidad.com\/index.php\/wp-json\/wp\/v2\/comments?post=16382"}],"version-history":[{"count":1,"href":"https:\/\/elreporterodelacomunidad.com\/index.php\/wp-json\/wp\/v2\/posts\/16382\/revisions"}],"predecessor-version":[{"id":16384,"href":"https:\/\/elreporterodelacomunidad.com\/index.php\/wp-json\/wp\/v2\/posts\/16382\/revisions\/16384"}],"wp:featuredmedia":[{"embeddable":true,"href":"https:\/\/elreporterodelacomunidad.com\/index.php\/wp-json\/wp\/v2\/media\/16383"}],"wp:attachment":[{"href":"https:\/\/elreporterodelacomunidad.com\/index.php\/wp-json\/wp\/v2\/media?parent=16382"}],"wp:term":[{"taxonomy":"category","embeddable":true,"href":"https:\/\/elreporterodelacomunidad.com\/index.php\/wp-json\/wp\/v2\/categories?post=16382"},{"taxonomy":"post_tag","embeddable":true,"href":"https:\/\/elreporterodelacomunidad.com\/index.php\/wp-json\/wp\/v2\/tags?post=16382"}],"curies":[{"name":"wp","href":"https:\/\/api.w.org\/{rel}","templated":true}]}}