{"id":16126,"date":"2025-03-05T13:15:38","date_gmt":"2025-03-05T20:15:38","guid":{"rendered":"https:\/\/elreporterodelacomunidad.com\/?p=16126"},"modified":"2025-03-05T13:15:42","modified_gmt":"2025-03-05T20:15:42","slug":"columna-nada-personal-la-austeridad-republicana-que-se-fue-por-el-retrete-y-el-balon-de-la-esperanza-de-oscar-ortiz-de-pt","status":"publish","type":"post","link":"https:\/\/elreporterodelacomunidad.com\/index.php\/2025\/03\/05\/columna-nada-personal-la-austeridad-republicana-que-se-fue-por-el-retrete-y-el-balon-de-la-esperanza-de-oscar-ortiz-de-pt\/","title":{"rendered":"Columna: Nada Personal: La austeridad republicana que se fue por el retrete y el &#8220;bal\u00f3n de la esperanza&#8221; de Oscar Ortiz de PT."},"content":{"rendered":"\n<p><strong>La austeridad republicana que se fue por el retrete.<\/strong><\/p>\n\n\n\n<p>Hermosillo, Sonora a 05 de marzo de 12025.- Los pol\u00edticos de ahora no entienden que no entienden. Su tan mencionada &#8220;austeridad republicana&#8221; es solo una fachada que se desploma con cada publicaci\u00f3n en redes sociales. Ahora, m\u00e1s que servidores p\u00fablicos, se creen influencers.<\/p>\n\n\n\n<p>La nueva clase pol\u00edtica no ha comprendido que el discurso debe coincidir con la vida diaria. No basta con hablar de principios mientras se vive con doble moral. Los excesos que critican en el pasado son los mismos que practican en el presente, con la diferencia de que ahora los presumen sin pudor alguno en redes sociales.<\/p>\n\n\n\n<p>Es com\u00fan verlos en m\u00edtines y conferencias atacando los lujos de sus antecesores, denunciando corrupci\u00f3n y jurando lealtad a los m\u00e1s necesitados. Sin embargo, fuera de los reflectores oficiales, sus acciones los delatan. Viajes ostentosos, cenas en restaurantes, compras y romances exhibidos con orgullo en internet. Todo esto mientras millones de ciudadanos luchan cada d\u00eda para llevar comida a la mesa, sin m\u00e1s recompensa que una torta y un jugo recibidos el d\u00eda de la elecci\u00f3n.<\/p>\n\n\n\n<p>Lo m\u00e1s preocupante no es la incongruencia, sino la falta de verg\u00fcenza. \u00bfNo se dan cuenta de que su vida de excesos es vista por los mismos votantes que confiaron en su discurso de cambio? \u00bfNo comprenden que cada foto de opulencia es una bofetada para aquellos a quienes prometieron justicia y equidad? La pol\u00edtica no es una pasarela ni un reality show, aunque para muchos parece serlo.<\/p>\n\n\n\n<p>Si los pol\u00edticos realmente quieren diferenciarse de sus predecesores, deben comenzar por ser coherentes. La austeridad no se predica, se practica. Y si no est\u00e1n dispuestos a vivir conforme a sus propios principios, al menos deber\u00edan tener la prudencia de no restreg\u00e1rselo en la cara a quienes, con su voto, les dieron el poder que hoy disfrutan.<\/p>\n\n\n\n<p><strong>El bal\u00f3n de la esperanza<\/strong><\/p>\n\n\n\n<p>No cabe duda de que la generosidad no tiene l\u00edmites, y para muestra, el diputado del Partido del Trabajo y CTM, Oscar Ortiz, quien, con un gesto digno de un pr\u00f3cer de la patria, viaj\u00f3 hasta San Pedro de la Cueva para entregar&#8230; \u00a1un bal\u00f3n de f\u00fatbol! S\u00ed, un solo bal\u00f3n, porque todo en exceso es malo, incluso la ayuda.<\/p>\n\n\n\n<p>El evento, que seguramente quedar\u00e1 grabado en la historia de la comunidad, se llev\u00f3 a cabo en la Escuela Primaria F\u00e9lix Romero. Ah\u00ed, entre discursos y aplausos, los ni\u00f1os y ni\u00f1as esperaban ansiosos el &#8220;material deportivo&#8221; prometido. Pero la sorpresa fue mayor cuando vieron que dicho material se reduc\u00eda a una \u00fanica esf\u00e9rica. La iron\u00eda no se hizo esperar: &#8220;Seguramente se acab\u00f3 el presupuesto en la compra de un bal\u00f3n&#8221;.<\/p>\n\n\n\n<p>El objetivo, seg\u00fan se dijo, era fomentar la pr\u00e1ctica del deporte y dotar a la escuela de mejores recursos. Y aunque algunos malpensados podr\u00edan cuestionar si un bal\u00f3n es suficiente para ello, lo cierto es que hay que aprender a ser agradecidos. No todos los d\u00edas un representante del pueblo deja la comodidad de su curul para tan noble causa.<\/p>\n\n\n\n<p>As\u00ed que, con este acto de magnanimidad, la comunidad de San Pedro de la Cueva puede dormir tranquila. Gracias a la entrega de este bal\u00f3n, el futuro del deporte en la regi\u00f3n est\u00e1 asegurado. Ahora solo falta esperar que el siguiente viaje del diputado incluya una segunda pelota, no vaya a ser que la primera se ponche y se nos acabe la esperanza.<\/p>\n\n\n\n<p><strong>Por hoy es todo, s\u00edgueme en:<\/strong><\/p>\n\n\n\n<p>www.elreporterodelacomunidad.com<\/p>\n\n\n\n<p>Twitter: @elreporteroson y @NPDeportes1<\/p>\n\n\n\n<p>Facebook: El Reportero de la Comunidad y Columna Nada Personal<\/p>\n\n\n\n<p>IG: elreporterodelcomunidad<\/p>\n\n\n\n<p>Tiktok: elreporterodelacomunidad<\/p>\n\n\n\n<p>Whatsapp: 6622217136<\/p>\n","protected":false},"excerpt":{"rendered":"<p>La austeridad republicana que se fue por el retrete. Hermosillo, Sonora a 05 de marzo de 12025.- Los pol\u00edticos de ahora no entienden que no entienden. Su tan mencionada &#8220;austeridad republicana&#8221; es solo una fachada que se desploma con cada publicaci\u00f3n en redes sociales. Ahora, m\u00e1s que servidores p\u00fablicos, se creen influencers. La nueva clase [&hellip;]<\/p>\n","protected":false},"author":4,"featured_media":16127,"comment_status":"open","ping_status":"open","sticky":false,"template":"","format":"standard","meta":{"footnotes":""},"categories":[57,47,33,53,51,34,50,48,54,39,26,29,27,45],"tags":[],"class_list":["post-16126","post","type-post","status-publish","format-standard","has-post-thumbnail","hentry","category-carlos-alberto-gutierrez-celaya","category-columnas","category-deportes","category-editorial","category-elreporterodelacomunidad","category-general","category-nadapersonal","category-noticiasdestacadas","category-picandocresta","category-politica","category-principal","category-principalsecundaria","category-ultimahora","category-ultimasnoticias"],"_links":{"self":[{"href":"https:\/\/elreporterodelacomunidad.com\/index.php\/wp-json\/wp\/v2\/posts\/16126","targetHints":{"allow":["GET"]}}],"collection":[{"href":"https:\/\/elreporterodelacomunidad.com\/index.php\/wp-json\/wp\/v2\/posts"}],"about":[{"href":"https:\/\/elreporterodelacomunidad.com\/index.php\/wp-json\/wp\/v2\/types\/post"}],"author":[{"embeddable":true,"href":"https:\/\/elreporterodelacomunidad.com\/index.php\/wp-json\/wp\/v2\/users\/4"}],"replies":[{"embeddable":true,"href":"https:\/\/elreporterodelacomunidad.com\/index.php\/wp-json\/wp\/v2\/comments?post=16126"}],"version-history":[{"count":1,"href":"https:\/\/elreporterodelacomunidad.com\/index.php\/wp-json\/wp\/v2\/posts\/16126\/revisions"}],"predecessor-version":[{"id":16128,"href":"https:\/\/elreporterodelacomunidad.com\/index.php\/wp-json\/wp\/v2\/posts\/16126\/revisions\/16128"}],"wp:featuredmedia":[{"embeddable":true,"href":"https:\/\/elreporterodelacomunidad.com\/index.php\/wp-json\/wp\/v2\/media\/16127"}],"wp:attachment":[{"href":"https:\/\/elreporterodelacomunidad.com\/index.php\/wp-json\/wp\/v2\/media?parent=16126"}],"wp:term":[{"taxonomy":"category","embeddable":true,"href":"https:\/\/elreporterodelacomunidad.com\/index.php\/wp-json\/wp\/v2\/categories?post=16126"},{"taxonomy":"post_tag","embeddable":true,"href":"https:\/\/elreporterodelacomunidad.com\/index.php\/wp-json\/wp\/v2\/tags?post=16126"}],"curies":[{"name":"wp","href":"https:\/\/api.w.org\/{rel}","templated":true}]}}