{"id":1607,"date":"2024-03-26T00:00:00","date_gmt":"2024-03-26T07:00:00","guid":{"rendered":"https:\/\/elreporterodelacomunidad.com\/index.php\/2024\/03\/26\/accidente-en-el-entronque-a-san-pedro-cobra-la-vida-a-chofer-de-un-trailer\/"},"modified":"2024-03-26T00:00:00","modified_gmt":"2024-03-26T07:00:00","slug":"accidente-en-el-entronque-a-san-pedro-cobra-la-vida-a-chofer-de-un-trailer","status":"publish","type":"post","link":"https:\/\/elreporterodelacomunidad.com\/index.php\/2024\/03\/26\/accidente-en-el-entronque-a-san-pedro-cobra-la-vida-a-chofer-de-un-trailer\/","title":{"rendered":"Accidente en el entronque a San Pedro cobra la vida a chofer de un tr\u00e1iler"},"content":{"rendered":"<p class=\"MsoNormal\">Un hombre que conduc\u00eda un cami\u00f3n de carga perdi\u00f3 la vida luego de que su unidad volcara y se impactara contra un anuncio publicitario, quedando atravesado sobre la carretera. Este hecho ocasion\u00f3 que el tr\u00e1nsito vehicular se viera afectado, en la salida norte de Hermosillo.<\/p>\n<p class=\"MsoNormal\">\n<p class=\"MsoNormal\">El incidente ocurri\u00f3 alrededor de las 5:30 horas de este martes, de acuerdo con los primeros reportes, a la altura del kil\u00f3metro 8, en el Bulevar Enrique Maz\u00f3n L\u00f3pez, a la altura del entronque con la carretera que conduce hasta San Pedro El Saucito, al norte de la capital sonorense.<\/p>\n<p class=\"MsoNormal\">De acuerdo con el reporte, el conductor perdi\u00f3 el control de la unidad mientras circulaba de sur a norte por la entrada de Hermosillo, lo que provoc\u00f3 el volcamiento de la unidad. \u00c9sta transportaba diferentes productos de cer\u00e1mica, mismos que quedaron esparcidos por toda la cinta asf\u00e1ltica, por lo que se acordon\u00f3 el \u00e1rea para realizar las labores de seguridad.<\/p>\n<p class=\"MsoNormal\">Al sitio se trasladaron autoridades de Polic\u00eda Municipal y Tr\u00e1nsito para atender la situaci\u00f3n, as\u00ed como elementos del Departamento de Bomberos de Hermosillo, quienes se encargaron de realizar las maniobras de rescate del conductor, quien qued\u00f3 atrapado en la unidad; sin embargo, no logr\u00f3 superar las heridas y falleci\u00f3 en el lugar.<\/p>\n<p class=\"MsoNormal\">Tambi\u00e9n arrib\u00f3 personal del Servicio M\u00e9dico Forense (Semefo) para encargarse del levantamiento del cuerpo. Hasta el momento, la identidad del hombre es desconocida, por lo que ser\u00e1n las autoridades quienes se encargar\u00e1n de llevar a cabo el proceso de investigaci\u00f3n.<\/p>\n<p class=\"MsoNormal\">Cabe recordar que durante la semana pasada, entre el 18 y 24 de marzo, el Departamento de Tr\u00e1nsito de Hermosillo report\u00f3 un total de 29 accidentes automovil\u00edsticos.<\/p>\n<p class=\"MsoNormal\">Al respecto, C\u00e9sar Quintero P\u00e9rez, vocero del Departamento de Tr\u00e1nsito Municipal, inform\u00f3 que fueron 21 choques entre veh\u00edculos, tres contra objetos fijos, dos atropellamientos y tres volcamientos.<\/p>\n<p class=\"MsoNormal\">Como resultado, nueve personas presentaron lesiones, por lo que exhort\u00f3 a los conductores y peatones, a moderar la velocidad, no combinar el alcohol con el volante, evitar distracciones y a cruzar por puentes peatonales o esquinas.<\/p>\n","protected":false},"excerpt":{"rendered":"<p>Los hechos se registraron alrededor de las 5:30 horas en el Bulevar Enrique Maz\u00f3n L\u00f3pez, en el norte de Hermosillo.<\/p>\n","protected":false},"author":1,"featured_media":1608,"comment_status":"open","ping_status":"open","sticky":false,"template":"","format":"standard","meta":{"footnotes":""},"categories":[32],"tags":[],"class_list":["post-1607","post","type-post","status-publish","format-standard","has-post-thumbnail","hentry","category-policiaca"],"_links":{"self":[{"href":"https:\/\/elreporterodelacomunidad.com\/index.php\/wp-json\/wp\/v2\/posts\/1607","targetHints":{"allow":["GET"]}}],"collection":[{"href":"https:\/\/elreporterodelacomunidad.com\/index.php\/wp-json\/wp\/v2\/posts"}],"about":[{"href":"https:\/\/elreporterodelacomunidad.com\/index.php\/wp-json\/wp\/v2\/types\/post"}],"author":[{"embeddable":true,"href":"https:\/\/elreporterodelacomunidad.com\/index.php\/wp-json\/wp\/v2\/users\/1"}],"replies":[{"embeddable":true,"href":"https:\/\/elreporterodelacomunidad.com\/index.php\/wp-json\/wp\/v2\/comments?post=1607"}],"version-history":[{"count":0,"href":"https:\/\/elreporterodelacomunidad.com\/index.php\/wp-json\/wp\/v2\/posts\/1607\/revisions"}],"wp:featuredmedia":[{"embeddable":true,"href":"https:\/\/elreporterodelacomunidad.com\/index.php\/wp-json\/wp\/v2\/media\/1608"}],"wp:attachment":[{"href":"https:\/\/elreporterodelacomunidad.com\/index.php\/wp-json\/wp\/v2\/media?parent=1607"}],"wp:term":[{"taxonomy":"category","embeddable":true,"href":"https:\/\/elreporterodelacomunidad.com\/index.php\/wp-json\/wp\/v2\/categories?post=1607"},{"taxonomy":"post_tag","embeddable":true,"href":"https:\/\/elreporterodelacomunidad.com\/index.php\/wp-json\/wp\/v2\/tags?post=1607"}],"curies":[{"name":"wp","href":"https:\/\/api.w.org\/{rel}","templated":true}]}}