{"id":1584,"date":"2024-03-27T00:00:00","date_gmt":"2024-03-27T07:00:00","guid":{"rendered":"https:\/\/elreporterodelacomunidad.com\/index.php\/2024\/03\/27\/vuelca-otro-tractocamion-en-la-carretera-hermosillo-nogales\/"},"modified":"2024-03-27T00:00:00","modified_gmt":"2024-03-27T07:00:00","slug":"vuelca-otro-tractocamion-en-la-carretera-hermosillo-nogales","status":"publish","type":"post","link":"https:\/\/elreporterodelacomunidad.com\/index.php\/2024\/03\/27\/vuelca-otro-tractocamion-en-la-carretera-hermosillo-nogales\/","title":{"rendered":"Vuelca otro tractocami\u00f3n en la carretera Hermosillo-Nogales"},"content":{"rendered":"<p class=\"MsoNormal\">Un cami\u00f3n de carga se volc\u00f3 a la altura del kil\u00f3metro 50 de la Carretera M\u00e9xico 15, en el tramo Hermosillo &#8211; Nogales, quedando sobre los carriles de circulaci\u00f3n y afectando el tr\u00e1nsito la ma\u00f1ana de este mi\u00e9rcoles.<\/p>\n<p class=\"MsoNormal\">\n<p class=\"MsoNormal\">El accidente se registr\u00f3 durante las primeras horas del d\u00eda, cuando el cami\u00f3n de carga que transportaba sand\u00edas se volc\u00f3, motivo por el que varios choferes de tr\u00e1iler se detuvieron para intentar ayudar al conductor accidentado.<\/p>\n<p class=\"MsoNormal\">Al sitio se trasladaron cuerpos de rescatistas y emergencia para sacar al operador de la unidad, por lo que autoridades recomendaron tomar precauciones al circular por el \u00e1rea, mientras que el siniestro era atendido por elementos de distintas corporaciones.<\/p>\n<p class=\"MsoNormal\">Cabe recordar que el pasado martes, un accidente de un cami\u00f3n carga que transportaba productos de cer\u00e1mica tambi\u00e9n se suscit\u00f3 durante las primeras horas del d\u00eda, dejando un saldo de da\u00f1os materiales y una persona sin vida.<\/p>\n<p class=\"MsoNormal\">Se trataba del conductor del tractocami\u00f3n, quien qued\u00f3 prensado al interior de la unidad que se volc\u00f3 en el mismo tramo carretero, a la altura del entronque con San Pedro El Saucito.<\/p>\n<p class=\"MsoNormal\">El accidente se registr\u00f3 alrededor de las 5:40 horas, cuando el conductor perdi\u00f3 el control de la unidad y se subi\u00f3 al camell\u00f3n de norte a sur, terminando por volcar e impactar contra un anuncio, quedando obstruida la circulaci\u00f3n por la vialidad durante varios minutos.<\/p>\n<p class=\"MsoNormal\">Como primeros respondientes a la emergencia, acudi\u00f3 personal de Caminos y Puentes Federales (Capufe), quien buscaba establecer contacto con el conductor, aunque se percataron que ya no contaba con signos vitales.<\/p>\n<p class=\"MsoNormal\">Para rescatar el cuerpo del hombre, personal de Bomberos de Hermosillo lleg\u00f3 al sitio con maquinaria hidr\u00e1ulica para cortar los fierros retorcidos que manten\u00edan prensado al hoy occiso, mientras que la mercanc\u00eda transportada qued\u00f3 esparcida por todos los carriles.<\/p>\n","protected":false},"excerpt":{"rendered":"<p>Por segundo d\u00eda consecutivo se registr\u00f3 otro volcamiento en la salida norte de Hermosillo; el cami\u00f3n llevaba sand\u00edas.<\/p>\n","protected":false},"author":1,"featured_media":1585,"comment_status":"open","ping_status":"open","sticky":false,"template":"","format":"standard","meta":{"footnotes":""},"categories":[32],"tags":[],"class_list":["post-1584","post","type-post","status-publish","format-standard","has-post-thumbnail","hentry","category-policiaca"],"_links":{"self":[{"href":"https:\/\/elreporterodelacomunidad.com\/index.php\/wp-json\/wp\/v2\/posts\/1584","targetHints":{"allow":["GET"]}}],"collection":[{"href":"https:\/\/elreporterodelacomunidad.com\/index.php\/wp-json\/wp\/v2\/posts"}],"about":[{"href":"https:\/\/elreporterodelacomunidad.com\/index.php\/wp-json\/wp\/v2\/types\/post"}],"author":[{"embeddable":true,"href":"https:\/\/elreporterodelacomunidad.com\/index.php\/wp-json\/wp\/v2\/users\/1"}],"replies":[{"embeddable":true,"href":"https:\/\/elreporterodelacomunidad.com\/index.php\/wp-json\/wp\/v2\/comments?post=1584"}],"version-history":[{"count":0,"href":"https:\/\/elreporterodelacomunidad.com\/index.php\/wp-json\/wp\/v2\/posts\/1584\/revisions"}],"wp:featuredmedia":[{"embeddable":true,"href":"https:\/\/elreporterodelacomunidad.com\/index.php\/wp-json\/wp\/v2\/media\/1585"}],"wp:attachment":[{"href":"https:\/\/elreporterodelacomunidad.com\/index.php\/wp-json\/wp\/v2\/media?parent=1584"}],"wp:term":[{"taxonomy":"category","embeddable":true,"href":"https:\/\/elreporterodelacomunidad.com\/index.php\/wp-json\/wp\/v2\/categories?post=1584"},{"taxonomy":"post_tag","embeddable":true,"href":"https:\/\/elreporterodelacomunidad.com\/index.php\/wp-json\/wp\/v2\/tags?post=1584"}],"curies":[{"name":"wp","href":"https:\/\/api.w.org\/{rel}","templated":true}]}}