{"id":1570,"date":"2024-03-27T00:00:00","date_gmt":"2024-03-27T07:00:00","guid":{"rendered":"https:\/\/elreporterodelacomunidad.com\/index.php\/2024\/03\/27\/demandan-a-mexicana-de-aviacion-en-eu-por-838-mdd-reportan\/"},"modified":"2024-03-27T00:00:00","modified_gmt":"2024-03-27T07:00:00","slug":"demandan-a-mexicana-de-aviacion-en-eu-por-838-mdd-reportan","status":"publish","type":"post","link":"https:\/\/elreporterodelacomunidad.com\/index.php\/2024\/03\/27\/demandan-a-mexicana-de-aviacion-en-eu-por-838-mdd-reportan\/","title":{"rendered":"Demandan a Mexicana de Aviaci\u00f3n en EU por 838 mdd, reportan"},"content":{"rendered":"<p class=\"MsoNormal\">SAT Aero Holdings present\u00f3 este mi\u00e9rcoles una demanda ante un tribunal federal en Nueva York en contra de Mexicana, aerol\u00ednea del Estado mexicano, reclamando el pago de da\u00f1os y perjuicios por m\u00e1s de 800 millones de d\u00f3lares, inform\u00f3 la agencia Bloomberg.<\/p>\n<p class=\"MsoNormal\">\n<p class=\"MsoNormal\">La empresa demandante, antes conocida como Petrus Aero Holdings, fue contratada por el gobierno para que gestionara el arrendamiento de aviones y contratar tripulaciones. En la querella reclama la falta de cooperaci\u00f3n de Mexicana, lo que ha puesto en peligro su viabilidad.<\/p>\n<p class=\"MsoNormal\">A detalle, SAT Aero Holdings solicita el pago de da\u00f1os y perjuicios por el monto total de su contrato, que es de 838.5 millones de d\u00f3lares, m\u00e1s 2.4 millones de d\u00f3lares en costos, inform\u00f3 la agencia de noticias.<\/p>\n<p class=\"MsoNormal\">Argument\u00f3 que Mexicana incumpli\u00f3 el acuerdo al no pagar alrededor de 5.5 millones de d\u00f3lares en dep\u00f3sitos para arrendar los dos primeros de 10 aviones.<\/p>\n<p class=\"MsoNormal\">Tras empezar a volar el 26 de diciembre del a\u00f1o pasado, Mexicana realiz\u00f3 en enero 160 vuelos en los cuales transport\u00f3 a 12 mil 424 pasajeros, de acuerdo con cifras de la Agencia Federal de Aviaci\u00f3n Civil (AFAC).<\/p>\n<p class=\"MsoNormal\">Lo anterior significa que su flota vol\u00f3 en el primer mes del a\u00f1o con un promedio de 77 pasajeros por avi\u00f3n, a 43% de capacidad de los Boeing 737-800 que pueden transportar hasta a 180 personas.<\/p>\n<p class=\"MsoNormal\">EL UNIVERSAL ha dado a conocer incidencias como vuelos en donde viaja un solo pasajero, que no se puede imprimir el pase de abordar desde la p\u00e1gina de internet, que las personas llegan al Aeropuerto Internacional Felipe \u00c1ngeles (AIFA) y no hay personal en el mostrador que los oriente.<\/p>\n<p class=\"MsoNormal\">Otras situaciones son que la p\u00e1gina de internet de Mexicana suele presentar fallas, adem\u00e1s de que inici\u00f3 operaciones ofreciendo varias rutas que despu\u00e9s se cancelaron y hubo que reembolsar los boletos ya reservados.<\/p>\n<p class=\"MsoNormal\">Durante el inicio de operaciones de Mexicana, el pasado 26 de diciembre, el vuelo inaugural que deb\u00eda aterrizar en el nuevo aeropuerto de Tulum no iba lleno, pues hubo s\u00f3lo 147 pasajeros de los 180 que caben en el avi\u00f3n. Al final, aterriz\u00f3 en M\u00e9rida, no en Tulum, debido a un banco de niebla.<\/p>\n<p class=\"MsoNormal\">Mexicana vuela actualmente a 17 destinos: Acapulco, Campeche, Chetumal, Ciudad Victoria, Guadalajara, Ixtepec, Ixtapa Zihuatanejo, M\u00e9rida, Monterrey, Mazatl\u00e1n, Nuevo Laredo, Palenque, Puerto Vallarta, Tijuana, Tulum, Uruapan y Villahermosa.<\/p>\n","protected":false},"excerpt":{"rendered":"<p>La empresa argument\u00f3 que Mexicana incumpli\u00f3 el acuerdo al no pagar alrededor de 5.5 millones de d\u00f3lares en dep\u00f3sitos para arrendar los dos primeros de 10 aviones.<\/p>\n","protected":false},"author":1,"featured_media":1571,"comment_status":"open","ping_status":"open","sticky":false,"template":"","format":"standard","meta":{"footnotes":""},"categories":[29],"tags":[],"class_list":["post-1570","post","type-post","status-publish","format-standard","has-post-thumbnail","hentry","category-principalsecundaria"],"_links":{"self":[{"href":"https:\/\/elreporterodelacomunidad.com\/index.php\/wp-json\/wp\/v2\/posts\/1570","targetHints":{"allow":["GET"]}}],"collection":[{"href":"https:\/\/elreporterodelacomunidad.com\/index.php\/wp-json\/wp\/v2\/posts"}],"about":[{"href":"https:\/\/elreporterodelacomunidad.com\/index.php\/wp-json\/wp\/v2\/types\/post"}],"author":[{"embeddable":true,"href":"https:\/\/elreporterodelacomunidad.com\/index.php\/wp-json\/wp\/v2\/users\/1"}],"replies":[{"embeddable":true,"href":"https:\/\/elreporterodelacomunidad.com\/index.php\/wp-json\/wp\/v2\/comments?post=1570"}],"version-history":[{"count":0,"href":"https:\/\/elreporterodelacomunidad.com\/index.php\/wp-json\/wp\/v2\/posts\/1570\/revisions"}],"wp:featuredmedia":[{"embeddable":true,"href":"https:\/\/elreporterodelacomunidad.com\/index.php\/wp-json\/wp\/v2\/media\/1571"}],"wp:attachment":[{"href":"https:\/\/elreporterodelacomunidad.com\/index.php\/wp-json\/wp\/v2\/media?parent=1570"}],"wp:term":[{"taxonomy":"category","embeddable":true,"href":"https:\/\/elreporterodelacomunidad.com\/index.php\/wp-json\/wp\/v2\/categories?post=1570"},{"taxonomy":"post_tag","embeddable":true,"href":"https:\/\/elreporterodelacomunidad.com\/index.php\/wp-json\/wp\/v2\/tags?post=1570"}],"curies":[{"name":"wp","href":"https:\/\/api.w.org\/{rel}","templated":true}]}}